{"id":2064,"date":"2012-09-14T17:12:00","date_gmt":"2012-09-14T14:12:00","guid":{"rendered":"https:\/\/www.enerjigazetesi.ist\/?p=2064"},"modified":"2012-09-14T17:17:02","modified_gmt":"2012-09-14T14:17:02","slug":"once-gaza-sonra-elektrige-zam-gorundu","status":"publish","type":"post","link":"https:\/\/www.enerjigazetesi.ist\/en\/once-gaza-sonra-elektrige-zam-gorundu\/","title":{"rendered":"(Turkish) \u00d6nce Gaza, Sonra Elektri\u011fe Zam G\u00f6r\u00fcnd\u00fc"},"content":{"rendered":"<p class=\"qtranxs-available-languages-message qtranxs-available-languages-message-en\">Sorry, this entry is only available in <a href=\"https:\/\/www.enerjigazetesi.ist\/tr\/wp-json\/wp\/v2\/posts\/2064\" class=\"qtranxs-available-language-link qtranxs-available-language-link-tr\" title=\"Turkish\">Turkish<\/a>. For the sake of viewer convenience, the content is shown below in the alternative language. You may click the link to switch the active language.<\/p><p><\/p>\n<h2>Bota\u015f&#8217;\u0131n mali yap\u0131s\u0131n\u0131 d\u00fczeltme gere\u011fi ve maliyet art\u0131\u015f\u0131 nedeniyle do\u011falgaza Ekim&#8217;de y\u00fczde 10-15 zam gelebilece\u011fi belirtiliyor. Do\u011falgaza yap\u0131lacak zamm\u0131n elektrik fiyatlar\u0131na da yans\u0131mas\u0131 bekleniyor.<\/h2>\n<p>Enerji sekt\u00f6r\u00fc yetkilileri, Bota\u015f&#8217;\u0131n ald\u0131\u011f\u0131 fiyat\u0131n alt\u0131nda do\u011falgaz satmas\u0131 nedeniyle mali yap\u0131s\u0131ndaki bozulman\u0131n yan\u0131 s\u0131ra maliyet art\u0131\u015f\u0131na ba\u011fl\u0131 olarak Ekim ay\u0131ndan ge\u00e7erli olmak \u00fczere do\u011falgaza y\u00fczde 10-15 aral\u0131\u011f\u0131nda zam yap\u0131labilece\u011fini belirtiyorlar.<\/p>\n<p><img loading=\"lazy\" class=\"size-medium wp-image-2065 alignright\" title=\"once-gaza-sonra-elektrige-zam-gorundu-2627427\" src=\"https:\/\/www.enerjigazetesi.ist\/wp-content\/uploads\/2012\/09\/once-gaza-sonra-elektrige-zam-gorundu-2627427-300x168.jpg\" alt=\"\" width=\"300\" height=\"168\" srcset=\"https:\/\/www.enerjigazetesi.ist\/wp-content\/uploads\/2012\/09\/once-gaza-sonra-elektrige-zam-gorundu-2627427-300x168.jpg 300w, https:\/\/www.enerjigazetesi.ist\/wp-content\/uploads\/2012\/09\/once-gaza-sonra-elektrige-zam-gorundu-2627427-500x280.jpg 500w, https:\/\/www.enerjigazetesi.ist\/wp-content\/uploads\/2012\/09\/once-gaza-sonra-elektrige-zam-gorundu-2627427-80x44.jpg 80w, https:\/\/www.enerjigazetesi.ist\/wp-content\/uploads\/2012\/09\/once-gaza-sonra-elektrige-zam-gorundu-2627427.jpg 606w\" sizes=\"(max-width: 300px) 100vw, 300px\" \/><\/p>\n<p>Reuters&#8217;a bilgi veren bir yetkili, Bota\u015f&#8217;\u0131n 2011 y\u0131l\u0131nda 1.3 milyar lira zarar etti\u011fini ve bu y\u0131l zarar etmesinin <span><strong>y\u00fcksek<\/strong><\/span> ihtimal oldu\u011funu kaydederek, &#8220;Bota\u015f&#8217;\u0131n ald\u0131\u011f\u0131 gaz\u0131 daha d\u00fc\u015f\u00fck fiyattan satmas\u0131n\u0131n bir maliyeti var. Birka\u00e7 kamu kurumu da y\u00fczde 10&#8217;dan az olmamak \u00fczere do\u011falgaza zam yap\u0131lmas\u0131n\u0131 talep ediyor. Ekonomi y\u00f6netimi son durumu de\u011ferlendirecek, talep daha y\u00fcksek de olsa do\u011falgaza y\u00fczde 10-15 aral\u0131\u011f\u0131nda zam yap\u0131labilir&#8221; dedi. En son 1 Nisan&#8217;da elektrik fiyatlar\u0131na y\u00fczde 8.1, do\u011falgaz fiyatlar\u0131na da y\u00fczde 18.72 zam yap\u0131lm\u0131\u015ft\u0131.<\/p>\n<p>Maliye Bakan\u0131 Mehmet \u015eim\u015fek de ge\u00e7ti\u011fimiz g\u00fcnlerde yapt\u0131\u011f\u0131 a\u00e7\u0131klamada, Bota\u015f&#8217;\u0131n maliyetinin alt\u0131nda do\u011falgaz satmas\u0131n\u0131n b\u00fct\u00e7eyi olumsuz etkileyen unsurlardan biri oldu\u011funu s\u00f6ylemi\u015fti. Bir sekt\u00f6r yetkilisi, do\u011falgaza talebin her ge\u00e7en g\u00fcn artt\u0131\u011f\u0131n\u0131 ve baz\u0131 illere y\u00f6nelik yeni da\u011f\u0131t\u0131m ihalelerinin a\u00e7\u0131laca\u011f\u0131n\u0131 belirterek, &#8220;Halen gaza talep \u00e7ok y\u00fcksek ve kar\u015f\u0131lamakta zorluk \u00e7ekiliyor. K\u0131\u015f aylar\u0131, ge\u00e7en y\u0131l oldu\u011fu gibi yine \u00e7ok zor ge\u00e7ecek. Yap\u0131lacak bir miktar zam do\u011falgaz talebinin d\u00fc\u015fmesine de katk\u0131 sa\u011flar&#8221; dedi. Rusya, \u0130ran ve Azerbaycan&#8217;dan do\u011falgaz, Cezayir ve Nijerya&#8217;dan da LNG ithal eden T\u00fcrkiye, artan talebi kar\u015f\u0131lamak i\u00e7in arz \u00e7e\u015fitlili\u011fine gitmeye \u00e7al\u0131\u015f\u0131yor.<\/p>\n<p><strong>&#8216;Y\u00dcZDE 40&#8217;I A\u015eACAK ZAM GEREKL\u0130&#8217; <\/strong><\/p>\n<p>T\u00fcrkiye&#8217;nin do\u011falgaz t\u00fcketiminin bu y\u0131l 48.5 milyar metrek\u00fcp olmas\u0131 \u00f6ng\u00f6r\u00fcl\u00fcyor. T\u00fcrkiye ge\u00e7en y\u0131l \u0130ran&#8217;\u0131n yan\u0131 s\u0131ra ar\u0131za nedeniyle Azerbaycan&#8217;dan da gaz \u00e7eki\u015finde sorun ya\u015fay\u0131nca spot piyasadan LNG alm\u0131\u015ft\u0131. Bu da maliyetlerin artmas\u0131na neden olmu\u015f ve Enerji Bakan\u0131 Taner Y\u0131ld\u0131z baz\u0131 illere bu y\u0131l s\u0131kla\u015ft\u0131r\u0131lm\u0131\u015f gaz vereceklerini a\u00e7\u0131klam\u0131\u015ft\u0131. Bir enerji sekt\u00f6r\u00fc yetkilisi de, Bota\u015f&#8217;\u0131n y\u00fczde 40&#8217;\u0131 a\u015facak bir zamma ihtiyac\u0131 oldu\u011funu belirterek, yap\u0131lacak zamm\u0131n t\u00fcketicileri do\u011falgaz kullan\u0131m\u0131ndan uzakla\u015ft\u0131rmayacak d\u00fczeyde belirlenmesinin \u00e7ok \u00f6nemli oldu\u011funun alt\u0131n\u0131 \u00e7izdi. Birka\u00e7 y\u0131l \u00f6nce k\u0131\u015f aylar\u0131na girerken yap\u0131lan zam nedeniyle t\u00fcketimde ciddi d\u00fc\u015f\u00fc\u015f olmu\u015f, ard\u0131ndan do\u011falgaz fiyatlar\u0131nda y\u00fcksek oranl\u0131 bir indirime gidilmi\u015fti. \u00d6te yandan, Bota\u015f&#8217;\u0131n do\u011falgaz anla\u015fmalar\u0131nda al ya da \u00f6de y\u00fck\u00fcml\u00fcl\u00fc\u011f\u00fc bulunuyor. Buna g\u00f6re, T\u00fcrkiye&#8217;nin anla\u015fmadaki miktarlar\u0131n alt\u0131nda gaz \u00e7eki\u015fi yapmas\u0131 durumunda, eksik ald\u0131\u011f\u0131 gaz\u0131n toplam fiyat\u0131 kadar \u00f6demeyi yapmak zorunda kal\u0131yor.<\/p>\n<p><strong>ERDO\u011eAN SICAK BAKMIYOR<\/strong><\/p>\n<p>Bir ekonomi yetkilisi, otomatik fiyatland\u0131rma mekanizmas\u0131n\u0131n son birka\u00e7 y\u0131ld\u0131r uygulanm\u0131yor olmas\u0131 nedeniyle enerji K\u0130T&#8217;lerinin mali durumunun k\u00f6t\u00fcle\u015fti\u011finin alt\u0131n\u0131 \u00e7izerek, hedeflerin tutmayaca\u011f\u0131 2012 y\u0131l\u0131 b\u00fct\u00e7esi i\u00e7in al\u0131nacak \u00f6nlemler kapsam\u0131nda do\u011falgaza zam yap\u0131lmas\u0131n\u0131n en g\u00fc\u00e7l\u00fc se\u00e7eneklerden biri oldu\u011funu s\u00f6yledi. Ayn\u0131 yetkili, do\u011falgazda fiyat art\u0131\u015f\u0131nda son karar\u0131 verecek olan Ba\u015fbakan Tayyip Erdo\u011fan&#8217;\u0131n kitleleri ilgilendiren bu t\u00fcr zamlara \u00e7ok s\u0131cak bakmad\u0131\u011f\u0131n\u0131, bu konuda siyasi tercihlerin belirleyici olaca\u011f\u0131n\u0131 vurgulad\u0131.<\/p>\n<p><strong>SIRA ELEKTR\u0130\u011eE GELECEK<\/strong><\/p>\n<p>Do\u011falgaza yap\u0131lacak zamm\u0131n birka\u00e7 puan d\u00fc\u015f\u00fck de olsa elektrik fiyatlar\u0131na da yans\u0131mas\u0131 bekleniyor. T\u00fcrkiye&#8217;de elektrik \u00fcretiminin yakla\u015f\u0131k yar\u0131s\u0131 do\u011falgaz ile ger\u00e7ekle\u015ftiriliyor.<\/p>\n<p>Kaynak: <a href=\"http:\/\/ekonomi.milliyet.com.tr\/once-gaza-sonra-elektrige-zam-gorundu\/ekonomi\/ekonomidetay\/14.09.2012\/1596216\/default.htm\" target=\"_blank\">Milliyet<\/a><\/p>","protected":false},"excerpt":{"rendered":"<p>Sorry, this entry is only available in Turkish. For the sake of viewer convenience, the content is shown below in the alternative language. You may click the link to switch the active language. Bota\u015f&#8217;\u0131n mali yap\u0131s\u0131n\u0131 d\u00fczeltme gere\u011fi ve maliyet art\u0131\u015f\u0131 nedeniyle do\u011falgaza Ekim&#8217;de y\u00fczde 10-15 zam gelebilece\u011fi belirtiliyor. Do\u011falgaza yap\u0131lacak zamm\u0131n elektrik fiyatlar\u0131na da [&hellip;]<\/p>\n","protected":false},"author":1,"featured_media":2068,"comment_status":"open","ping_status":"open","sticky":false,"template":"","format":"standard","meta":[],"categories":[46,51,53],"tags":[],"views":446,"_links":{"self":[{"href":"https:\/\/www.enerjigazetesi.ist\/en\/wp-json\/wp\/v2\/posts\/2064"}],"collection":[{"href":"https:\/\/www.enerjigazetesi.ist\/en\/wp-json\/wp\/v2\/posts"}],"about":[{"href":"https:\/\/www.enerjigazetesi.ist\/en\/wp-json\/wp\/v2\/types\/post"}],"author":[{"embeddable":true,"href":"https:\/\/www.enerjigazetesi.ist\/en\/wp-json\/wp\/v2\/users\/1"}],"replies":[{"embeddable":true,"href":"https:\/\/www.enerjigazetesi.ist\/en\/wp-json\/wp\/v2\/comments?post=2064"}],"version-history":[{"count":4,"href":"https:\/\/www.enerjigazetesi.ist\/en\/wp-json\/wp\/v2\/posts\/2064\/revisions"}],"predecessor-version":[{"id":2071,"href":"https:\/\/www.enerjigazetesi.ist\/en\/wp-json\/wp\/v2\/posts\/2064\/revisions\/2071"}],"wp:featuredmedia":[{"embeddable":true,"href":"https:\/\/www.enerjigazetesi.ist\/en\/wp-json\/wp\/v2\/media\/2068"}],"wp:attachment":[{"href":"https:\/\/www.enerjigazetesi.ist\/en\/wp-json\/wp\/v2\/media?parent=2064"}],"wp:term":[{"taxonomy":"category","embeddable":true,"href":"https:\/\/www.enerjigazetesi.ist\/en\/wp-json\/wp\/v2\/categories?post=2064"},{"taxonomy":"post_tag","embeddable":true,"href":"https:\/\/www.enerjigazetesi.ist\/en\/wp-json\/wp\/v2\/tags?post=2064"}],"curies":[{"name":"wp","href":"https:\/\/api.w.org\/{rel}","templated":true}]}}