{"id":20631,"date":"2014-01-09T15:28:33","date_gmt":"2014-01-09T12:28:33","guid":{"rendered":"https:\/\/www.enerjigazetesi.ist\/?p=20631"},"modified":"2014-01-09T15:28:33","modified_gmt":"2014-01-09T12:28:33","slug":"dogalgazda-borclu-abone-sayisi-artiyor-sirketler-vanayi-kapatacak","status":"publish","type":"post","link":"https:\/\/www.enerjigazetesi.ist\/en\/dogalgazda-borclu-abone-sayisi-artiyor-sirketler-vanayi-kapatacak\/","title":{"rendered":"(Turkish) Do\u011falgazda Bor\u00e7lu Abone Say\u0131s\u0131 Art\u0131yor, \u015eirketler Vanay\u0131 Kapatacak&#8230;"},"content":{"rendered":"<p class=\"qtranxs-available-languages-message qtranxs-available-languages-message-en\">Sorry, this entry is only available in <a href=\"https:\/\/www.enerjigazetesi.ist\/tr\/wp-json\/wp\/v2\/posts\/20631\" class=\"qtranxs-available-language-link qtranxs-available-language-link-tr\" title=\"Turkish\">Turkish<\/a>. For the sake of viewer convenience, the content is shown below in the alternative language. You may click the link to switch the active language.<\/p><p><strong>Do\u011falgazda son d\u00f6nemde faturas\u0131n\u0131 \u00f6demeyen abone say\u0131s\u0131n\u0131n artmaya ba\u015flamas\u0131 \u00fczerine sekt\u00f6r, Enerji Piyasas\u0131 D\u00fczenleme Kurumu\u2019nun (EPD<a href=\"https:\/\/www.enerjigazetesi.ist\/wp-content\/uploads\/2014\/01\/dogalgazda-borclu-abone-sayisi-artiyor-sirketler-vanayi-kapatacak.jpg\"><img loading=\"lazy\" class=\"alignleft size-medium wp-image-20632\" title=\"dogalgazda-borclu-abone-sayisi-artiyor-sirketler-vanayi-kapatacak\" src=\"https:\/\/www.enerjigazetesi.ist\/wp-content\/uploads\/2014\/01\/dogalgazda-borclu-abone-sayisi-artiyor-sirketler-vanayi-kapatacak-300x202.jpg\" alt=\"\" width=\"300\" height=\"202\" srcset=\"https:\/\/www.enerjigazetesi.ist\/wp-content\/uploads\/2014\/01\/dogalgazda-borclu-abone-sayisi-artiyor-sirketler-vanayi-kapatacak-300x202.jpg 300w, https:\/\/www.enerjigazetesi.ist\/wp-content\/uploads\/2014\/01\/dogalgazda-borclu-abone-sayisi-artiyor-sirketler-vanayi-kapatacak-74x50.jpg 74w, https:\/\/www.enerjigazetesi.ist\/wp-content\/uploads\/2014\/01\/dogalgazda-borclu-abone-sayisi-artiyor-sirketler-vanayi-kapatacak.jpg 411w\" sizes=\"(max-width: 300px) 100vw, 300px\" \/><\/a>K) kap\u0131s\u0131n\u0131 \u00e7ald\u0131. Baz\u0131 \u015fehiri\u00e7i da\u011f\u0131t\u0131m \u015firketleri, \u201cFaturas\u0131n\u0131 \u00f6demeyen abonenin gaz\u0131n\u0131 kesece\u011fiz\u201d hat\u0131rlatmas\u0131 yapt\u0131. EPDK ise da\u011f\u0131t\u0131m \u015firketlerine \u201cMevzuatta \u00f6ng\u00f6r\u00fclen uyar\u0131lar yap\u0131ls\u0131n. Buna ra\u011fmen \u00f6deme yap\u0131lm\u0131yorsa aboneye gaz ak\u0131\u015f\u0131 kesilsin.\u201d vizesi verdi.<\/strong><\/p>\n<p>T\u00fcrkiye\u2019de 72 ilde toplam 10 milyon dolay\u0131nda abone do\u011falgaz kullan\u0131yor. T\u00fcrkiye\u2019de y\u0131lda 46-47 milyar metrek\u00fcp do\u011falgaz t\u00fcketiyor. Bunun y\u00fczde 25\u2019lik b\u00f6l\u00fcm\u00fc konutlara ait. Konutlarda, do\u011falgaz\u0131n daha da yayg\u0131nla\u015ft\u0131r\u0131lmas\u0131 i\u00e7in \u00e7al\u0131\u015fmalar s\u00fcr\u00fcyor. Bu kapsamda do\u011falgaz arz\u0131 sa\u011flanamam\u0131\u015f il\u00e7elere kamu olarak do\u011falgaz g\u00f6t\u00fcr\u00fclmesiyle ilgili Bakanlar Kurulu karar\u0131 al\u0131nd\u0131. H\u00fck\u00fcmetin, 6 ay i\u00e7inde gerekli ko\u015fullar\u0131 ta\u015f\u0131yan il\u00e7elere do\u011falgaz g\u00f6t\u00fcrmek i\u00e7in ald\u0131\u011f\u0131 karar, 31 Aral\u0131k 2013\u2019te doldu. \u015eu ana kadar 9 il\u00e7e ba\u015fvurdu. Yeni bir kararla bu s\u00fcre, haziran ay\u0131 sonuna kadar uzat\u0131ld\u0131.<\/p>\n<p><strong>Haberin <a href=\"http:\/\/www.zaman.com.tr\/ekonomi_dogalgazda-borclar-artiyor-sirketler-vanayi-kapatacak_2192346.html\" target=\"_blank\">Devam\u0131 \u0130\u00e7in TIKLAYIN&gt;&gt;<\/a><\/strong><\/p>\n<p>Kaynak: Zaman<\/p>","protected":false},"excerpt":{"rendered":"<p>Sorry, this entry is only available in Turkish. For the sake of viewer convenience, the content is shown below in the alternative language. You may click the link to switch the active language.Do\u011falgazda son d\u00f6nemde faturas\u0131n\u0131 \u00f6demeyen abone say\u0131s\u0131n\u0131n artmaya ba\u015flamas\u0131 \u00fczerine sekt\u00f6r, Enerji Piyasas\u0131 D\u00fczenleme Kurumu\u2019nun (EPDK) kap\u0131s\u0131n\u0131 \u00e7ald\u0131. Baz\u0131 \u015fehiri\u00e7i da\u011f\u0131t\u0131m \u015firketleri, \u201cFaturas\u0131n\u0131 [&hellip;]<\/p>\n","protected":false},"author":1,"featured_media":20632,"comment_status":"open","ping_status":"open","sticky":false,"template":"","format":"standard","meta":[],"categories":[46,53],"tags":[92,226,11966,63,67,1009,1046,165,750],"views":605,"_links":{"self":[{"href":"https:\/\/www.enerjigazetesi.ist\/en\/wp-json\/wp\/v2\/posts\/20631"}],"collection":[{"href":"https:\/\/www.enerjigazetesi.ist\/en\/wp-json\/wp\/v2\/posts"}],"about":[{"href":"https:\/\/www.enerjigazetesi.ist\/en\/wp-json\/wp\/v2\/types\/post"}],"author":[{"embeddable":true,"href":"https:\/\/www.enerjigazetesi.ist\/en\/wp-json\/wp\/v2\/users\/1"}],"replies":[{"embeddable":true,"href":"https:\/\/www.enerjigazetesi.ist\/en\/wp-json\/wp\/v2\/comments?post=20631"}],"version-history":[{"count":2,"href":"https:\/\/www.enerjigazetesi.ist\/en\/wp-json\/wp\/v2\/posts\/20631\/revisions"}],"predecessor-version":[{"id":20634,"href":"https:\/\/www.enerjigazetesi.ist\/en\/wp-json\/wp\/v2\/posts\/20631\/revisions\/20634"}],"wp:featuredmedia":[{"embeddable":true,"href":"https:\/\/www.enerjigazetesi.ist\/en\/wp-json\/wp\/v2\/media\/20632"}],"wp:attachment":[{"href":"https:\/\/www.enerjigazetesi.ist\/en\/wp-json\/wp\/v2\/media?parent=20631"}],"wp:term":[{"taxonomy":"category","embeddable":true,"href":"https:\/\/www.enerjigazetesi.ist\/en\/wp-json\/wp\/v2\/categories?post=20631"},{"taxonomy":"post_tag","embeddable":true,"href":"https:\/\/www.enerjigazetesi.ist\/en\/wp-json\/wp\/v2\/tags?post=20631"}],"curies":[{"name":"wp","href":"https:\/\/api.w.org\/{rel}","templated":true}]}}