{"id":20593,"date":"2014-01-09T10:23:55","date_gmt":"2014-01-09T07:23:55","guid":{"rendered":"https:\/\/www.enerjigazetesi.ist\/?p=20593"},"modified":"2014-01-09T10:23:55","modified_gmt":"2014-01-09T07:23:55","slug":"almanya-ekonomi-bakani-pahali-yenilenebilir-enerji-sanayi-icin-tehdit","status":"publish","type":"post","link":"https:\/\/www.enerjigazetesi.ist\/en\/almanya-ekonomi-bakani-pahali-yenilenebilir-enerji-sanayi-icin-tehdit\/","title":{"rendered":"(Turkish) Almanya Ekonomi Bakan\u0131: \u2018Pahal\u0131 Yenilenebilir Enerji Sanayi \u0130\u00e7in Tehdit &#8230;\u2019"},"content":{"rendered":"<p class=\"qtranxs-available-languages-message qtranxs-available-languages-message-en\">Sorry, this entry is only available in <a href=\"https:\/\/www.enerjigazetesi.ist\/tr\/wp-json\/wp\/v2\/posts\/20593\" class=\"qtranxs-available-language-link qtranxs-available-language-link-tr\" title=\"Turkish\">Turkish<\/a>. For the sake of viewer convenience, the content is shown below in the alternative language. You may click the link to switch the active language.<\/p><p><strong>Almanya Ekonomi Bakan\u0131, d\u00fc\u015f\u00fck karbon sal\u0131n\u0131ml\u0131 yak\u0131tlara ge\u00e7i\u015f konusunda kararl\u0131 olduklar\u0131n\u0131 s\u00f6ylemekle birlikte b\u00fcy\u00fck sanayi kurulu\u015flar\u0131n\u0131, yenilenebilir enerjinin getirdi\u011fi maliyetlerden korumamalar\u0131 halinde kaybedilebileceklerini s\u00f6yledi. Avrupa Komisyonu Aral\u0131k ay\u0131nda, Almanya\u2019n\u0131n a\u011f\u0131r sanayi kurulu\u015flar\u0131na yenilenebilir enerji i\u00e7in getirilen ek vergilerde sa\u011flad\u0131\u011f\u0131 indirim ve s\u00fcbvansiyonlar\u0131 incelemeye alaca\u011f\u0131n\u0131 a\u00e7\u0131klam\u0131\u015ft\u0131.<\/strong><\/p>\n<p>Bu da, zaten rekabet g\u00fcc\u00fcn\u00fc korumakta zorlanan sanayiciler aras\u0131nda, maliyetlerin artaca\u011f\u0131 endi\u015fesi yaratt\u0131. Soru\u015fturma ayn\u0131 zamanda, Almanya\u2019n\u0131n yenilenebilir enerjiye ge\u00e7i\u015finin tehlikede oldu\u011funu s\u00f6yleyen \u00e7evrecileri de endi\u015felendirdi.<\/p>\n<p>Komisyon yetkilileriyle g\u00f6r\u00fc\u015fmek i\u00e7in Br\u00fcksel\u2019i ziyaret eden Sosyal Demokrat Ekonomi Bakan\u0131 Sigmar Gabriel, \u2018Almanya\u2019da enerji-yo\u011fun sanayinin \u00fczerine yenilenebilir enerji kanunu sebebiyle y\u00fck binmemesini sa\u011flamal\u0131y\u0131z. Aksi takdirde Almanya\u2019y\u0131 sanayiden ar\u0131nd\u0131rm\u0131\u015f oluruz. Avrupa\u2019n\u0131n Alm<a href=\"https:\/\/www.enerjigazetesi.ist\/wp-content\/uploads\/2014\/01\/almanya-ekonomi-bakani-pahali-yenilenebilir-enerji-sanayi-icin-tehdit.jpg\"><img loading=\"lazy\" class=\"alignleft size-medium wp-image-20594\" title=\"almanya-ekonomi-bakani-pahali-yenilenebilir-enerji-sanayi-icin-tehdit\" src=\"https:\/\/www.enerjigazetesi.ist\/wp-content\/uploads\/2014\/01\/almanya-ekonomi-bakani-pahali-yenilenebilir-enerji-sanayi-icin-tehdit-300x199.jpg\" alt=\"\" width=\"300\" height=\"199\" srcset=\"https:\/\/www.enerjigazetesi.ist\/wp-content\/uploads\/2014\/01\/almanya-ekonomi-bakani-pahali-yenilenebilir-enerji-sanayi-icin-tehdit-300x199.jpg 300w, https:\/\/www.enerjigazetesi.ist\/wp-content\/uploads\/2014\/01\/almanya-ekonomi-bakani-pahali-yenilenebilir-enerji-sanayi-icin-tehdit-500x332.jpg 500w, https:\/\/www.enerjigazetesi.ist\/wp-content\/uploads\/2014\/01\/almanya-ekonomi-bakani-pahali-yenilenebilir-enerji-sanayi-icin-tehdit-75x50.jpg 75w, https:\/\/www.enerjigazetesi.ist\/wp-content\/uploads\/2014\/01\/almanya-ekonomi-bakani-pahali-yenilenebilir-enerji-sanayi-icin-tehdit.jpg 510w\" sizes=\"(max-width: 300px) 100vw, 300px\" \/><\/a>an sanayisine zarar vermekten bir \u00e7\u0131kar\u0131 olamaz\u2019 dedi.<\/p>\n<p>Avrupa Komisyonu, yo\u011fun bir \u015fekilde enerji kullanan sanayicilere tan\u0131nan vergi imtiyazlar\u0131n\u0131, bu vergileri \u00f6demek zorunda olanlar a\u00e7\u0131s\u0131ndan haks\u0131zl\u0131\u011fa yol a\u00e7t\u0131\u011f\u0131 gerek\u00e7esiyle soru\u015fturuyor.<\/p>\n<p>Br\u00fcksel\u2019deki yetkililer ayn\u0131 zamanda enerji ve \u00e7evre politikalar\u0131na dair daha geni\u015f bir tart\u0131\u015fma ba\u015flatm\u0131\u015f durumda ve bu ay, 2020 i\u00e7in ye\u015fil enerji hedeflerinin yerine ge\u00e7ecek 2030 hedeflerine ili\u015fkin bir rapor yay\u0131mlamalar\u0131 bekleniyor.<\/p>\n<p>Avrupa Birli\u011fi\u2019nin 2020 i\u00e7in bir yenilenebilir enerji ve bir de emisyon azaltma hedefi bulunuyor. Ancak \u0130ngiltere gibi baz\u0131 \u00fclkelerle Alman E.ON gibi baz\u0131 enerji firmalar\u0131, tek bir hedef belirlemenin daha etkili olaca\u011f\u0131n\u0131 s\u00f6yl\u00fcyor.<\/p>\n<p>\u0130ngiltere, karbondan ar\u0131nm\u0131\u015f n\u00fckleer enerji \u00fcretimini desteklemek i\u00e7in nispeten y\u00fcksek bir emisyon azalt\u0131m hedefine destek veriyor.<\/p>\n<p>Almanya ise n\u00fckleer enerjiden r\u00fczgar ve g\u00fcne\u015f gibi yenilenebilir enerji kaynaklar\u0131na ge\u00e7i\u015fine destek olmas\u0131 i\u00e7in bir yenilenebilir enerji hedefi konmas\u0131n\u0131 istiyor.<\/p>\n<p>Her ne kadar g\u00fc\u00e7l\u00fc bir karbon piyasas\u0131 bu ge\u00e7i\u015fe yard\u0131mc\u0131 olacak olsa da, Alman sanayiciler bunun maliyetleri art\u0131raca\u011f\u0131n\u0131 d\u00fc\u015f\u00fcnd\u00fc\u011f\u00fc i\u00e7in Berlin y\u00f6netimi ge\u00e7ti\u011fimiz y\u0131lki se\u00e7imlere kadar AB\u2019nin Emisyon Ticaret Sistemi\u2019nin (ETS) g\u00fc\u00e7lendirilmesine destek verememi\u015fti.<\/p>\n<p>Gabriel, \u2018Emisyon ticaretini tekrar ray\u0131na sokmal\u0131y\u0131z. Karbon izinleri ucuz olursa, k\u00f6m\u00fcr santralleri de modern do\u011falgaz santrallerinden daha ucuz olur. Bunu de\u011fi\u015ftirmeliyiz\u2019 dedi.<\/p>\n<p>Kaynak: <a href=\"http:\/\/enerjienstitusu.com\/2014\/01\/09\/almanya-ekonomi-bakani-pahali-yenilenebilir-enerji-sanayi-icin-tehdit-olusturuyor\/\" target=\"_blank\">Enerji Enstit\u00fcs\u00fc<\/a><\/p>","protected":false},"excerpt":{"rendered":"<p>Sorry, this entry is only available in Turkish. For the sake of viewer convenience, the content is shown below in the alternative language. You may click the link to switch the active language.Almanya Ekonomi Bakan\u0131, d\u00fc\u015f\u00fck karbon sal\u0131n\u0131ml\u0131 yak\u0131tlara ge\u00e7i\u015f konusunda kararl\u0131 olduklar\u0131n\u0131 s\u00f6ylemekle birlikte b\u00fcy\u00fck sanayi kurulu\u015flar\u0131n\u0131, yenilenebilir enerjinin getirdi\u011fi maliyetlerden korumamalar\u0131 halinde kaybedilebileceklerini [&hellip;]<\/p>\n","protected":false},"author":1,"featured_media":20594,"comment_status":"open","ping_status":"open","sticky":false,"template":"","format":"standard","meta":[],"categories":[53,49,50],"tags":[929,4595,63,67,1009,165,9053,227,13,69,16,105,10097],"views":660,"_links":{"self":[{"href":"https:\/\/www.enerjigazetesi.ist\/en\/wp-json\/wp\/v2\/posts\/20593"}],"collection":[{"href":"https:\/\/www.enerjigazetesi.ist\/en\/wp-json\/wp\/v2\/posts"}],"about":[{"href":"https:\/\/www.enerjigazetesi.ist\/en\/wp-json\/wp\/v2\/types\/post"}],"author":[{"embeddable":true,"href":"https:\/\/www.enerjigazetesi.ist\/en\/wp-json\/wp\/v2\/users\/1"}],"replies":[{"embeddable":true,"href":"https:\/\/www.enerjigazetesi.ist\/en\/wp-json\/wp\/v2\/comments?post=20593"}],"version-history":[{"count":1,"href":"https:\/\/www.enerjigazetesi.ist\/en\/wp-json\/wp\/v2\/posts\/20593\/revisions"}],"predecessor-version":[{"id":20595,"href":"https:\/\/www.enerjigazetesi.ist\/en\/wp-json\/wp\/v2\/posts\/20593\/revisions\/20595"}],"wp:featuredmedia":[{"embeddable":true,"href":"https:\/\/www.enerjigazetesi.ist\/en\/wp-json\/wp\/v2\/media\/20594"}],"wp:attachment":[{"href":"https:\/\/www.enerjigazetesi.ist\/en\/wp-json\/wp\/v2\/media?parent=20593"}],"wp:term":[{"taxonomy":"category","embeddable":true,"href":"https:\/\/www.enerjigazetesi.ist\/en\/wp-json\/wp\/v2\/categories?post=20593"},{"taxonomy":"post_tag","embeddable":true,"href":"https:\/\/www.enerjigazetesi.ist\/en\/wp-json\/wp\/v2\/tags?post=20593"}],"curies":[{"name":"wp","href":"https:\/\/api.w.org\/{rel}","templated":true}]}}