{"id":20562,"date":"2014-01-08T17:20:03","date_gmt":"2014-01-08T14:20:03","guid":{"rendered":"https:\/\/www.enerjigazetesi.ist\/?p=20562"},"modified":"2014-01-08T17:20:03","modified_gmt":"2014-01-08T14:20:03","slug":"sudan-devlet-baskani-guney-sudanda-petrolun-guvenligini-konustu","status":"publish","type":"post","link":"https:\/\/www.enerjigazetesi.ist\/en\/sudan-devlet-baskani-guney-sudanda-petrolun-guvenligini-konustu\/","title":{"rendered":"(Turkish) Sudan Devlet Ba\u015fkan\u0131 G\u00fcney Sudan\u2019da Petrol\u00fcn G\u00fcvenli\u011fini Konu\u015ftu!"},"content":{"rendered":"<p class=\"qtranxs-available-languages-message qtranxs-available-languages-message-en\">Sorry, this entry is only available in <a href=\"https:\/\/www.enerjigazetesi.ist\/tr\/wp-json\/wp\/v2\/posts\/20562\" class=\"qtranxs-available-language-link qtranxs-available-language-link-tr\" title=\"Turkish\">Turkish<\/a>. For the sake of viewer convenience, the content is shown below in the alternative language. You may click the link to switch the active language.<\/p><p><strong>Sudan Devlet Ba\u015fkan\u0131 El Be\u015fir G\u00fcney Sudan\u2019daki \u00e7at\u0131\u015fmalar \u00fczerine \u00fclkeye gitti ve G\u00fcney Sudanl\u0131 yetkililerle hem ya\u015fanan \u00e7at\u0131\u015fmalar i\u00e7in \u00e7\u00f6z\u00fcm yollar\u0131n\u0131 hem de \u00fclkedeki petrol kaynaklar\u0131n\u0131n ak\u0131betini konu\u015ftu. G\u00fcney Sudan\u2019da devam eden \u00e7at\u0131\u015fmalar Sudan\u2019\u0131 da endi\u015felendirmeye ba\u015flad\u0131. G\u00fcney Sudan ve Sudan ayr\u0131ld\u0131ktan sonra petrol \u00fczerinden devam eden ticaretlerinde bir gerileme olmad\u0131. \u0130ki \u00fclke devam eden petrol ticaretlerinin ya\u015fanan \u00e7at\u0131\u015fmalardan olumsuz etkilenmesini istemiyor.<\/strong><\/p>\n<p>G\u00fcney Sudan devlet ba\u015fkan\u0131yla g\u00f6r\u00fc\u015fmek i\u00e7in d\u00fcn \u00fclkeye hareket eden Sudan Devlet Ba\u015fkan\u0131 \u00d6mer El Be\u015fir, \u00fclkenin en b\u00fcy\u00fck sorunu olan \u00e7at\u0131\u015fmalar ve bunlar\u0131n mevcut petrol ticaretleri \u00fczerinde olabilecek muhtemel etkilerini g\u00f6r\u00fc\u015ft\u00fc.<\/p>\n<p>G\u00fcnye Sudan\u2019da devam eden i\u00e7 sava\u015fa \u00e7\u00f6z\u00fcm bulmak i\u00e7in taraflar ge\u00e7ti\u011fimiz hafta Etiyopya\u2019da bir araya geldi. G\u00f6r\u00fc\u015fmelerden herhangi bir sonu\u00e7 \u00e7\u0131kmad\u0131. Bunun \u00fczerine Sudan Devlet Ba\u015fkan\u0131 El Be\u015fir G\u00fcney Sudan\u2019a hareket etti.<\/p>\n<p>G\u00fcney Sudan\u2019da Devlet Ba\u015fkan<a href=\"https:\/\/www.enerjigazetesi.ist\/wp-content\/uploads\/2014\/01\/sudan-devlet-baskani-el-besir-guney-sudanda-petrolun-guvenligini-konustu.jpg\"><img loading=\"lazy\" class=\"alignleft size-medium wp-image-20563\" title=\"sudan-devlet-baskani-el-besir-guney-sudanda-petrolun-guvenligini-konustu\" src=\"https:\/\/www.enerjigazetesi.ist\/wp-content\/uploads\/2014\/01\/sudan-devlet-baskani-el-besir-guney-sudanda-petrolun-guvenligini-konustu-300x206.jpg\" alt=\"\" width=\"300\" height=\"206\" srcset=\"https:\/\/www.enerjigazetesi.ist\/wp-content\/uploads\/2014\/01\/sudan-devlet-baskani-el-besir-guney-sudanda-petrolun-guvenligini-konustu-300x206.jpg 300w, https:\/\/www.enerjigazetesi.ist\/wp-content\/uploads\/2014\/01\/sudan-devlet-baskani-el-besir-guney-sudanda-petrolun-guvenligini-konustu-72x50.jpg 72w, https:\/\/www.enerjigazetesi.ist\/wp-content\/uploads\/2014\/01\/sudan-devlet-baskani-el-besir-guney-sudanda-petrolun-guvenligini-konustu.jpg 412w\" sizes=\"(max-width: 300px) 100vw, 300px\" \/><\/a>\u0131 Salva Kiir taraftarlar\u0131 ve onun g\u00f6revden ald\u0131\u011f\u0131 devlet y\u00f6neticisi Riek Makar taraftarlar\u0131 aras\u0131nda 15 Aral\u0131k\u2019tan bu yana devam eden \u00e7at\u0131\u015fmalarda binden fazla insan hayat\u0131n\u0131 kaybetti.<\/p>\n<p>\u00dclkedeki \u00e7at\u0131\u015fmalar, Salva Kiir\u2019in Makar\u2019\u0131 darbe yapmak istedi\u011fi gerek\u00e7esiyle g\u00f6revden almas\u0131n\u0131n ard\u0131ndan ba\u015flam\u0131\u015ft\u0131. Makar bu iddialar\u0131 reddediyor. \u00dclkede ya\u015fanan \u00e7at\u0131\u015fmalar s\u0131ras\u0131nda 200 bin\u2019den fazla insan\u0131n evsiz kald\u0131\u011f\u0131 ifade ediliyor.<\/p>\n<p>\u00c7at\u0131\u015fmalar\u0131n etnik temele dayand\u0131\u011f\u0131 ifade ediliyor, Salva Kiir \u00fclkede \u00e7o\u011funlu\u011fu olu\u015fturan Dinka toplulu\u011funa, Makar\u2019sa Nuer toplulu\u011funa mensup. \u00c7at\u0131\u015fmalar\u0131n asl\u0131nda bu iki etnik grubun g\u00fc\u00e7 m\u00fccadelesi oldu\u011fu belirtiliyor.<\/p>\n<p>Amerika da \u00fclkede ya\u015fanan \u00e7at\u0131\u015fmalar\u0131n bir an \u00f6nce bitmesi ve taraflar\u0131n bir anla\u015fmaya varmas\u0131 gerekti\u011fini a\u00e7\u0131klad\u0131.<\/p>\n<p>Sudan Devlet Ba\u015fkan\u0131 \u00d6mer El Be\u015fir devlet televizyonuna yapt\u0131\u011f\u0131 a\u00e7\u0131klamada, G\u00fcney Sudan\u2019da ya\u015fanan krize bar\u0131\u015f\u00e7\u0131l bir \u00e7\u00f6z\u00fcm bulunmas\u0131 gerekti\u011fini, bunun i\u00e7in de ellerinden geleni yapacaklar\u0131n\u0131 belirtti.<\/p>\n<p>Do\u011fu Afrika Devletleri Otoritesi (IGAD) kurumu da G\u00fcney Sudan\u2019da ya\u015fanan sorunlar\u0131n \u00e7\u00f6z\u00fcm\u00fc i\u00e7in taraflar\u0131 itidale davet etti\u011fini a\u00e7\u0131klad\u0131.<\/p>\n<p>El Be\u015fir\u2019in a\u00e7\u0131klamas\u0131nda, Sudan\u2019\u0131n G\u00fcney Sudan\u2019a petrol ak\u0131\u015f\u0131n\u0131 durdurdu\u011fu iddias\u0131 da yalanland\u0131.<\/p>\n<p>G\u00fcney Sudan\u2019da ya\u015fanan \u00e7at\u0131\u015fmalarla ilgili olarak bir a\u00e7\u0131klama da \u00c7in\u2019den geldi. \u00c7inli yetkililer Frans\u0131z haber ajans\u0131 AFP\u2019ye yapt\u0131klar\u0131 a\u00e7\u0131klamada, G\u00fcney Sudan\u2019da ya\u015fanan \u00e7at\u0131\u015fmalar\u0131n ve \u015fiddet olaylar\u0131n\u0131n sona ermesi i\u00e7in uluslararas\u0131 arabuluculuk faliyetlerinin s\u00fcrd\u00fcr\u00fcld\u00fc\u011f\u00fc kaydedildi.<\/p>\n<p>Kaynak: <a href=\"http:\/\/enerjienstitusu.com\/2014\/01\/08\/sudan-devlet-baskani-el-besir-guney-sudanda-petrolun-guvenligini-konustu\/\" target=\"_blank\">Enerji Enstit\u00fcs\u00fc<\/a><\/p>","protected":false},"excerpt":{"rendered":"<p>Sorry, this entry is only available in Turkish. For the sake of viewer convenience, the content is shown below in the alternative language. You may click the link to switch the active language.Sudan Devlet Ba\u015fkan\u0131 El Be\u015fir G\u00fcney Sudan\u2019daki \u00e7at\u0131\u015fmalar \u00fczerine \u00fclkeye gitti ve G\u00fcney Sudanl\u0131 yetkililerle hem ya\u015fanan \u00e7at\u0131\u015fmalar i\u00e7in \u00e7\u00f6z\u00fcm yollar\u0131n\u0131 hem de [&hellip;]<\/p>\n","protected":false},"author":1,"featured_media":20563,"comment_status":"open","ping_status":"open","sticky":false,"template":"","format":"standard","meta":[],"categories":[53,44],"tags":[63,67,1009,165,11938,11939,59,79,4484,2470,11937],"views":909,"_links":{"self":[{"href":"https:\/\/www.enerjigazetesi.ist\/en\/wp-json\/wp\/v2\/posts\/20562"}],"collection":[{"href":"https:\/\/www.enerjigazetesi.ist\/en\/wp-json\/wp\/v2\/posts"}],"about":[{"href":"https:\/\/www.enerjigazetesi.ist\/en\/wp-json\/wp\/v2\/types\/post"}],"author":[{"embeddable":true,"href":"https:\/\/www.enerjigazetesi.ist\/en\/wp-json\/wp\/v2\/users\/1"}],"replies":[{"embeddable":true,"href":"https:\/\/www.enerjigazetesi.ist\/en\/wp-json\/wp\/v2\/comments?post=20562"}],"version-history":[{"count":2,"href":"https:\/\/www.enerjigazetesi.ist\/en\/wp-json\/wp\/v2\/posts\/20562\/revisions"}],"predecessor-version":[{"id":20565,"href":"https:\/\/www.enerjigazetesi.ist\/en\/wp-json\/wp\/v2\/posts\/20562\/revisions\/20565"}],"wp:featuredmedia":[{"embeddable":true,"href":"https:\/\/www.enerjigazetesi.ist\/en\/wp-json\/wp\/v2\/media\/20563"}],"wp:attachment":[{"href":"https:\/\/www.enerjigazetesi.ist\/en\/wp-json\/wp\/v2\/media?parent=20562"}],"wp:term":[{"taxonomy":"category","embeddable":true,"href":"https:\/\/www.enerjigazetesi.ist\/en\/wp-json\/wp\/v2\/categories?post=20562"},{"taxonomy":"post_tag","embeddable":true,"href":"https:\/\/www.enerjigazetesi.ist\/en\/wp-json\/wp\/v2\/tags?post=20562"}],"curies":[{"name":"wp","href":"https:\/\/api.w.org\/{rel}","templated":true}]}}