{"id":2045,"date":"2012-09-14T09:34:39","date_gmt":"2012-09-14T06:34:39","guid":{"rendered":"https:\/\/www.enerjigazetesi.ist\/?p=2045"},"modified":"2012-09-14T09:34:39","modified_gmt":"2012-09-14T06:34:39","slug":"12-enerji-kongresi-ankarada","status":"publish","type":"post","link":"https:\/\/www.enerjigazetesi.ist\/en\/12-enerji-kongresi-ankarada\/","title":{"rendered":"(Turkish) 12. Enerji Kongresi Ankara\u2019da"},"content":{"rendered":"<p class=\"qtranxs-available-languages-message qtranxs-available-languages-message-en\">Sorry, this entry is only available in <a href=\"https:\/\/www.enerjigazetesi.ist\/tr\/wp-json\/wp\/v2\/posts\/2045\" class=\"qtranxs-available-language-link qtranxs-available-language-link-tr\" title=\"Turkish\">Turkish<\/a>. For the sake of viewer convenience, the content is shown below in the alternative language. You may click the link to switch the active language.<\/p><p><\/p>\n<div>\n<div>\n<div><strong>D\u00dcNYA Enerji Konseyi T\u00fcrk Milli Komitesi taraf\u0131ndan \u00fc\u00e7 y\u0131lda bir d\u00fczenlenen geleneksel T\u00fcrkiye enerji kongrelerinin 12.\u2019si 14-16 Kas\u0131m tarihleri aras\u0131nda Ankara\u2019da ODT\u00dc K\u00fclt\u00fcr ve Kongre Merkezi\u2019nde yap\u0131lacak.<\/strong><\/div>\n<div>\n<div>\n<p><img loading=\"lazy\" class=\"alignright size-full wp-image-2046\" title=\"enerji-kongresi-ankara\" src=\"https:\/\/www.enerjigazetesi.ist\/wp-content\/uploads\/2012\/09\/enerji-kongresi-ankara.jpg\" alt=\"\" width=\"300\" height=\"212\" srcset=\"https:\/\/www.enerjigazetesi.ist\/wp-content\/uploads\/2012\/09\/enerji-kongresi-ankara.jpg 300w, https:\/\/www.enerjigazetesi.ist\/wp-content\/uploads\/2012\/09\/enerji-kongresi-ankara-70x50.jpg 70w\" sizes=\"(max-width: 300px) 100vw, 300px\" \/>Kongre\u2019de, \u201cT\u00fcrkiye\u2019de enerji sekt\u00f6r\u00fcn\u00fcn sorunlar\u0131, yerli enerji kaynaklar\u0131n\u0131n de\u011ferlendirilmesi, Hidrolik Enerji Santrali yat\u0131r\u0131mlar\u0131n\u0131n sorunlar\u0131, d\u00fcnyada ve T\u00fcrkiye\u2019de petrol ve do\u011fal gaz piyasas\u0131n\u0131n de\u011ferlendirilmesi, yenilenebilir enerjinin d\u00fcnyada ve T\u00fcrkiye\u2019de bug\u00fcn\u00fc ve yar\u0131n\u0131, enerji verimlili\u011fi, Fukishima\u2019dan sonra n\u00fckleer santrallar\u0131n gelece\u011fi ve enerji sekt\u00f6r\u00fcne etkileri, enerji ve \u00e7evre etkile\u015fimi ve iklim de\u011fi\u015fikli\u011fi, enerji hukuku, gelece\u011fin enerji liderlerinin g\u00f6r\u00fc\u015fleri\u201d konular\u0131nda 70 bildiri sunulacak. Ayr\u0131ca d\u00fczenlenecek iki panelde \u201cB\u00f6lgemizde Meydana Gelen Ekonomik, Sosyal ve Siyasi Geli\u015fmelerin Do\u011fal Gaz ve Petrol Arz G\u00fcvenli\u011fine Etkileri\u201d ve \u201cT\u00fcrkiye\u2019nin Enerji Sekt\u00f6r\u00fcnde Uluslararas\u0131 \u0130li\u015fkileri ve Projelerin De\u011ferlendirilmesi\u201d konular\u0131 tart\u0131\u015f\u0131lacak.<\/p>\n<p>Kaynak: <a href=\"http:\/\/www.hurriyet.com.tr\/ankara\/21455021.asp\" target=\"_blank\">H\u00fcrriyet<\/a><\/p>\n<\/div>\n<\/div>\n<\/div>\n<\/div>\n<p><\/p>","protected":false},"excerpt":{"rendered":"<p>Sorry, this entry is only available in Turkish. For the sake of viewer convenience, the content is shown below in the alternative language. You may click the link to switch the active language. D\u00dcNYA Enerji Konseyi T\u00fcrk Milli Komitesi taraf\u0131ndan \u00fc\u00e7 y\u0131lda bir d\u00fczenlenen geleneksel T\u00fcrkiye enerji kongrelerinin 12.\u2019si 14-16 Kas\u0131m tarihleri aras\u0131nda Ankara\u2019da ODT\u00dc [&hellip;]<\/p>\n","protected":false},"author":1,"featured_media":2046,"comment_status":"open","ping_status":"open","sticky":false,"template":"","format":"standard","meta":[],"categories":[53],"tags":[67,548],"views":635,"_links":{"self":[{"href":"https:\/\/www.enerjigazetesi.ist\/en\/wp-json\/wp\/v2\/posts\/2045"}],"collection":[{"href":"https:\/\/www.enerjigazetesi.ist\/en\/wp-json\/wp\/v2\/posts"}],"about":[{"href":"https:\/\/www.enerjigazetesi.ist\/en\/wp-json\/wp\/v2\/types\/post"}],"author":[{"embeddable":true,"href":"https:\/\/www.enerjigazetesi.ist\/en\/wp-json\/wp\/v2\/users\/1"}],"replies":[{"embeddable":true,"href":"https:\/\/www.enerjigazetesi.ist\/en\/wp-json\/wp\/v2\/comments?post=2045"}],"version-history":[{"count":1,"href":"https:\/\/www.enerjigazetesi.ist\/en\/wp-json\/wp\/v2\/posts\/2045\/revisions"}],"predecessor-version":[{"id":2047,"href":"https:\/\/www.enerjigazetesi.ist\/en\/wp-json\/wp\/v2\/posts\/2045\/revisions\/2047"}],"wp:featuredmedia":[{"embeddable":true,"href":"https:\/\/www.enerjigazetesi.ist\/en\/wp-json\/wp\/v2\/media\/2046"}],"wp:attachment":[{"href":"https:\/\/www.enerjigazetesi.ist\/en\/wp-json\/wp\/v2\/media?parent=2045"}],"wp:term":[{"taxonomy":"category","embeddable":true,"href":"https:\/\/www.enerjigazetesi.ist\/en\/wp-json\/wp\/v2\/categories?post=2045"},{"taxonomy":"post_tag","embeddable":true,"href":"https:\/\/www.enerjigazetesi.ist\/en\/wp-json\/wp\/v2\/tags?post=2045"}],"curies":[{"name":"wp","href":"https:\/\/api.w.org\/{rel}","templated":true}]}}