{"id":20355,"date":"2014-01-05T14:54:51","date_gmt":"2014-01-05T11:54:51","guid":{"rendered":"https:\/\/www.enerjigazetesi.ist\/?p=20355"},"modified":"2014-01-05T14:55:19","modified_gmt":"2014-01-05T11:55:19","slug":"emo-2014-elektrik-tarifelerinde-gizli-zam-var","status":"publish","type":"post","link":"https:\/\/www.enerjigazetesi.ist\/en\/emo-2014-elektrik-tarifelerinde-gizli-zam-var\/","title":{"rendered":"(Turkish) EMO: 2014 Elektrik Tarifelerinde Gizli Zam Var!"},"content":{"rendered":"<p class=\"qtranxs-available-languages-message qtranxs-available-languages-message-en\">Sorry, this entry is only available in <a href=\"https:\/\/www.enerjigazetesi.ist\/tr\/wp-json\/wp\/v2\/posts\/20355\" class=\"qtranxs-available-language-link qtranxs-available-language-link-tr\" title=\"Turkish\">Turkish<\/a>. For the sake of viewer convenience, the content is shown below in the alternative language. You may click the link to switch the active language.<\/p><p><strong>Elektrik M\u00fchendisleri Odas\u0131 (EMO), 1 Ocak 2014\u2019ten itibaren ge\u00e7erli olan yeni tarifelerde gizli zam oldu\u011funu iddia etti. EMO TETA\u015e\u2019\u0131n fiyat\u0131ndaki y\u00fczde 8\u2019lik indirimin maliyet bazl\u0131 fiyatland\u0131rma \u00e7er\u00e7evesinde \u00e7\u0131plak elektrik bedeline de indirim olarak yans\u0131mas\u0131 gerekirken, bu yans\u0131t\u0131lmayarak yurtta\u015flardan y\u0131ll\u0131k 2 milyar TL fazladan tahsilat yap\u0131lmas\u0131 sa\u011fland\u0131\u011f\u0131n\u0131 iddia etti.<\/strong><\/p>\n<p>EMO\u2019dan yap\u0131lan a\u00e7\u0131klamada, \u201c\u015eirketlerin uymak zorunda olduklar\u0131 hedef gere\u011fi 2014 y\u0131l\u0131nda yurtta\u015flardan tahsil edilecek kay<a href=\"https:\/\/www.enerjigazetesi.ist\/wp-content\/uploads\/2014\/01\/emo-2014-yili-elektrik-tarifelerinde-gizli-zam-var.jpg\"><img loading=\"lazy\" class=\"alignright size-medium wp-image-20356\" title=\"emo-2014-yili-elektrik-tarifelerinde-gizli-zam-var\" src=\"https:\/\/www.enerjigazetesi.ist\/wp-content\/uploads\/2014\/01\/emo-2014-yili-elektrik-tarifelerinde-gizli-zam-var-300x224.jpg\" alt=\"\" width=\"300\" height=\"224\" srcset=\"https:\/\/www.enerjigazetesi.ist\/wp-content\/uploads\/2014\/01\/emo-2014-yili-elektrik-tarifelerinde-gizli-zam-var-300x224.jpg 300w, https:\/\/www.enerjigazetesi.ist\/wp-content\/uploads\/2014\/01\/emo-2014-yili-elektrik-tarifelerinde-gizli-zam-var-500x374.jpg 500w, https:\/\/www.enerjigazetesi.ist\/wp-content\/uploads\/2014\/01\/emo-2014-yili-elektrik-tarifelerinde-gizli-zam-var-66x50.jpg 66w, https:\/\/www.enerjigazetesi.ist\/wp-content\/uploads\/2014\/01\/emo-2014-yili-elektrik-tarifelerinde-gizli-zam-var.jpg 505w\" sizes=\"(max-width: 300px) 100vw, 300px\" \/><\/a>\u0131p\/ka\u00e7ak bedelleri indirilirken; bu indirim faturaya yans\u0131t\u0131lmadan buharla\u015ft\u0131r\u0131ld\u0131. \u0130letim, da\u011f\u0131t\u0131m, perakende sat\u0131\u015f hizmeti ve saya\u00e7 okuma bedellerine, y\u00fczde 5.3\u2019l\u00fck 2014 y\u0131l\u0131 enflasyon hedefini de, 2013 y\u0131l\u0131 i\u00e7in beklenen y\u00fczde 6.8\u2019lik enflasyon beklentisini de a\u015fan y\u00fczde 20\u2019ler d\u00fczeyinde zam yap\u0131ld\u0131. TETA\u015e\u2019\u0131n yapt\u0131\u011f\u0131 y\u00fczde 8\u2019lik fiyat indirimi de faturalara yans\u0131t\u0131lmad\u0131\u011f\u0131 gibi \u00e7\u0131plak elektrik fiyat\u0131 da y\u00fczde 0.8 oran\u0131nda art\u0131r\u0131ld\u0131\u201d denildi.<\/p>\n<p>\u00c7\u0131plak elektrik bedeli d\u00fc\u015f\u00fck oranda zamlanm\u0131\u015f gibi g\u00f6r\u00fcnmekle birlikte burada da ikinci bir gizli zamm\u0131n s\u00f6z konusu oldu\u011fu iddias\u0131na yer verilen EMO a\u00e7\u0131klamas\u0131nda, \u015funlar kaydedildi: \u201cEPDK karar\u0131yla 2014 y\u0131l\u0131ndan itibaren ge\u00e7erli olmak \u00fczere kamu toptan sat\u0131\u015f \u015firketi TETA\u015e\u2019\u0131n toptan sat\u0131\u015f fiyatlar\u0131, kilovat saat ba\u015f\u0131na 17.8 kuru\u015ftan y\u00fczde 8.3 indirimle 16.3 kuru\u015fa indirildi. Da\u011f\u0131t\u0131m \u015firketleri, ge\u00e7en y\u0131ldan bu yana, E\u00dcA\u015e\u2019\u0131n da TETA\u015e \u00fczerinden sat\u0131\u015f yapmas\u0131yla birlikte, satt\u0131klar\u0131 enerjinin yakla\u015f\u0131k y\u00fczde 80\u2019ini TETA\u015e\u2019tan almakta.<\/p>\n<p>Bu durumda TETA\u015e\u2019\u0131n fiyat\u0131ndaki y\u00fczde 8\u2019lik indirimin maliyet bazl\u0131 fiyatland\u0131rma \u00e7er\u00e7evesinde \u00e7\u0131plak elektrik bedeline de indirim olarak yans\u0131mas\u0131 gerekirken, bu yans\u0131t\u0131lmayarak yurtta\u015flardan y\u0131ll\u0131k 2 milyar TL fazladan tahsilat yap\u0131lmas\u0131 sa\u011fland\u0131. B\u00f6ylece elektrik fiyatlar\u0131na zam isteyen da\u011f\u0131t\u0131m \u015firketlerine, da\u011f\u0131t\u0131m hizmet bedeli ve perakende sat\u0131\u015f hizmet bedeli art\u0131\u015flar\u0131n\u0131n yan\u0131nda TETA\u015e indirimiyle de \u00e7\u0131plak elektrik bedeli \u00fczerinden ikinci bir gizli zam olana\u011f\u0131 yarat\u0131ld\u0131.\u201d<\/p>\n<p>Kaynak: <a href=\"http:\/\/enerjienstitusu.com\/2014\/01\/04\/emo-2014-yili-elektrik-tarifelerinde-gizli-zam-var\/\" target=\"_blank\">Enerji Enstit\u00fcs\u00fc<\/a><\/p>","protected":false},"excerpt":{"rendered":"<p>Sorry, this entry is only available in Turkish. For the sake of viewer convenience, the content is shown below in the alternative language. You may click the link to switch the active language.Elektrik M\u00fchendisleri Odas\u0131 (EMO), 1 Ocak 2014\u2019ten itibaren ge\u00e7erli olan yeni tarifelerde gizli zam oldu\u011funu iddia etti. EMO TETA\u015e\u2019\u0131n fiyat\u0131ndaki y\u00fczde 8\u2019lik indirimin [&hellip;]<\/p>\n","protected":false},"author":1,"featured_media":20356,"comment_status":"open","ping_status":"open","sticky":false,"template":"","format":"standard","meta":[],"categories":[51,53],"tags":[11828,68,61,1887,11827,1103,63,67,1009,165,1033,3499],"views":599,"_links":{"self":[{"href":"https:\/\/www.enerjigazetesi.ist\/en\/wp-json\/wp\/v2\/posts\/20355"}],"collection":[{"href":"https:\/\/www.enerjigazetesi.ist\/en\/wp-json\/wp\/v2\/posts"}],"about":[{"href":"https:\/\/www.enerjigazetesi.ist\/en\/wp-json\/wp\/v2\/types\/post"}],"author":[{"embeddable":true,"href":"https:\/\/www.enerjigazetesi.ist\/en\/wp-json\/wp\/v2\/users\/1"}],"replies":[{"embeddable":true,"href":"https:\/\/www.enerjigazetesi.ist\/en\/wp-json\/wp\/v2\/comments?post=20355"}],"version-history":[{"count":2,"href":"https:\/\/www.enerjigazetesi.ist\/en\/wp-json\/wp\/v2\/posts\/20355\/revisions"}],"predecessor-version":[{"id":20358,"href":"https:\/\/www.enerjigazetesi.ist\/en\/wp-json\/wp\/v2\/posts\/20355\/revisions\/20358"}],"wp:featuredmedia":[{"embeddable":true,"href":"https:\/\/www.enerjigazetesi.ist\/en\/wp-json\/wp\/v2\/media\/20356"}],"wp:attachment":[{"href":"https:\/\/www.enerjigazetesi.ist\/en\/wp-json\/wp\/v2\/media?parent=20355"}],"wp:term":[{"taxonomy":"category","embeddable":true,"href":"https:\/\/www.enerjigazetesi.ist\/en\/wp-json\/wp\/v2\/categories?post=20355"},{"taxonomy":"post_tag","embeddable":true,"href":"https:\/\/www.enerjigazetesi.ist\/en\/wp-json\/wp\/v2\/tags?post=20355"}],"curies":[{"name":"wp","href":"https:\/\/api.w.org\/{rel}","templated":true}]}}