{"id":2034,"date":"2012-09-14T09:13:08","date_gmt":"2012-09-14T06:13:08","guid":{"rendered":"https:\/\/www.enerjigazetesi.ist\/?p=2034"},"modified":"2012-09-14T09:13:08","modified_gmt":"2012-09-14T06:13:08","slug":"karapinar-enerji-ussu-olacak","status":"publish","type":"post","link":"https:\/\/www.enerjigazetesi.ist\/en\/karapinar-enerji-ussu-olacak\/","title":{"rendered":"(Turkish) Karap\u0131nar Enerji \u00dcss\u00fc Olacak!"},"content":{"rendered":"<p class=\"qtranxs-available-languages-message qtranxs-available-languages-message-en\">Sorry, this entry is only available in <a href=\"https:\/\/www.enerjigazetesi.ist\/tr\/wp-json\/wp\/v2\/posts\/2034\" class=\"qtranxs-available-language-link qtranxs-available-language-link-tr\" title=\"Turkish\">Turkish<\/a>. For the sake of viewer convenience, the content is shown below in the alternative language. You may click the link to switch the active language.<\/p><p><strong>Ba\u015fkan Mugay\u0131to\u011flu, Bakanlar Kurulu&#8217;nun Enerji \u0130htisas End\u00fcstri B\u00f6lgesi karar\u0131n\u0131n, Karap\u0131nar&#8217;\u0131n kaderini de\u011fi\u015ftirece\u011fini s\u00f6yledi.<\/strong><\/p>\n<p><img loading=\"lazy\" class=\"alignright size-medium wp-image-2035\" title=\"karapinar-enerji-ussu-olacak\" src=\"https:\/\/www.enerjigazetesi.ist\/wp-content\/uploads\/2012\/09\/karapinar-enerji-ussu-olacak-300x209.jpg\" alt=\"\" width=\"300\" height=\"209\" srcset=\"https:\/\/www.enerjigazetesi.ist\/wp-content\/uploads\/2012\/09\/karapinar-enerji-ussu-olacak-300x209.jpg 300w, https:\/\/www.enerjigazetesi.ist\/wp-content\/uploads\/2012\/09\/karapinar-enerji-ussu-olacak-71x50.jpg 71w, https:\/\/www.enerjigazetesi.ist\/wp-content\/uploads\/2012\/09\/karapinar-enerji-ussu-olacak.jpg 483w\" sizes=\"(max-width: 300px) 100vw, 300px\" \/>Mugay\u0131to\u011flu&#8217;nun, konuyla ilgili makam\u0131nda d\u00fczenledi\u011fi bas\u0131n toplant\u0131s\u0131na, Ticaret ve Sanayi Odas\u0131 Ba\u015fkan\u0131 Mustafa S\u00f6zen, Ticaret Borsas\u0131 Ba\u015fkan\u0131 Naz\u0131m Sezer, Esnaf ve Sanatkarlar Odas\u0131 Ba\u015fkan\u0131 Hikmet \u00d6zl\u00fc ve \u015eof\u00f6rler ve Otomobilciler Odas\u0131 Ba\u015fkan\u0131 Ya\u015far Bozu da kat\u0131ld\u0131.<\/p>\n<p>3 y\u0131l \u00f6nce Alman firmas\u0131n\u0131n Karap\u0131nar&#8217;a gelerek g\u00fcne\u015f enerjisi tarlalar\u0131 kurmak i\u00e7in talepte bulundu\u011funu an\u0131msatan Mugay\u0131to\u011flu, &#8221;\u0130lk defa bu t\u00fcr bir istekle kar\u015f\u0131la\u015f\u0131nca Konya&#8217;da \u00e7e\u015fitli kurulu\u015flarda g\u00f6r\u00fc\u015fmeler yapt\u0131k. Konya Valisi Ayd\u0131n Nezih Do\u011fan&#8217;a durumu izah ettik. Kendisi ara\u015ft\u0131r\u0131p bizlere olumlu cevap verdi.<\/p>\n<p>Bu yat\u0131r\u0131m\u0131n fizibilite \u00e7al\u0131\u015fmalar\u0131n\u0131 yapt\u0131rd\u0131. \u0130lgili Bakanl\u0131klar konuya b\u00fcy\u00fck \u00f6nem verdi&#8221; dedi.<\/p>\n<p>Bu konuda Bakanlar Kurulu&#8217;ndan karar \u00e7\u0131karak imzalan\u0131p Resmi Gazete&#8217;de yay\u0131mland\u0131\u011f\u0131n\u0131 ifade eden Mugay\u0131to\u011flu, \u015funlar\u0131 kaydetti:<\/p>\n<p>&#8221;\u0130ki farkl\u0131 yerde toplam 60 milyon metre g\u00fcne\u015f enerjisi end\u00fcstri b\u00f6lgesi ilan edildi. Karap\u0131nar, y\u00fcz \u00f6l\u00e7\u00fcm\u00fc olarak d\u00fcnyan\u0131n en b\u00fcy\u00fck g\u00fcne\u015f tarlalar\u0131n oldu\u011fu b\u00f6lge olarak a\u00e7\u0131klan\u0131yor. Burada g\u00fcne\u015f bol e\u011fimi y\u00fczde 1&#8217;den d\u00fc\u015f\u00fck, verimsiz bir alan ve g\u00fcne\u015fin \u00e7ok g\u00f6r\u00fcld\u00fc\u011f\u00fc bir yer. Enerji \u00fcss\u00fc olma ad\u0131na b\u00fcy\u00fck ad\u0131mlar atan il\u00e7emiz de \u00fcretecek enerji, \u00fclkemizin y\u00fczde 8&#8217;lik bir b\u00f6l\u00fcm\u00fcn\u00fc kar\u015f\u0131layacakt\u0131r. Enerjinin s\u0131k\u0131nt\u0131da oldu\u011fu bu d\u00f6nemde bu rakam \u00e7ok \u00f6nemlidir. Karap\u0131nar&#8217;da ilerleyen y\u0131llarda bu yat\u0131r\u0131mlar\u0131n olumlu y\u00f6nleri kendisi g\u00f6sterecektir. N\u00fcfusumuz artacak, ekonomisi daha iyiye gidecek, hayat standard\u0131 y\u00fcksek bir il\u00e7e olacakt\u0131r. K\u0131sacas\u0131, Enerji \u0130htisas End\u00fcstri B\u00f6lgesi karar\u0131, Karap\u0131nar&#8217;\u0131n kaderini de\u011fi\u015ftirecek.&#8221;<\/p>\n<p>Mugay\u0131to\u011flu, tar\u0131mda s\u00f6z sahibi olan Karap\u0131nar&#8217;\u0131n bu yat\u0131r\u0131mlarla sanayide de b\u00fcy\u00fck at\u0131l\u0131m ya\u015fayaca\u011f\u0131n\u0131 s\u00f6zlerine ekledi.<\/p>\n<p>Kaynak: <a href=\"http:\/\/www.merhabahaber.com\/haber\/76725\/Karapinar_enerji_ussu_olacak.html\" target=\"_blank\">MerhabaHaber<\/a><\/p>","protected":false},"excerpt":{"rendered":"<p>Sorry, this entry is only available in Turkish. For the sake of viewer convenience, the content is shown below in the alternative language. You may click the link to switch the active language.Ba\u015fkan Mugay\u0131to\u011flu, Bakanlar Kurulu&#8217;nun Enerji \u0130htisas End\u00fcstri B\u00f6lgesi karar\u0131n\u0131n, Karap\u0131nar&#8217;\u0131n kaderini de\u011fi\u015ftirece\u011fini s\u00f6yledi. Mugay\u0131to\u011flu&#8217;nun, konuyla ilgili makam\u0131nda d\u00fczenledi\u011fi bas\u0131n toplant\u0131s\u0131na, Ticaret ve Sanayi [&hellip;]<\/p>\n","protected":false},"author":1,"featured_media":2035,"comment_status":"open","ping_status":"open","sticky":false,"template":"","format":"standard","meta":[],"categories":[53],"tags":[],"views":1118,"_links":{"self":[{"href":"https:\/\/www.enerjigazetesi.ist\/en\/wp-json\/wp\/v2\/posts\/2034"}],"collection":[{"href":"https:\/\/www.enerjigazetesi.ist\/en\/wp-json\/wp\/v2\/posts"}],"about":[{"href":"https:\/\/www.enerjigazetesi.ist\/en\/wp-json\/wp\/v2\/types\/post"}],"author":[{"embeddable":true,"href":"https:\/\/www.enerjigazetesi.ist\/en\/wp-json\/wp\/v2\/users\/1"}],"replies":[{"embeddable":true,"href":"https:\/\/www.enerjigazetesi.ist\/en\/wp-json\/wp\/v2\/comments?post=2034"}],"version-history":[{"count":2,"href":"https:\/\/www.enerjigazetesi.ist\/en\/wp-json\/wp\/v2\/posts\/2034\/revisions"}],"predecessor-version":[{"id":2037,"href":"https:\/\/www.enerjigazetesi.ist\/en\/wp-json\/wp\/v2\/posts\/2034\/revisions\/2037"}],"wp:featuredmedia":[{"embeddable":true,"href":"https:\/\/www.enerjigazetesi.ist\/en\/wp-json\/wp\/v2\/media\/2035"}],"wp:attachment":[{"href":"https:\/\/www.enerjigazetesi.ist\/en\/wp-json\/wp\/v2\/media?parent=2034"}],"wp:term":[{"taxonomy":"category","embeddable":true,"href":"https:\/\/www.enerjigazetesi.ist\/en\/wp-json\/wp\/v2\/categories?post=2034"},{"taxonomy":"post_tag","embeddable":true,"href":"https:\/\/www.enerjigazetesi.ist\/en\/wp-json\/wp\/v2\/tags?post=2034"}],"curies":[{"name":"wp","href":"https:\/\/api.w.org\/{rel}","templated":true}]}}