{"id":20304,"date":"2014-01-03T10:45:13","date_gmt":"2014-01-03T07:45:13","guid":{"rendered":"https:\/\/www.enerjigazetesi.ist\/?p=20304"},"modified":"2014-01-03T10:47:12","modified_gmt":"2014-01-03T07:47:12","slug":"yildiz-2-nukleer-anlasmasi-hazirana-kadar-meclisten-gececek","status":"publish","type":"post","link":"https:\/\/www.enerjigazetesi.ist\/en\/yildiz-2-nukleer-anlasmasi-hazirana-kadar-meclisten-gececek\/","title":{"rendered":"(Turkish) Y\u0131ld\u0131z: 2. N\u00fckleer Anla\u015fmas\u0131 Haziran\u2019a kadar Meclis`ten Ge\u00e7ecek!"},"content":{"rendered":"<p class=\"qtranxs-available-languages-message qtranxs-available-languages-message-en\">Sorry, this entry is only available in <a href=\"https:\/\/www.enerjigazetesi.ist\/tr\/wp-json\/wp\/v2\/posts\/20304\" class=\"qtranxs-available-language-link qtranxs-available-language-link-tr\" title=\"Turkish\">Turkish<\/a>. For the sake of viewer convenience, the content is shown below in the alternative language. You may click the link to switch the active language.<\/p><p><strong>Enerji ve Tabii Kaynaklar Bakan\u0131 Taner Y\u0131ld\u0131z, N\u00fckleer Santral Projesi Ev Sahibi \u00dclke Anla\u015fmas\u0131 Haziran\u2019a Kadar Meclisten Ge\u00e7ece\u011fini s\u00f6yledi. Enerji ve Tabii Kaynaklar Bakan\u0131 Taner Y\u0131ld\u0131z, 3 milyon tirajli Japon gazetesi Nikkei`nin 1 Ocak 2014 tarihli sabah bask\u0131s\u0131nda yer alan r\u00f6portaj\u0131nda, Japonya\u2019n\u0131n lideri oldu\u011fu konsorsiyumun, Karadeniz k\u0131y\u0131s\u0131ndaki Sinop\u2019ta in\u015faa edece\u011fi n\u00fckleer santral projesinin ticari s\u00f6zle\u015fmesi olan N\u00fckleer Santral Projesi Ev Sahibi \u00dclke Anla\u015fmas\u0131\u2019n\u0131n Haziran\u2019a kadar Meclisten ge\u00e7ece\u011fi y\u00f6n\u00fcnde \u00f6ng\u00f6r\u00fcs\u00fcn\u00fc payla\u015ft\u0131.<\/strong><\/p>\n<p><strong>B\u0130L\u0130M VE TEKNOLOJ\u0130 \u00dcN\u0130VERS\u0130TES\u0130 \u0130LE \u0130LG\u0130L\u0130 OLARAK MUTABAKAT MUHTIRASI \u0130MZALANACAK<\/strong><br \/>\nY\u0131ld\u0131z\u2019\u0131n da e\u015flik etmesi planlanan Ba\u015fbakan Erdo\u011fan\u2019\u0131n 6-8 Ocak tarihleri aras\u0131nda Japonya\u2019ya yapaca\u011f\u0131 seyahat esnas\u0131nda, 2 \u00fclke h\u00fck\u00fcmeti aras\u0131nda T\u00fcrkiye ile Japonya\u2019n\u0131n ortakla\u015fa kuracaklar\u0131 bilim ve teknoloji \u00fcniversitesi ile ilgili o<a href=\"https:\/\/www.enerjigazetesi.ist\/wp-content\/uploads\/2014\/01\/yildiz-2-nukleer-anlasmasi-hazirana-kadar-meclisten-gececek.jpg\"><img loading=\"lazy\" class=\"alignright size-medium wp-image-20305\" title=\"yildiz-2-nukleer-anlasmasi-hazirana-kadar-meclisten-gececek\" src=\"https:\/\/www.enerjigazetesi.ist\/wp-content\/uploads\/2014\/01\/yildiz-2-nukleer-anlasmasi-hazirana-kadar-meclisten-gececek-300x198.jpg\" alt=\"\" width=\"300\" height=\"198\" srcset=\"https:\/\/www.enerjigazetesi.ist\/wp-content\/uploads\/2014\/01\/yildiz-2-nukleer-anlasmasi-hazirana-kadar-meclisten-gececek-300x198.jpg 300w, https:\/\/www.enerjigazetesi.ist\/wp-content\/uploads\/2014\/01\/yildiz-2-nukleer-anlasmasi-hazirana-kadar-meclisten-gececek-75x50.jpg 75w, https:\/\/www.enerjigazetesi.ist\/wp-content\/uploads\/2014\/01\/yildiz-2-nukleer-anlasmasi-hazirana-kadar-meclisten-gececek.jpg 383w\" sizes=\"(max-width: 300px) 100vw, 300px\" \/><\/a>larak mutabakat muht\u0131ras\u0131 imzalayacaklar.<\/p>\n<p>\u00dcniversite kurulu\u015funu T\u00fcrkiye h\u00fck\u00fcmeti n\u00fckleer santral projesi m\u00fczakereleri esnas\u0131nda Japonya h\u00fck\u00fcmetinden talep etti. Y\u0131ld\u0131z, m\u00fclakatta \u201cKnow how transferi \u00f6nemli,\u201d diyerek \u00fcniversitenin kurulmas\u0131yla insan kayna\u011f\u0131n\u0131n yeti\u015ftirilmesi konusundaki beklentisini dile getirdi.<\/p>\n<p><strong>N\u00dcKLEER SANTRAL PROJES\u0130NDE G\u00d6REV ALACAK \u0130NSAN KAYNA\u011eININ YET\u0130\u015eT\u0130R\u0130LMES\u0130 PLANLANIYOR<\/strong><br \/>\nJapon akademisyenleri T\u00fcrkiye\u2019ye davet ederek n\u00fckleer m\u00fchendislik alan\u0131 d\u0131\u015f\u0131nda da, kimya, elektronik gibi bir\u00e7ok m\u00fchendislik anabilim dallar\u0131n\u0131n kurulmas\u0131 planlan\u0131yor. Bakan, baz\u0131 sosyal bilimler anabilim dallar\u0131n\u0131n da kurulmas\u0131 y\u00f6n\u00fcndeki g\u00f6r\u00fc\u015f\u00fcn\u00fc beyan etti. Ayr\u0131ca m\u00fchendislere y\u00f6nelik bilim ve teknoloji merkezinin de ortakla\u015fa kurulmas\u0131yla, 2017 y\u0131l\u0131 gibi in\u015faat\u0131n ba\u015flayaca\u011f\u0131 n\u00fckleer santral projesinde g\u00f6rev alacak insan kayna\u011f\u0131n\u0131n yeti\u015ftirilmesi planlan\u0131yor. Bakan, \u00dcnivesite arazisi i\u00e7in de \u0130stanbul\u2019un Asya yakas\u0131nda 120 bin metrekarelik bir alan\u0131n tahsis edilmesinin planland\u0131\u011f\u0131n\u0131 a\u00e7\u0131klad\u0131.<\/p>\n<p>\u015eimdiden Aral\u0131k ay\u0131n\u0131n ba\u015flar\u0131nda T\u00fcrk taraf\u0131n\u0131n \u00fcniversite ile ilgili de\u011ferlendirme komitesi \u00fcyeleri Tokyo\u2019da Japon \u00fcyelerle bir araya gelerek i\u00e7erik \u00fczerinde \u00e7al\u0131\u015fmalar\u0131na ba\u015flad\u0131. Y\u0131ld\u0131z \u201cDe\u011ferlendirme komitelerinin yapaca\u011f\u0131 toplant\u0131larda \u00fcniversitesinin kurulu\u015f zaman\u0131 da belirlenecek,\u201d a\u00e7\u0131klamas\u0131n\u0131 yapt\u0131.<\/p>\n<p><strong>N\u00dcKLEER SANTRAL PROJE \u015e\u0130RKET\u0130NDE T\u00dcRK\u0130YE\u2019N\u0130N H\u0130SSES\u0130 Y\u00dcZDE 35 \u2013 49 ARASINDA D\u00dc\u015e\u00dcN\u00dcL\u00dcYOR<\/strong><br \/>\nBakan, Haziran ay\u0131na kadar, yat\u0131r\u0131m yapacak Japon, Frans\u0131z ve T\u00fcrk \u015firketlerinin n\u00fckleer santral proje \u015firketini kurmay\u0131 planlad\u0131klar\u0131n\u0131 da a\u00e7\u0131klad\u0131. T\u00fcrkiye taraf\u0131n\u0131n hisse oran\u0131 ile ilgili olarak, \u201cY\u00fczde 35 \u2013 49 aras\u0131nda d\u00fc\u015f\u00fcn\u00fcl\u00fcyor,\u201d bilgisini payla\u015ft\u0131. N\u00fckleer santralin i\u015fletmesini \u00fcstlenecek Frans\u0131z GDF Suez\u2019in de yat\u0131r\u0131m yapmas\u0131 \u00f6ng\u00f6r\u00fcl\u00fcrken, Y\u0131ld\u0131z, Fransa Cumhurba\u015fkan\u0131 Hollande ile Ba\u015fbakan Erdo\u011fan\u2019\u0131n Ocak ay\u0131 sonlar\u0131nda T\u00fcrkiye\u2019de ger\u00e7ekle\u015ftirecekleri ikili g\u00f6r\u00fc\u015fmelerde Japon \u2013 Frans\u0131z konsorsiyumunun \u00fcstlenece\u011fi n\u00fckleer santral projesi \u00fczerinde de fikir al\u0131\u015fveri\u015finde bulunacaklar\u0131n\u0131 a\u00e7\u0131klad\u0131.<\/p>\n<p><strong>JAPON \u015e\u0130RKETLERE ELEKTR\u0130K ALTYAPISI SEKT\u00d6R\u00dcNDE DE YER ALIN \u00c7A\u011eRISI<\/strong><br \/>\nBakan, n\u00fckleer enerji santrali d\u0131\u015f\u0131nda da elektrik altyap\u0131s\u0131 sekt\u00f6r\u00fcnde de yer almalar\u0131 i\u00e7in Japon \u015firketlere \u00e7a\u011fr\u0131da bulundu. Kahramanmara\u015f\u2019ta \u00fclkenin linyit rezervlerinin yakla\u015f\u0131k y\u00fczde 40\u2019\u0131n\u0131n bulundu\u011fu sahalarda b\u00fcy\u00fck termik santrallerin kurulmas\u0131 y\u00f6n\u00fcnde \u00e7al\u0131\u015fmalar devam ediyor. Proje b\u00fcy\u00fckl\u00fc\u011f\u00fc 10 milyar dolar boyutunda, ve toplam 6-7 bin megavat g\u00fcc\u00fcnde bir\u00e7ok termik santralin in\u015faas\u0131 planlan\u0131yor. T\u00fcrkiye projeyi kazanmay\u0131 hedefleyen Katar ile m\u00fczakerelerini s\u00fcrd\u00fcr\u00fcrken, Japonya\u2019dan Mitsubishi Corporation ve Mitsui Co., ile \u00c7inli \u015firketler de ilgilerini beyan etmi\u015f durumda. Y\u0131ld\u0131z, \u201c2-3 ay i\u00e7erisinde ( projeyi \u00fcstlenecek \u015firket \u00fczerinde) karar vermek istiyoruz,\u201d a\u00e7\u0131klamas\u0131n\u0131 yapt\u0131.<\/p>\n<p>Kaynak: <a href=\"http:\/\/enerjienstitusu.com\/2014\/01\/02\/yildiz-botasin-zarari-2-milyar-lirayi-asti-zam-yapmamak-icin-direniyoruz\/\" target=\"_blank\">Enerji G\u00fcnl\u00fc\u011f\u00fc<\/a><\/p>","protected":false},"excerpt":{"rendered":"<p>Sorry, this entry is only available in Turkish. For the sake of viewer convenience, the content is shown below in the alternative language. You may click the link to switch the active language.Enerji ve Tabii Kaynaklar Bakan\u0131 Taner Y\u0131ld\u0131z, N\u00fckleer Santral Projesi Ev Sahibi \u00dclke Anla\u015fmas\u0131 Haziran\u2019a Kadar Meclisten Ge\u00e7ece\u011fini s\u00f6yledi. Enerji ve Tabii Kaynaklar [&hellip;]<\/p>\n","protected":false},"author":1,"featured_media":20305,"comment_status":"open","ping_status":"open","sticky":false,"template":"","format":"standard","meta":[],"categories":[53,43],"tags":[710,63,67,1009,165,71,21,88,667],"views":558,"_links":{"self":[{"href":"https:\/\/www.enerjigazetesi.ist\/en\/wp-json\/wp\/v2\/posts\/20304"}],"collection":[{"href":"https:\/\/www.enerjigazetesi.ist\/en\/wp-json\/wp\/v2\/posts"}],"about":[{"href":"https:\/\/www.enerjigazetesi.ist\/en\/wp-json\/wp\/v2\/types\/post"}],"author":[{"embeddable":true,"href":"https:\/\/www.enerjigazetesi.ist\/en\/wp-json\/wp\/v2\/users\/1"}],"replies":[{"embeddable":true,"href":"https:\/\/www.enerjigazetesi.ist\/en\/wp-json\/wp\/v2\/comments?post=20304"}],"version-history":[{"count":3,"href":"https:\/\/www.enerjigazetesi.ist\/en\/wp-json\/wp\/v2\/posts\/20304\/revisions"}],"predecessor-version":[{"id":20307,"href":"https:\/\/www.enerjigazetesi.ist\/en\/wp-json\/wp\/v2\/posts\/20304\/revisions\/20307"}],"wp:featuredmedia":[{"embeddable":true,"href":"https:\/\/www.enerjigazetesi.ist\/en\/wp-json\/wp\/v2\/media\/20305"}],"wp:attachment":[{"href":"https:\/\/www.enerjigazetesi.ist\/en\/wp-json\/wp\/v2\/media?parent=20304"}],"wp:term":[{"taxonomy":"category","embeddable":true,"href":"https:\/\/www.enerjigazetesi.ist\/en\/wp-json\/wp\/v2\/categories?post=20304"},{"taxonomy":"post_tag","embeddable":true,"href":"https:\/\/www.enerjigazetesi.ist\/en\/wp-json\/wp\/v2\/tags?post=20304"}],"curies":[{"name":"wp","href":"https:\/\/api.w.org\/{rel}","templated":true}]}}