{"id":203018,"date":"2026-03-09T17:15:08","date_gmt":"2026-03-09T14:15:08","guid":{"rendered":"https:\/\/www.enerjigazetesi.ist\/?p=203018"},"modified":"2026-03-09T17:15:41","modified_gmt":"2026-03-09T14:15:41","slug":"tupras-nextremers-programi-7inci-kez-genc-yeteneklerle-bulusuyor","status":"publish","type":"post","link":"https:\/\/www.enerjigazetesi.ist\/en\/tupras-nextremers-programi-7inci-kez-genc-yeteneklerle-bulusuyor\/","title":{"rendered":"(Turkish) &#8217;T\u00fcpra\u015f Nextremers Program\u0131&#8217; 7&#8217;inci Kez Gen\u00e7 Yeteneklerle Bulu\u015fuyor"},"content":{"rendered":"<p class=\"qtranxs-available-languages-message qtranxs-available-languages-message-en\">Sorry, this entry is only available in <a href=\"https:\/\/www.enerjigazetesi.ist\/tr\/wp-json\/wp\/v2\/posts\/203018\" class=\"qtranxs-available-language-link qtranxs-available-language-link-tr\" title=\"Turkish\">Turkish<\/a>. For the sake of viewer convenience, the content is shown below in the alternative language. You may click the link to switch the active language.<\/p><p><\/p>\n<h2><strong>T\u00fcpra\u015f\u2019\u0131n, gen\u00e7 yeteneklerin kariyer yolculuklar\u0131n\u0131 desteklemek amac\u0131yla hayata ge\u00e7irdi\u011fi Nextremers program\u0131n\u0131n yeni d\u00f6nemi i\u00e7in ba\u015fvurular a\u00e7\u0131ld\u0131. Program kapsam\u0131nda \u00fcniversite \u00f6\u011frencileri ve gen\u00e7 profesyoneller, T\u00fcpra\u015f b\u00fcnyesindeki proje \u00e7al\u0131\u015fmalar\u0131nda aktif g\u00f6rev alarak hem mesleki deneyim kazanma hem de ki\u015fisel yetkinliklerini geli\u015ftirme f\u0131rsat\u0131 elde edecek.<\/strong><\/h2>\n<p style=\"text-align: center;\"><img loading=\"lazy\" class=\"aligncenter wp-image-203021\" src=\"https:\/\/www.enerjigazetesi.ist\/wp-content\/uploads\/2026\/03\/tupras-nextremers-programi-7inci-kez-genc-yeteneklerle-bulusuyor.jpg\" alt=\"\" width=\"500\" height=\"334\" srcset=\"https:\/\/www.enerjigazetesi.ist\/wp-content\/uploads\/2026\/03\/tupras-nextremers-programi-7inci-kez-genc-yeteneklerle-bulusuyor.jpg 550w, https:\/\/www.enerjigazetesi.ist\/wp-content\/uploads\/2026\/03\/tupras-nextremers-programi-7inci-kez-genc-yeteneklerle-bulusuyor-300x200.jpg 300w, https:\/\/www.enerjigazetesi.ist\/wp-content\/uploads\/2026\/03\/tupras-nextremers-programi-7inci-kez-genc-yeteneklerle-bulusuyor-500x334.jpg 500w, https:\/\/www.enerjigazetesi.ist\/wp-content\/uploads\/2026\/03\/tupras-nextremers-programi-7inci-kez-genc-yeteneklerle-bulusuyor-75x50.jpg 75w, https:\/\/www.enerjigazetesi.ist\/wp-content\/uploads\/2026\/03\/tupras-nextremers-programi-7inci-kez-genc-yeteneklerle-bulusuyor-450x300.jpg 450w\" sizes=\"(max-width: 500px) 100vw, 500px\" \/><\/p>\n<p>T\u00fcpra\u015f, enerji sekt\u00f6r\u00fcne gen\u00e7 yetenekler kazand\u0131rmay\u0131 hedefleyen Nextremers program\u0131n\u0131 bu y\u0131l yedinci kez hayata ge\u00e7iriyor. T\u00fcpra\u015f\u2019\u0131n yeni nesil yetenek kazan\u0131m\u0131 yakla\u015f\u0131m\u0131n\u0131n bir \u00e7\u0131kt\u0131s\u0131 olan Nextremers, enerji sekt\u00f6r\u00fcnde kariyer hedefleyen gen\u00e7lere b\u00fct\u00fcnsel bir geli\u015fim imk\u00e2n\u0131 sunmay\u0131 ama\u00e7l\u0131yor.<\/p>\n<p>Nextremers program\u0131na 2025-2026 \u00f6\u011fretim y\u0131l\u0131nda \u00fcniversitelerin 3.- 4. s\u0131n\u0131f lisans ya da y\u00fcksek lisans \u00f6\u011frencileri ile 2025 y\u0131l\u0131 mezunlar\u0131 ba\u015fvurabiliyor. Programa kabul edilen \u00f6\u011frencilere haftada en az \u00fc\u00e7 g\u00fcn, mezun adaylara ise haftada be\u015f g\u00fcn T\u00fcpra\u015f\u2019ta \u00e7al\u0131\u015fma f\u0131rsat\u0131 sunuluyor.<\/p>\n<p>Program kapsam\u0131nda kat\u0131l\u0131mc\u0131lar, T\u00fcpra\u015f b\u00fcnyesinde y\u00fcr\u00fct\u00fclen projelerde sorumluluk \u00fcstlenirken; T\u00fcpra\u015f Akademi\u2019nin sundu\u011fu liderlik ve teknik e\u011fitimlerden yararlan\u0131yor, Ko\u00e7 Akademi\u2019nin zengin e\u011fitim katalo\u011funa da eri\u015fim sa\u011flayabiliyor. Ayn\u0131 zamanda, program s\u00fcresince T\u00fcpra\u015f Sosyal Etkinlik Kul\u00fcpleri ve Spor Tak\u0131mlar\u0131na kat\u0131l\u0131m sa\u011flayarak sosyal geli\u015fimlerini de destekleme f\u0131rsat\u0131 elde ediyor.<\/p>\n<div id=\"attachment_203020\" style=\"width: 510px\" class=\"wp-caption aligncenter\"><img aria-describedby=\"caption-attachment-203020\" loading=\"lazy\" class=\"wp-image-203020\" src=\"https:\/\/www.enerjigazetesi.ist\/wp-content\/uploads\/2026\/03\/onder-korkmaz.jpg\" alt=\"\" width=\"500\" height=\"429\" srcset=\"https:\/\/www.enerjigazetesi.ist\/wp-content\/uploads\/2026\/03\/onder-korkmaz.jpg 550w, https:\/\/www.enerjigazetesi.ist\/wp-content\/uploads\/2026\/03\/onder-korkmaz-300x257.jpg 300w, https:\/\/www.enerjigazetesi.ist\/wp-content\/uploads\/2026\/03\/onder-korkmaz-466x400.jpg 466w, https:\/\/www.enerjigazetesi.ist\/wp-content\/uploads\/2026\/03\/onder-korkmaz-58x50.jpg 58w, https:\/\/www.enerjigazetesi.ist\/wp-content\/uploads\/2026\/03\/onder-korkmaz-500x429.jpg 500w\" sizes=\"(max-width: 500px) 100vw, 500px\" \/><p id=\"caption-attachment-203020\" class=\"wp-caption-text\">T\u00fcpra\u015f \u0130nsan Kaynaklar\u0131 Genel M\u00fcd\u00fcr Yard\u0131mc\u0131s\u0131 \u00d6nder Korkmaz<\/p><\/div>\n<p><strong>T\u00fcpra\u015f \u0130nsan Kaynaklar\u0131 Genel M\u00fcd\u00fcr Yard\u0131mc\u0131s\u0131 \u00d6nder Korkmaz<\/strong>, program\u0131n amac\u0131na \u015fu s\u00f6zlerle dikkat \u00e7ekti:\u00a0<em>\u201cNextremers yaln\u0131zca bir yetenek program\u0131 de\u011fil; gelece\u011fin T\u00fcpra\u015fl\u0131lar\u0131na \u00f6zel olarak gen\u00e7ler ile tasarlanm\u0131\u015f b\u00fct\u00fcnc\u00fcl bir i\u015f deneyimi. Ba\u015flang\u0131c\u0131ndan bu yana 7 y\u0131lda programa kat\u0131lan 300\u2019den fazla Nextremers ile; global e\u011fitimlerden g\u00f6n\u00fcll\u00fcl\u00fck projelerine, spor tak\u0131mlar\u0131ndan sosyal etkinliklere program\u0131m\u0131z\u0131 hep beraber geli\u015ftirmeye devam ediyoruz. Ge\u00e7ti\u011fimiz y\u0131l 28 binin \u00fczerinde ba\u015fvuru alan Nextremers program\u0131nda her y\u0131l bir \u00f6ncekinden daha da \u00e7ok gence ula\u015fmay\u0131 hedefliyoruz.\u00a0T\u00fcpra\u015fl\u0131lar olarak 2026 Nextremers ekiplerini; hem \u0130stanbul\u2019da yer alan Genel M\u00fcd\u00fcrl\u00fc\u011f\u00fcm\u00fczde hem de \u0130zmit, \u0130zmir, K\u0131r\u0131kkale ve Batman\u2019da yer alan rafinerilerimizde heyecanla bekliyoruz.\u201d<\/em><\/p>\n<p>T\u00fcpra\u015f, uzun d\u00f6nemli Nextremers program\u0131n\u0131n yan\u0131 s\u0131ra yaz d\u00f6neminde uygulanan k\u0131sa d\u00f6nem staj program\u0131n\u0131 da s\u00fcrd\u00fcr\u00fcyor. K\u0131sa d\u00f6nemli staj program\u0131na y\u00f6nelik ba\u015fvurular\u0131n\u0131n ise Nisan ay\u0131 i\u00e7erisinde a\u00e7\u0131lmas\u0131 planlan\u0131yor.<\/p>\n<p><strong>T\u00fcpra\u015f Nextremers<\/strong>\u00a0program\u0131na, <strong>31 Mart<\/strong> tarihine kadar\u00a0<a href=\"https:\/\/tupras.gethirex.com\/o\/tupras\/eppbr23zik8hs5fc--nextremers-talent-program-2026\/\" target=\"_blank\" rel=\"noopener\"><strong>ba\u011flant\u0131dan<\/strong><\/a>\u00a0veya sosyal medya hesaplar\u0131nda yer alan ilanlar \u00fczerinden ba\u015fvuru yap\u0131labiliyor.<\/p>","protected":false},"excerpt":{"rendered":"<p>Sorry, this entry is only available in Turkish. For the sake of viewer convenience, the content is shown below in the alternative language. You may click the link to switch the active language. T\u00fcpra\u015f\u2019\u0131n, gen\u00e7 yeteneklerin kariyer yolculuklar\u0131n\u0131 desteklemek amac\u0131yla hayata ge\u00e7irdi\u011fi Nextremers program\u0131n\u0131n yeni d\u00f6nemi i\u00e7in ba\u015fvurular a\u00e7\u0131ld\u0131. Program kapsam\u0131nda \u00fcniversite \u00f6\u011frencileri ve gen\u00e7 [&hellip;]<\/p>\n","protected":false},"author":1,"featured_media":203021,"comment_status":"open","ping_status":"open","sticky":false,"template":"","format":"standard","meta":[],"categories":[53,44],"tags":[113159,79609,68462,28565,1000,68464,99777],"views":8,"_links":{"self":[{"href":"https:\/\/www.enerjigazetesi.ist\/en\/wp-json\/wp\/v2\/posts\/203018"}],"collection":[{"href":"https:\/\/www.enerjigazetesi.ist\/en\/wp-json\/wp\/v2\/posts"}],"about":[{"href":"https:\/\/www.enerjigazetesi.ist\/en\/wp-json\/wp\/v2\/types\/post"}],"author":[{"embeddable":true,"href":"https:\/\/www.enerjigazetesi.ist\/en\/wp-json\/wp\/v2\/users\/1"}],"replies":[{"embeddable":true,"href":"https:\/\/www.enerjigazetesi.ist\/en\/wp-json\/wp\/v2\/comments?post=203018"}],"version-history":[{"count":0,"href":"https:\/\/www.enerjigazetesi.ist\/en\/wp-json\/wp\/v2\/posts\/203018\/revisions"}],"wp:featuredmedia":[{"embeddable":true,"href":"https:\/\/www.enerjigazetesi.ist\/en\/wp-json\/wp\/v2\/media\/203021"}],"wp:attachment":[{"href":"https:\/\/www.enerjigazetesi.ist\/en\/wp-json\/wp\/v2\/media?parent=203018"}],"wp:term":[{"taxonomy":"category","embeddable":true,"href":"https:\/\/www.enerjigazetesi.ist\/en\/wp-json\/wp\/v2\/categories?post=203018"},{"taxonomy":"post_tag","embeddable":true,"href":"https:\/\/www.enerjigazetesi.ist\/en\/wp-json\/wp\/v2\/tags?post=203018"}],"curies":[{"name":"wp","href":"https:\/\/api.w.org\/{rel}","templated":true}]}}