{"id":202944,"date":"2026-03-03T16:02:56","date_gmt":"2026-03-03T13:02:56","guid":{"rendered":"https:\/\/www.enerjigazetesi.ist\/?p=202944"},"modified":"2026-03-03T16:02:56","modified_gmt":"2026-03-03T13:02:56","slug":"kadinlar-icin-enerji-okulunun-2inci-donem-kayitlari-devam-ediyor","status":"publish","type":"post","link":"https:\/\/www.enerjigazetesi.ist\/en\/kadinlar-icin-enerji-okulunun-2inci-donem-kayitlari-devam-ediyor\/","title":{"rendered":"(Turkish) &#8217;Kad\u0131nlar \u0130\u00e7in Enerji Okulu&#8217;nun 2&#8217;inci D\u00f6nem Kay\u0131tlar\u0131 Devam Ediyor"},"content":{"rendered":"<p class=\"qtranxs-available-languages-message qtranxs-available-languages-message-en\">Sorry, this entry is only available in <a href=\"https:\/\/www.enerjigazetesi.ist\/tr\/wp-json\/wp\/v2\/posts\/202944\" class=\"qtranxs-available-language-link qtranxs-available-language-link-tr\" title=\"Turkish\">Turkish<\/a>. For the sake of viewer convenience, the content is shown below in the alternative language. You may click the link to switch the active language.<\/p><p><\/p>\n<h2><strong>Enerji sekt\u00f6r\u00fcnde kad\u0131n uzmanl\u0131\u011f\u0131n\u0131 art\u0131rmak ve sekt\u00f6re nitelikli kad\u0131n profesyoneller kazand\u0131rmak amac\u0131yla hayata ge\u00e7irilen Kad\u0131nlar \u0130\u00e7in Enerji Okulu, 2026 e\u011fitim d\u00f6nemi i\u00e7in 23 \u015eubat\u2019ta ba\u015fvurular\u0131n\u0131 a\u00e7t\u0131. Program\u0131n yeni d\u00f6nem ba\u015fvurular\u0131 23 Mart tarihine kadar online olarak al\u0131nmaya devam edecek.<\/strong><\/h2>\n<p style=\"text-align: center;\"><img loading=\"lazy\" class=\"aligncenter wp-image-202946\" src=\"https:\/\/www.enerjigazetesi.ist\/wp-content\/uploads\/2026\/03\/kadinlar-icin-enerji-okulunun-2inci-donem-kayitlari-devam-ediyor.jpg\" alt=\"\" width=\"500\" height=\"328\" srcset=\"https:\/\/www.enerjigazetesi.ist\/wp-content\/uploads\/2026\/03\/kadinlar-icin-enerji-okulunun-2inci-donem-kayitlari-devam-ediyor.jpg 550w, https:\/\/www.enerjigazetesi.ist\/wp-content\/uploads\/2026\/03\/kadinlar-icin-enerji-okulunun-2inci-donem-kayitlari-devam-ediyor-300x197.jpg 300w, https:\/\/www.enerjigazetesi.ist\/wp-content\/uploads\/2026\/03\/kadinlar-icin-enerji-okulunun-2inci-donem-kayitlari-devam-ediyor-500x328.jpg 500w, https:\/\/www.enerjigazetesi.ist\/wp-content\/uploads\/2026\/03\/kadinlar-icin-enerji-okulunun-2inci-donem-kayitlari-devam-ediyor-76x50.jpg 76w\" sizes=\"(max-width: 500px) 100vw, 500px\" \/><\/p>\n<p>T\u00fcrkiye\u2019de enerji piyasalar\u0131n\u0131n h\u0131zla d\u00f6n\u00fc\u015f\u00fcm ge\u00e7irdi\u011fi, yenilenebilir enerji yat\u0131r\u0131mlar\u0131n\u0131n artt\u0131\u011f\u0131 ve Avrupa Birli\u011fi mevzuat\u0131na uyum s\u00fcrecinin derinle\u015fti\u011fi bir d\u00f6nemde tasarlanan <strong>Kad\u0131nlar \u0130\u00e7in Enerji Okulu<\/strong> e\u011fitim program\u0131, kat\u0131l\u0131mc\u0131lara hem teorik hem de uygulamaya d\u00f6n\u00fck kapsaml\u0131 bir i\u00e7erik sunacak. Program yaln\u0131zca e\u011fitimle s\u0131n\u0131rl\u0131 kalmay\u0131p, kat\u0131l\u0131mc\u0131lara i\u015f ve istihdam imkanlar\u0131 yaratmay\u0131 da hedefleyen b\u00fct\u00fcnc\u00fcl bir model olarak kurguland\u0131.<\/p>\n<h3><strong>Enerji D\u00f6n\u00fc\u015f\u00fcm\u00fcnde Kad\u0131n G\u00fcc\u00fc<\/strong><\/h3>\n<p>D\u00fcnya genelinde enerji sekt\u00f6r\u00fcnde kad\u0131n istihdam\u0131 art\u0131\u015f g\u00f6sterse de \u00fcst d\u00fczey ve teknik pozisyonlarda kad\u0131n temsili hala s\u0131n\u0131rl\u0131 seviyede. \u00d6zellikle elektrik piyasalar\u0131, karbon d\u00fczenlemeleri ve s\u00fcrd\u00fcr\u00fclebilirlik alanlar\u0131nda uzmanla\u015fm\u0131\u015f kad\u0131n profesyonellere duyulan ihtiya\u00e7 giderek art\u0131yor.<\/p>\n<p><strong>Kad\u0131nlar \u0130\u00e7in Enerji Okulu<\/strong> bu ihtiyaca yan\u0131t vermek amac\u0131yla kat\u0131l\u0131mc\u0131lar\u0131na sekt\u00f6r\u00fcn teknik, finansal ve reg\u00fclasyon boyutlar\u0131n\u0131 b\u00fct\u00fcnc\u00fcl bir \u00e7er\u00e7evede sunmay\u0131 hedefliyor. Program, enerji sekt\u00f6r\u00fcnde kariyer yapmak isteyen ya da mevcut kariyerini g\u00fc\u00e7lendirmek isteyen kad\u0131nlara y\u00f6nelik olarak tasarland\u0131. Program kapsam\u0131nda ba\u015far\u0131l\u0131 kat\u0131l\u0131mc\u0131lar i\u00e7in kamu ve \u00f6zel sekt\u00f6rde kariyer ba\u011flant\u0131lar\u0131 kurulmas\u0131 ve sekt\u00f6rel istihdam f\u0131rsatlar\u0131na eri\u015fim sa\u011flanmas\u0131 da hedefleniyor.<\/p>\n<h3><strong>Kapsaml\u0131 E\u011fitim \u0130\u00e7eri\u011fi<\/strong><\/h3>\n<p>Yeni d\u00f6nem e\u011fitim program\u0131nda yer alacak ba\u015fl\u0131ca konu ba\u015fl\u0131klar\u0131 \u015fu \u015fekilde s\u0131raland\u0131: T\u00fcrkiye elektrik piyasas\u0131na genel bak\u0131\u015f; Yenilenebilir enerji kaynaklar\u0131 ve hibrit tesisler; Lisanslama s\u00fcre\u00e7leri; Elektrik piyasas\u0131 fiyatland\u0131rma mekanizmalar\u0131; Elektrik piyasas\u0131nda tarifeler; EP\u0130A\u015e b\u00fcnyesindeki G\u00fcn \u00d6ncesi ve G\u00fcn \u0130\u00e7i Piyasalar\u0131; Dengeleme ve Uzla\u015ft\u0131rma Mekanizmas\u0131; YEKDEM, YEKA ve YEK-G mekanizmalar\u0131; Elektrik piyasas\u0131nda depolama ve toplay\u0131c\u0131l\u0131k faaliyetleri; S\u00fcrd\u00fcr\u00fclebilir enerji g\u00fcndemi; Avrupa Birli\u011fi Ye\u015fil Mutabakat\u0131 ve S\u0131n\u0131rda Karbon D\u00fczenleme Mekanizmas\u0131; Emisyon Ticaret Sistemi ve ETS raporlamas\u0131.<\/p>\n<p>Program, kat\u0131l\u0131mc\u0131lar\u0131n hem mevzuat bilgisi hem de piyasa i\u015fleyi\u015fine dair pratik fark\u0131ndal\u0131k kazanmalar\u0131n\u0131 hedefliyor. Ayr\u0131ca EPDK b\u00fcnyesinde 3 \u00f6\u011frenciye staj imk\u00e2n\u0131 sunularak kat\u0131l\u0131mc\u0131lar\u0131n reg\u00fclasyon s\u00fcre\u00e7lerini yerinde deneyimlemeleri sa\u011flanacak.<\/p>\n<h3><strong>2. D\u00f6nem Takvimi<\/strong><\/h3>\n<p><strong>23 \u015eubat\u2019ta<\/strong> ba\u015flayan ba\u015fvurular, <strong>23 Mart\u2019a<\/strong> kadar devam edecek. Kazanan adaylar <strong>3 Nisan\u2019da<\/strong> ilan edilecek. Kesin kay\u0131t s\u00fcreci<strong> 12 Nisan\u2019da<\/strong>, son onaylar ise <strong>19 Nisan\u2019da<\/strong> tamamlanacak.<\/p>\n<p>Program 2 May\u0131s\u2019ta a\u00e7\u0131l\u0131\u015f program\u0131yla ba\u015flayacak. Ayn\u0131 g\u00fcn EPDK\u2019da ger\u00e7ekle\u015ftirilecek G\u00fc\u00e7lendirme At\u00f6lyesi ve \u00c7al\u0131\u015fmalar\u0131\u2019yla, kat\u0131l\u0131mc\u0131lar sekt\u00f6rel karar alma s\u00fcre\u00e7lerini yak\u0131ndan g\u00f6zlemleme ve kurum i\u00e7i uzmanlarla bir araya gelme f\u0131rsat\u0131 bulacak. E\u011fitim mod\u00fclleri t\u00fcm May\u0131s ay\u0131 boyunca devam edecek ve online s\u0131nav 20 May\u0131s\u2019ta ger\u00e7ekle\u015ftirilecek. Program kapan\u0131\u015f\u0131 ise May\u0131s ay\u0131 ortas\u0131nda yap\u0131lacak.<\/p>\n<h3><strong>Sekt\u00f6re Nitelikli Kad\u0131n Uzmanlar<\/strong><\/h3>\n<p>Kad\u0131nlar \u0130\u00e7in Enerji Okulu, enerji sekt\u00f6r\u00fcn\u00fcn d\u00f6n\u00fc\u015f\u00fcm s\u00fcrecinde kad\u0131nlar\u0131n daha g\u00f6r\u00fcn\u00fcr, daha yetkin ve karar mekanizmalar\u0131nda daha etkin rol almas\u0131n\u0131 ama\u00e7l\u0131yor. Program sonunda kat\u0131l\u0131mc\u0131lar, elektrik piyasalar\u0131n\u0131n i\u015fleyi\u015fini anlayan, yenilenebilir enerji mekanizmalar\u0131na hakim ve s\u00fcrd\u00fcr\u00fclebilirlik g\u00fcndemini okuyabilen donan\u0131ml\u0131 profesyoneller olarak sekt\u00f6re katk\u0131 sunacak. E\u011fitim sonras\u0131 olu\u015fturulacak mezun a\u011f\u0131 ve sekt\u00f6r payda\u015flar\u0131yla kurulacak i\u015f birlikleri sayesinde kat\u0131l\u0131mc\u0131lar\u0131n kariyer yolculuklar\u0131n\u0131n somut istihdam f\u0131rsatlar\u0131yla desteklenmesi hedefleniyor.<\/p>","protected":false},"excerpt":{"rendered":"<p>Sorry, this entry is only available in Turkish. For the sake of viewer convenience, the content is shown below in the alternative language. You may click the link to switch the active language. Enerji sekt\u00f6r\u00fcnde kad\u0131n uzmanl\u0131\u011f\u0131n\u0131 art\u0131rmak ve sekt\u00f6re nitelikli kad\u0131n profesyoneller kazand\u0131rmak amac\u0131yla hayata ge\u00e7irilen Kad\u0131nlar \u0130\u00e7in Enerji Okulu, 2026 e\u011fitim d\u00f6nemi i\u00e7in [&hellip;]<\/p>\n","protected":false},"author":1,"featured_media":202946,"comment_status":"open","ping_status":"open","sticky":false,"template":"","format":"standard","meta":[],"categories":[51,53],"tags":[1949,10234,165,117989,115932,116513,1296],"views":21,"_links":{"self":[{"href":"https:\/\/www.enerjigazetesi.ist\/en\/wp-json\/wp\/v2\/posts\/202944"}],"collection":[{"href":"https:\/\/www.enerjigazetesi.ist\/en\/wp-json\/wp\/v2\/posts"}],"about":[{"href":"https:\/\/www.enerjigazetesi.ist\/en\/wp-json\/wp\/v2\/types\/post"}],"author":[{"embeddable":true,"href":"https:\/\/www.enerjigazetesi.ist\/en\/wp-json\/wp\/v2\/users\/1"}],"replies":[{"embeddable":true,"href":"https:\/\/www.enerjigazetesi.ist\/en\/wp-json\/wp\/v2\/comments?post=202944"}],"version-history":[{"count":0,"href":"https:\/\/www.enerjigazetesi.ist\/en\/wp-json\/wp\/v2\/posts\/202944\/revisions"}],"wp:featuredmedia":[{"embeddable":true,"href":"https:\/\/www.enerjigazetesi.ist\/en\/wp-json\/wp\/v2\/media\/202946"}],"wp:attachment":[{"href":"https:\/\/www.enerjigazetesi.ist\/en\/wp-json\/wp\/v2\/media?parent=202944"}],"wp:term":[{"taxonomy":"category","embeddable":true,"href":"https:\/\/www.enerjigazetesi.ist\/en\/wp-json\/wp\/v2\/categories?post=202944"},{"taxonomy":"post_tag","embeddable":true,"href":"https:\/\/www.enerjigazetesi.ist\/en\/wp-json\/wp\/v2\/tags?post=202944"}],"curies":[{"name":"wp","href":"https:\/\/api.w.org\/{rel}","templated":true}]}}