{"id":202844,"date":"2026-02-19T14:38:45","date_gmt":"2026-02-19T11:38:45","guid":{"rendered":"https:\/\/www.enerjigazetesi.ist\/?p=202844"},"modified":"2026-02-19T14:38:45","modified_gmt":"2026-02-19T11:38:45","slug":"2026-ruzgar-ve-gunes-yatirimlarinin-sahada-karsilik-buldugu-yil-olacak","status":"publish","type":"post","link":"https:\/\/www.enerjigazetesi.ist\/en\/2026-ruzgar-ve-gunes-yatirimlarinin-sahada-karsilik-buldugu-yil-olacak\/","title":{"rendered":"(Turkish) 2026, R\u00fczgar ve G\u00fcne\u015f Yat\u0131r\u0131mlar\u0131n\u0131n Sahada Kar\u015f\u0131l\u0131k Buldu\u011fu Y\u0131l Olacak"},"content":{"rendered":"<p class=\"qtranxs-available-languages-message qtranxs-available-languages-message-en\">Sorry, this entry is only available in <a href=\"https:\/\/www.enerjigazetesi.ist\/tr\/wp-json\/wp\/v2\/posts\/202844\" class=\"qtranxs-available-language-link qtranxs-available-language-link-tr\" title=\"Turkish\">Turkish<\/a>. For the sake of viewer convenience, the content is shown below in the alternative language. You may click the link to switch the active language.<\/p><p><\/p>\n<h2>Yenilenebilir enerji yat\u0131r\u0131mlar\u0131nda r\u00fczg\u00e2r enerjisi; proje stokunun yat\u0131r\u0131ma d\u00f6n\u00fc\u015fme h\u0131z\u0131 ve devreye alma performans\u0131 a\u00e7\u0131s\u0131ndan \u00f6ne \u00e7\u0131k\u0131yor. \u00d6zellikle izin s\u00fcre\u00e7lerini tamamlam\u0131\u015f ve uzun s\u00fcredir haz\u0131rl\u0131\u011f\u0131 yap\u0131lan r\u00fczg\u00e2r projelerinin 2026 y\u0131l\u0131 itibar\u0131yla sahada kar\u015f\u0131l\u0131k bulmas\u0131 \u00f6ng\u00f6r\u00fcl\u00fcrken; yat\u0131r\u0131m s\u00fcre\u00e7lerinde zaman y\u00f6netimi ve sahadaki uygulama disiplininin sekt\u00f6r a\u00e7\u0131s\u0131ndan belirleyici hale geldi\u011fi g\u00f6r\u00fcl\u00fcyor.<\/h2>\n<p style=\"text-align: center;\"><img loading=\"lazy\" class=\"aligncenter wp-image-202846\" src=\"https:\/\/www.enerjigazetesi.ist\/wp-content\/uploads\/2026\/02\/2026-ruzgar-ve-gunes-yatirimlarinin-sahada-karsilik-buldugu-yil-olacak.jpg\" alt=\"\" width=\"500\" height=\"325\" srcset=\"https:\/\/www.enerjigazetesi.ist\/wp-content\/uploads\/2026\/02\/2026-ruzgar-ve-gunes-yatirimlarinin-sahada-karsilik-buldugu-yil-olacak.jpg 550w, https:\/\/www.enerjigazetesi.ist\/wp-content\/uploads\/2026\/02\/2026-ruzgar-ve-gunes-yatirimlarinin-sahada-karsilik-buldugu-yil-olacak-300x195.jpg 300w, https:\/\/www.enerjigazetesi.ist\/wp-content\/uploads\/2026\/02\/2026-ruzgar-ve-gunes-yatirimlarinin-sahada-karsilik-buldugu-yil-olacak-500x325.jpg 500w, https:\/\/www.enerjigazetesi.ist\/wp-content\/uploads\/2026\/02\/2026-ruzgar-ve-gunes-yatirimlarinin-sahada-karsilik-buldugu-yil-olacak-77x50.jpg 77w\" sizes=\"(max-width: 500px) 100vw, 500px\" \/><\/p>\n<p>2025 y\u0131l\u0131 ile 2026\u2019n\u0131n ilk \u00e7eyre\u011fi, izin s\u00fcre\u00e7lerindeki iyile\u015ftirmeler a\u00e7\u0131s\u0131ndan bug\u00fcne kadarki en yap\u0131c\u0131 d\u00f6nemler aras\u0131nda yer al\u0131yor. Geride kalan iki kritik d\u00fczenleme ve uygulamada yap\u0131lmas\u0131 \u00f6ng\u00f6r\u00fclen sadele\u015ftirmelerle, bug\u00fcn ortalama 5,4 y\u0131l olan yat\u0131r\u0131ma ge\u00e7i\u015f s\u00fcrelerinin orta vadede 15\u201318 ay band\u0131na \u00e7ekilmesi m\u00fcmk\u00fcn hale gelebilecektir.<\/p>\n<p>Bu kapsamda ARI-ES Enerji, 2026 y\u0131l\u0131na y\u00f6nelik beklentilerini T\u00fcrkiye\u2019nin 2035 yenilenebilir enerji hedefleri \u00e7er\u00e7evesinde de\u011ferlendiriyor. T\u00fcrkiye\u2019nin r\u00fczg\u00e2r ve g\u00fcne\u015f enerjisinde toplam\u00a0<strong>120 bin MW<\/strong>\u00a0kurulu g\u00fcce ula\u015fma hedefi do\u011frultusunda, yat\u0131r\u0131m s\u00fcre\u00e7lerinde zaman y\u00f6netimi ve sahadaki uygulama kalitesinin belirleyici hale geldi\u011fini vurgulayan <strong>ARI-ES Enerji Genel M\u00fcd\u00fcr\u00fc\u00a0Ebru Ar\u0131c\u0131,<\/strong> yat\u0131r\u0131mlar\u0131n h\u0131z kaybetmeden devreye al\u0131nmas\u0131n\u0131n sekt\u00f6r\u00fcn g\u00fcc\u00fcn\u00fc ve yat\u0131r\u0131m i\u015ftah\u0131n\u0131 korumas\u0131 a\u00e7\u0131s\u0131ndan kritik \u00f6nem ta\u015f\u0131d\u0131\u011f\u0131na dikkat \u00e7ekiyor. Ar\u0131c\u0131, \u00f6n\u00fcm\u00fczdeki d\u00f6nemde\u00a0<strong>devreye alma performans\u0131n\u0131n sekt\u00f6r\u00fcn ana g\u00fcndem ba\u015fl\u0131klar\u0131ndan biri olaca\u011f\u0131n\u0131<\/strong>\u00a0ifade ediyor.<\/p>\n<div id=\"attachment_202847\" style=\"width: 510px\" class=\"wp-caption aligncenter\"><img aria-describedby=\"caption-attachment-202847\" loading=\"lazy\" class=\"wp-image-202847\" src=\"https:\/\/www.enerjigazetesi.ist\/wp-content\/uploads\/2026\/02\/ebru-arici.jpg\" alt=\"\" width=\"500\" height=\"380\" srcset=\"https:\/\/www.enerjigazetesi.ist\/wp-content\/uploads\/2026\/02\/ebru-arici.jpg 532w, https:\/\/www.enerjigazetesi.ist\/wp-content\/uploads\/2026\/02\/ebru-arici-300x228.jpg 300w, https:\/\/www.enerjigazetesi.ist\/wp-content\/uploads\/2026\/02\/ebru-arici-500x380.jpg 500w, https:\/\/www.enerjigazetesi.ist\/wp-content\/uploads\/2026\/02\/ebru-arici-66x50.jpg 66w\" sizes=\"(max-width: 500px) 100vw, 500px\" \/><p id=\"caption-attachment-202847\" class=\"wp-caption-text\">ARI-ES Enerji Genel M\u00fcd\u00fcr\u00fc\u00a0Ebru Ar\u0131c\u0131<\/p><\/div>\n<p>R\u00fczg\u00e2r ve g\u00fcne\u015f enerjisi alan\u0131nda proje geli\u015ftirme, m\u00fchendislik ve uygulama s\u00fcre\u00e7lerinde faaliyet g\u00f6steren ARI-ES Enerji; \u00f6zellikle izin s\u00fcre\u00e7lerini tamamlam\u0131\u015f projelerin sahaya ta\u015f\u0131nmas\u0131, devreye alma y\u00f6netimi ve uygulama kalitesi konular\u0131nda uzmanla\u015f\u0131yor. Farkl\u0131 \u00f6l\u00e7eklerdeki yenilenebilir enerji yat\u0131r\u0131mlar\u0131nda saha deneyimi ve zaman y\u00f6netimi odakl\u0131 yakla\u015f\u0131m\u0131yla \u00f6ne \u00e7\u0131kan \u015firket;\u00a0<strong>15.000 MW i\u015fletmedeki<\/strong>,\u00a0<strong>25.000 MW izin s\u00fcre\u00e7lerindeki<\/strong><br \/>\ntoplam\u00a0<strong>40.000 MW\u2019l\u0131k yenilenebilir enerji portf\u00f6y\u00fcn\u00fcn<\/strong>\u00a0(r\u00fczg\u00e2r + g\u00fcne\u015f)\u00a0<strong>y\u00fczde 25\u2019ine kar\u015f\u0131l\u0131k gelen 10.000 MW\u2019l\u0131k b\u00f6l\u00fcm\u00fcnde<\/strong>, r\u00fczg\u00e2r projeleri olmak \u00fczere aktif olarak proje geli\u015ftirme s\u00fcre\u00e7lerini y\u00fcr\u00fct\u00fcyor. Bu portf\u00f6y i\u00e7erisinde,\u00a0<strong>r\u00fczg\u00e2r enerjisine dayal\u0131 25.000 MW\u2019l\u0131k RES portf\u00f6y\u00fcn\u00fcn 20.000 MW\u2019l\u0131k b\u00f6l\u00fcm\u00fcnde<\/strong>\u00a0edinilen saha tecr\u00fcbesinin, 2026 y\u0131l\u0131 itibar\u0131yla r\u00fczg\u00e2r yat\u0131r\u0131mlar\u0131n\u0131n daha h\u0131zl\u0131 ve \u00f6ng\u00f6r\u00fclebilir \u015fekilde devreye al\u0131nmas\u0131na katk\u0131 sa\u011flayaca\u011f\u0131 de\u011ferlendiriliyor.<\/p>\n<p>ARI-ES Enerji\u2019nin r\u00fczg\u00e2r enerjisine dayal\u0131\u00a0<strong>25.000 MW\u2019l\u0131k RES portf\u00f6y\u00fcn\u00fcn \u00f6nemli bir b\u00f6l\u00fcm\u00fcn\u00fcn<\/strong>\u00a02026 y\u0131l\u0131 itibar\u0131yla sahaya ta\u015f\u0131nmas\u0131 \u00f6ng\u00f6r\u00fcl\u00fcrken; bu s\u00fcre\u00e7te devreye alma a\u015famalar\u0131 ve zaman planlamas\u0131n\u0131n belirleyici oldu\u011fu g\u00f6r\u00fcl\u00fcyor. Mevcut proje sto\u011funun fiili yat\u0131r\u0131ma d\u00f6n\u00fc\u015fmesi, r\u00fczg\u00e2r enerjisinde yat\u0131r\u0131m temposunun korunmas\u0131 ve sekt\u00f6r genelindeki uygulama performans\u0131 a\u00e7\u0131s\u0131ndan kritik \u00f6nem ta\u015f\u0131yor.<\/p>\n<h3><strong>TEK B\u0130R MEGAVATI B\u0130LE KAYBETME L\u00dcKS\u00dcM\u00dcZ YOK<\/strong><\/h3>\n<p>R\u00fczg\u00e2r enerjisinde bug\u00fcne kadar olu\u015fan proje birikiminin art\u0131k sahada kar\u015f\u0131l\u0131k bulmas\u0131 gerekti\u011fini vurgulayan <strong>ARI-ES Enerji Genel M\u00fcd\u00fcr\u00fc<\/strong>\u00a0<strong>Ebru Ar\u0131c\u0131<\/strong>\u00a0\u015funlar\u0131 s\u00f6yledi:<\/p>\n<p><em>\u201cT\u00fcrkiye\u2019de r\u00fczg\u00e2r enerjisinde ciddi bir proje birikimi olu\u015ftu. Bug\u00fcn yakla\u015f\u0131k 15 bin MW seviyesindeki kurulu g\u00fc\u00e7, g\u00fc\u00e7l\u00fc bir ekosisteme i\u015faret ediyor. Ancak bu birikimin ger\u00e7ek kar\u015f\u0131l\u0131\u011f\u0131, projelerin sahaya ne kadar h\u0131zl\u0131 ve sa\u011fl\u0131kl\u0131 ta\u015f\u0131nd\u0131\u011f\u0131yla \u00f6l\u00e7\u00fclecek. R\u00fczg\u00e2r projelerinde yat\u0131r\u0131ma ge\u00e7i\u015f s\u00fcrelerinin k\u0131salt\u0131lmas\u0131 ve\u00a0<strong>tek bir megavat\u0131n bile sahada kaybedilmemesi<\/strong>, sekt\u00f6r a\u00e7\u0131s\u0131ndan kritik \u00f6nemde.\u201d<\/em><\/p>\n<h3><strong>2035 HEDEFLER\u0130 HIZ VE UYGULAMA KAL\u0130TES\u0130N\u0130 \u00d6NE \u00c7IKARIYOR<\/strong><\/h3>\n<p>T\u00fcrkiye\u2019nin 2035 y\u0131l\u0131na kadar r\u00fczg\u00e2r ve g\u00fcne\u015f enerjisinde toplam\u00a0<strong>120 bin MW<\/strong>\u00a0kurulu g\u00fcce ula\u015fma hedefi, her y\u0131l ortalama\u00a0<strong>7,5\u20138 bin MW<\/strong>\u00a0yeni kapasitenin devreye al\u0131nmas\u0131n\u0131 gerektiriyor. Bu \u00f6l\u00e7ekte bir d\u00f6n\u00fc\u015f\u00fcm\u00fcn yaln\u0131zca yeni projelerin geli\u015ftirilmesiyle de\u011fil; yat\u0131r\u0131m s\u00fcre\u00e7lerinin etkin y\u00f6netilmesi ve sahadaki uygulama kalitesinin art\u0131r\u0131lmas\u0131yla m\u00fcmk\u00fcn olabilece\u011fini vurgulayan Ar\u0131c\u0131, \u00f6n\u00fcm\u00fczdeki d\u00f6nemde\u00a0<strong>h\u0131z, zaman y\u00f6netimi ve devreye alma performans\u0131n\u0131n<\/strong>\u00a0sekt\u00f6r a\u00e7\u0131s\u0131ndan belirleyici ba\u015fl\u0131klar olaca\u011f\u0131n\u0131 ifade etti.<\/p>","protected":false},"excerpt":{"rendered":"<p>Sorry, this entry is only available in Turkish. For the sake of viewer convenience, the content is shown below in the alternative language. You may click the link to switch the active language. Yenilenebilir enerji yat\u0131r\u0131mlar\u0131nda r\u00fczg\u00e2r enerjisi; proje stokunun yat\u0131r\u0131ma d\u00f6n\u00fc\u015fme h\u0131z\u0131 ve devreye alma performans\u0131 a\u00e7\u0131s\u0131ndan \u00f6ne \u00e7\u0131k\u0131yor. \u00d6zellikle izin s\u00fcre\u00e7lerini tamamlam\u0131\u015f ve [&hellip;]<\/p>\n","protected":false},"author":1,"featured_media":202846,"comment_status":"open","ping_status":"open","sticky":false,"template":"","format":"standard","meta":[],"categories":[53,49,50],"tags":[117732,18,2326,2401,474,312,11149],"views":19,"_links":{"self":[{"href":"https:\/\/www.enerjigazetesi.ist\/en\/wp-json\/wp\/v2\/posts\/202844"}],"collection":[{"href":"https:\/\/www.enerjigazetesi.ist\/en\/wp-json\/wp\/v2\/posts"}],"about":[{"href":"https:\/\/www.enerjigazetesi.ist\/en\/wp-json\/wp\/v2\/types\/post"}],"author":[{"embeddable":true,"href":"https:\/\/www.enerjigazetesi.ist\/en\/wp-json\/wp\/v2\/users\/1"}],"replies":[{"embeddable":true,"href":"https:\/\/www.enerjigazetesi.ist\/en\/wp-json\/wp\/v2\/comments?post=202844"}],"version-history":[{"count":0,"href":"https:\/\/www.enerjigazetesi.ist\/en\/wp-json\/wp\/v2\/posts\/202844\/revisions"}],"wp:featuredmedia":[{"embeddable":true,"href":"https:\/\/www.enerjigazetesi.ist\/en\/wp-json\/wp\/v2\/media\/202846"}],"wp:attachment":[{"href":"https:\/\/www.enerjigazetesi.ist\/en\/wp-json\/wp\/v2\/media?parent=202844"}],"wp:term":[{"taxonomy":"category","embeddable":true,"href":"https:\/\/www.enerjigazetesi.ist\/en\/wp-json\/wp\/v2\/categories?post=202844"},{"taxonomy":"post_tag","embeddable":true,"href":"https:\/\/www.enerjigazetesi.ist\/en\/wp-json\/wp\/v2\/tags?post=202844"}],"curies":[{"name":"wp","href":"https:\/\/api.w.org\/{rel}","templated":true}]}}