{"id":202694,"date":"2026-02-06T18:19:20","date_gmt":"2026-02-06T15:19:20","guid":{"rendered":"https:\/\/www.enerjigazetesi.ist\/?p=202694"},"modified":"2026-02-06T18:19:20","modified_gmt":"2026-02-06T15:19:20","slug":"malatyada-deprem-sonrasi-enerji-altyapisina-35-milyar-tl-yatirim-yapildi","status":"publish","type":"post","link":"https:\/\/www.enerjigazetesi.ist\/en\/malatyada-deprem-sonrasi-enerji-altyapisina-35-milyar-tl-yatirim-yapildi\/","title":{"rendered":"(Turkish) &#8217;Malatya\u2019da Deprem Sonras\u0131 Enerji Altyap\u0131s\u0131na 3,5 Milyar TL Yat\u0131r\u0131m Yap\u0131ld\u0131"},"content":{"rendered":"<p class=\"qtranxs-available-languages-message qtranxs-available-languages-message-en\">Sorry, this entry is only available in <a href=\"https:\/\/www.enerjigazetesi.ist\/tr\/wp-json\/wp\/v2\/posts\/202694\" class=\"qtranxs-available-language-link qtranxs-available-language-link-tr\" title=\"Turkish\">Turkish<\/a>. For the sake of viewer convenience, the content is shown below in the alternative language. You may click the link to switch the active language.<\/p><p><\/p>\n<h2><strong>6 \u015eubat depremlerinin ard\u0131ndan Malatya\u2019da enerji altyap\u0131s\u0131n\u0131n yeniden aya\u011fa kald\u0131r\u0131lmas\u0131 i\u00e7in sahada aral\u0131ks\u0131z \u00e7al\u0131\u015fan F\u0131rat Elektrik Da\u011f\u0131t\u0131m A.\u015e. (F\u0131rat EDA\u015e), 3,5 milyar TL yat\u0131r\u0131m ger\u00e7ekle\u015ftirdi. Yat\u0131r\u0131mlar kapsam\u0131nda Malatya genelinde 83 da\u011f\u0131t\u0131m merkezi, 270 trafo, 36.255 direk, 10.671 armat\u00fcr ile 1.701 kilometre yeni hatt\u0131 \u015febekeye dahil eden F\u0131rat EDA\u015e, enerji arz\u0131n\u0131n g\u00fcvenli ve kesintisiz \u015fekilde s\u00fcrd\u00fcr\u00fclebilmesi i\u00e7in saha faaliyetlerini s\u00fcrd\u00fcr\u00fcyor.<\/strong><\/h2>\n<p style=\"text-align: center;\"><img loading=\"lazy\" class=\"aligncenter wp-image-202696\" src=\"https:\/\/www.enerjigazetesi.ist\/wp-content\/uploads\/2026\/02\/malatyada-deprem-sonrasi-enerji-altyapisina-35-milyar-tl-yatirim-yapildi.jpg\" alt=\"\" width=\"500\" height=\"334\" srcset=\"https:\/\/www.enerjigazetesi.ist\/wp-content\/uploads\/2026\/02\/malatyada-deprem-sonrasi-enerji-altyapisina-35-milyar-tl-yatirim-yapildi.jpg 550w, https:\/\/www.enerjigazetesi.ist\/wp-content\/uploads\/2026\/02\/malatyada-deprem-sonrasi-enerji-altyapisina-35-milyar-tl-yatirim-yapildi-300x200.jpg 300w, https:\/\/www.enerjigazetesi.ist\/wp-content\/uploads\/2026\/02\/malatyada-deprem-sonrasi-enerji-altyapisina-35-milyar-tl-yatirim-yapildi-500x334.jpg 500w, https:\/\/www.enerjigazetesi.ist\/wp-content\/uploads\/2026\/02\/malatyada-deprem-sonrasi-enerji-altyapisina-35-milyar-tl-yatirim-yapildi-75x50.jpg 75w, https:\/\/www.enerjigazetesi.ist\/wp-content\/uploads\/2026\/02\/malatyada-deprem-sonrasi-enerji-altyapisina-35-milyar-tl-yatirim-yapildi-450x300.jpg 450w\" sizes=\"(max-width: 500px) 100vw, 500px\" \/><\/p>\n<p>\u00dc\u00e7 y\u0131l \u00f6nce meydana gelen 6 \u015eubat Depremi, binlerce insan\u0131n ya\u015fam\u0131n\u0131 kal\u0131c\u0131 bi\u00e7imde de\u011fi\u015ftirdi. Depremden etkilenen \u015febekenin tekrar aya\u011fa kald\u0131r\u0131lmas\u0131 ve g\u00fcvenli \u015fekilde yeniden i\u015fletilmesi \u00f6ncelik haline geldi. Bu kapsamda F\u0131rat Elektrik Da\u011f\u0131t\u0131m A.\u015e. (F\u0131rat EDA\u015e), Malatya\u2019da enerji altyap\u0131s\u0131n\u0131n g\u00fc\u00e7lendirilmesini \u00f6ncelikli bir sorumluluk olarak ele ald\u0131. Afetin hemen ard\u0131ndan ba\u015flat\u0131lan \u00e7al\u0131\u015fmalarla, g\u00fcvenli ve dayan\u0131kl\u0131 bir \u015febeke yap\u0131s\u0131n\u0131n olu\u015fturulmas\u0131n\u0131 hedefledi.<\/p>\n<h3><strong>G\u00fc\u00e7l\u00fc ve Dayan\u0131kl\u0131 Bir Enerji Altyap\u0131s\u0131<\/strong><\/h3>\n<p>F\u0131rat EDA\u015e, Malatya\u2019da deprem sonras\u0131nda toplam 3,5 milyar TL yat\u0131r\u0131m hayata ge\u00e7irerek kent genelinde enerji altyap\u0131s\u0131n\u0131n onar\u0131m\u0131, yenilenmesi ve kapasitesinin art\u0131r\u0131lmas\u0131na y\u00f6nelik kapsaml\u0131 \u00e7al\u0131\u015fmalar ger\u00e7ekle\u015ftirdi. Bu \u00e7al\u0131\u015fmalar sonucunda kent genelinde 83 da\u011f\u0131t\u0131m merkezi, 270 trafo, 36.255 direk, 10.671 armat\u00fcr ve 1.701 kilometre yeni hat \u015febekeye dahil edildi. Ger\u00e7ekle\u015ftirilen yat\u0131r\u0131mlar, Malatya\u2019da g\u00fcnl\u00fck ya\u015fam\u0131n devam\u0131 a\u00e7\u0131s\u0131ndan kritik \u00f6neme sahip altyap\u0131n\u0131n yeniden aya\u011fa kalkmas\u0131na katk\u0131 sundu. F\u0131rat EDA\u015e, ger\u00e7ekle\u015ftirdi\u011fi \u00e7al\u0131\u015fmalarla mevcut ihtiya\u00e7lar\u0131 kar\u015f\u0131laman\u0131n yan\u0131 s\u0131ra gelecekte ya\u015fanabilecek afetlere kar\u015f\u0131 diren\u00e7li bir enerji altyap\u0131s\u0131 olu\u015fturdu.<\/p>\n<h3><strong>\u201c\u00d6nceli\u011fimiz Hayat\u0131n Devaml\u0131l\u0131\u011f\u0131 Oldu\u201d<\/strong><\/h3>\n<div id=\"attachment_202697\" style=\"width: 510px\" class=\"wp-caption aligncenter\"><img aria-describedby=\"caption-attachment-202697\" loading=\"lazy\" class=\"wp-image-202697\" src=\"https:\/\/www.enerjigazetesi.ist\/wp-content\/uploads\/2026\/02\/mujdat-celik.jpg\" alt=\"\" width=\"500\" height=\"334\" srcset=\"https:\/\/www.enerjigazetesi.ist\/wp-content\/uploads\/2026\/02\/mujdat-celik.jpg 550w, https:\/\/www.enerjigazetesi.ist\/wp-content\/uploads\/2026\/02\/mujdat-celik-300x200.jpg 300w, https:\/\/www.enerjigazetesi.ist\/wp-content\/uploads\/2026\/02\/mujdat-celik-500x334.jpg 500w, https:\/\/www.enerjigazetesi.ist\/wp-content\/uploads\/2026\/02\/mujdat-celik-75x50.jpg 75w, https:\/\/www.enerjigazetesi.ist\/wp-content\/uploads\/2026\/02\/mujdat-celik-450x300.jpg 450w\" sizes=\"(max-width: 500px) 100vw, 500px\" \/><p id=\"caption-attachment-202697\" class=\"wp-caption-text\">F\u0131rat EDA\u015e \u015eirket M\u00fcd\u00fcr\u00fc M\u00fcjdat \u00c7elik<\/p><\/div>\n<p>Konuya ili\u015fkin bir de\u011ferlendirmede bulunan <strong>F\u0131rat EDA\u015e \u015eirket M\u00fcd\u00fcr\u00fc M\u00fcjdat \u00c7elik<\/strong>, <em>\u201c6 \u015eubat depremlerinin ard\u0131ndan Malatya\u2019da enerji altyap\u0131s\u0131n\u0131n g\u00fcvenli ve dayan\u0131kl\u0131 bi\u00e7imde yeniden kurulmas\u0131, bizim i\u00e7in teknik bir \u00e7al\u0131\u015fman\u0131n \u00f6tesinde bir sorumluluktu. Enerji altyap\u0131s\u0131n\u0131 m\u00fcmk\u00fcn olan en k\u0131sa s\u00fcrede yeniden aya\u011fa kald\u0131rmak i\u00e7in aral\u0131ks\u0131z \u00e7al\u0131\u015ft\u0131k. Bu s\u00fcre\u00e7te \u00f6nceli\u011fimiz, ya\u015fam\u0131n kesintisiz s\u00fcrd\u00fcr\u00fclebilmesi i\u00e7in sahada h\u0131zl\u0131, koordineli ve kal\u0131c\u0131 \u00e7\u00f6z\u00fcmler \u00fcretmekti. Yapt\u0131\u011f\u0131m\u0131z yat\u0131r\u0131mlarla altyap\u0131y\u0131 daha g\u00fcvenli ve daha dayan\u0131kl\u0131 hale getirdik. \u00c7al\u0131\u015fmalar\u0131m\u0131z sahadaki ihtiya\u00e7lar do\u011frultusunda aral\u0131ks\u0131z s\u00fcrd\u00fcr\u00fcyoruz\u201d<\/em> dedi.<\/p>","protected":false},"excerpt":{"rendered":"<p>Sorry, this entry is only available in Turkish. For the sake of viewer convenience, the content is shown below in the alternative language. You may click the link to switch the active language. 6 \u015eubat depremlerinin ard\u0131ndan Malatya\u2019da enerji altyap\u0131s\u0131n\u0131n yeniden aya\u011fa kald\u0131r\u0131lmas\u0131 i\u00e7in sahada aral\u0131ks\u0131z \u00e7al\u0131\u015fan F\u0131rat Elektrik Da\u011f\u0131t\u0131m A.\u015e. (F\u0131rat EDA\u015e), 3,5 milyar [&hellip;]<\/p>\n","protected":false},"author":1,"featured_media":202696,"comment_status":"open","ping_status":"open","sticky":false,"template":"","format":"standard","meta":[],"categories":[51,53],"tags":[112342,2873,117894,36204,52939,29896,3489],"views":17,"_links":{"self":[{"href":"https:\/\/www.enerjigazetesi.ist\/en\/wp-json\/wp\/v2\/posts\/202694"}],"collection":[{"href":"https:\/\/www.enerjigazetesi.ist\/en\/wp-json\/wp\/v2\/posts"}],"about":[{"href":"https:\/\/www.enerjigazetesi.ist\/en\/wp-json\/wp\/v2\/types\/post"}],"author":[{"embeddable":true,"href":"https:\/\/www.enerjigazetesi.ist\/en\/wp-json\/wp\/v2\/users\/1"}],"replies":[{"embeddable":true,"href":"https:\/\/www.enerjigazetesi.ist\/en\/wp-json\/wp\/v2\/comments?post=202694"}],"version-history":[{"count":0,"href":"https:\/\/www.enerjigazetesi.ist\/en\/wp-json\/wp\/v2\/posts\/202694\/revisions"}],"wp:featuredmedia":[{"embeddable":true,"href":"https:\/\/www.enerjigazetesi.ist\/en\/wp-json\/wp\/v2\/media\/202696"}],"wp:attachment":[{"href":"https:\/\/www.enerjigazetesi.ist\/en\/wp-json\/wp\/v2\/media?parent=202694"}],"wp:term":[{"taxonomy":"category","embeddable":true,"href":"https:\/\/www.enerjigazetesi.ist\/en\/wp-json\/wp\/v2\/categories?post=202694"},{"taxonomy":"post_tag","embeddable":true,"href":"https:\/\/www.enerjigazetesi.ist\/en\/wp-json\/wp\/v2\/tags?post=202694"}],"curies":[{"name":"wp","href":"https:\/\/api.w.org\/{rel}","templated":true}]}}