{"id":202626,"date":"2026-01-22T19:34:09","date_gmt":"2026-01-22T16:34:09","guid":{"rendered":"https:\/\/www.enerjigazetesi.ist\/?p=202626"},"modified":"2026-02-02T19:45:49","modified_gmt":"2026-02-02T16:45:49","slug":"surdurulebilir-enerji-donusumunun-tasiyici-gucu-yuk-muhendisligi","status":"publish","type":"post","link":"https:\/\/www.enerjigazetesi.ist\/en\/surdurulebilir-enerji-donusumunun-tasiyici-gucu-yuk-muhendisligi\/","title":{"rendered":"(Turkish) S\u00fcrd\u00fcr\u00fclebilir Enerji D\u00f6n\u00fc\u015f\u00fcm\u00fcn\u00fcn Ta\u015f\u0131y\u0131c\u0131 G\u00fcc\u00fc &#8216;Y\u00fck M\u00fchendisli\u011fi'"},"content":{"rendered":"<p class=\"qtranxs-available-languages-message qtranxs-available-languages-message-en\">Sorry, this entry is only available in <a href=\"https:\/\/www.enerjigazetesi.ist\/tr\/wp-json\/wp\/v2\/posts\/202626\" class=\"qtranxs-available-language-link qtranxs-available-language-link-tr\" title=\"Turkish\">Turkish<\/a>. For the sake of viewer convenience, the content is shown below in the alternative language. You may click the link to switch the active language.<\/p><p><\/p>\n<h2>Yenilenebilir enerji yat\u0131r\u0131mlar\u0131, d\u00fc\u015f\u00fck karbonlu sanayi tesisleri ve yeni nesil altyap\u0131 projeleri s\u00fcrd\u00fcr\u00fclebilirlik politikalar\u0131n\u0131n etkisiyle t\u00fcm d\u00fcnyada h\u0131z kazan\u0131rken, bu \u00e7al\u0131\u015fmalar\u0131n sahada hayata ge\u00e7irilmesini sa\u011flayan y\u00fck m\u00fchendisli\u011fi hizmetleri de b\u00fcy\u00fck d\u00f6n\u00fc\u015f\u00fcme uyum sa\u011fl\u0131yor. R\u00fczgar t\u00fcrbinlerinden g\u00fcne\u015f enerjisi santrallerine, enerji depolama sistemlerinden yak\u0131n gelecekte \u00fclkemizde yat\u0131r\u0131m ajandas\u0131nda yer alan offshore projelere kadar pek \u00e7ok mega yat\u0131r\u0131m\u0131n arkas\u0131ndaki y\u00fck m\u00fchendisli\u011fi hizmetleri, a\u011f\u0131r, y\u00fcksek, uzun ve geni\u015f y\u00fcklerin g\u00fcvenli bi\u00e7imde kald\u0131r\u0131lmas\u0131 ve montaj\u0131n\u0131 \u00fcstleniyor.<\/h2>\n<p style=\"text-align: center;\"><img loading=\"lazy\" class=\"aligncenter wp-image-202629\" src=\"https:\/\/www.enerjigazetesi.ist\/wp-content\/uploads\/2026\/02\/surdurulebilir-enerji-donusumunun-tasiyici-gucu-yuk-muhendisligi.jpg\" alt=\"\" width=\"500\" height=\"310\" srcset=\"https:\/\/www.enerjigazetesi.ist\/wp-content\/uploads\/2026\/02\/surdurulebilir-enerji-donusumunun-tasiyici-gucu-yuk-muhendisligi.jpg 550w, https:\/\/www.enerjigazetesi.ist\/wp-content\/uploads\/2026\/02\/surdurulebilir-enerji-donusumunun-tasiyici-gucu-yuk-muhendisligi-300x186.jpg 300w, https:\/\/www.enerjigazetesi.ist\/wp-content\/uploads\/2026\/02\/surdurulebilir-enerji-donusumunun-tasiyici-gucu-yuk-muhendisligi-500x310.jpg 500w, https:\/\/www.enerjigazetesi.ist\/wp-content\/uploads\/2026\/02\/surdurulebilir-enerji-donusumunun-tasiyici-gucu-yuk-muhendisligi-80x50.jpg 80w\" sizes=\"(max-width: 500px) 100vw, 500px\" \/><\/p>\n<p style=\"font-weight: 400;\">Y\u00fck m\u00fchendisli\u011finin s\u00fcrd\u00fcr\u00fclebilirlik perspektifinden dikkat \u00e7eken bir rol oynad\u0131\u011f\u0131n\u0131 belirten\u00a0<strong>Y\u00fck M\u00fchendisli\u011fi Birli\u011fi (YMB) Ba\u015fkan\u0131 Ahmet Altunkum<\/strong>, \u201c<em>S\u00fcrd\u00fcr\u00fclebilirli\u011fin do\u011fal bir sonucu olan enerji d\u00f6n\u00fc\u015f\u00fcm\u00fcn\u00fc sadece \u00fcretim teknolojileri \u00fczerinden okumak eksik kal\u0131r. Bir r\u00fczgar t\u00fcrbininin ya da bir enerji depolama sisteminin sahaya ula\u015fmas\u0131 ve kurulmas\u0131, ba\u015fl\u0131 ba\u015f\u0131na y\u00fcksek m\u00fchendislik gerektiren bir s\u00fcre\u00e7. Y\u00fck m\u00fchendisli\u011fi, bu yat\u0131r\u0131mlar\u0131n karbon hedefleriyle uyumlu, g\u00fcvenli ve zaman\u0131nda hayata ge\u00e7irilmesini sa\u011flayan temel altyap\u0131d\u0131r. Bug\u00fcn r\u00fczg\u00e2r enerjisi projelerinde kullan\u0131lan kanat uzunluklar\u0131 100 metreyi, kule a\u011f\u0131rl\u0131klar\u0131 1.500 tonlar\u0131 a\u015farken; offshore projelerde tek par\u00e7a mod\u00fcllerin a\u011f\u0131rl\u0131\u011f\u0131 2-4\u00a0 bin ton seviyelerine ula\u015f\u0131yor. Bu \u00f6l\u00e7ekteki y\u00fckler klasik y\u00f6ntemlere nazaran detayl\u0131 m\u00fchendislik hesaplar\u0131, dijital sim\u00fclasyonlar ve \u00f6zel ekipmanlar kullan\u0131larak ta\u015f\u0131n\u0131yor\u201d<\/em> dedi.<\/p>\n<div id=\"attachment_202628\" style=\"width: 510px\" class=\"wp-caption aligncenter\"><img aria-describedby=\"caption-attachment-202628\" loading=\"lazy\" class=\"wp-image-202628\" src=\"https:\/\/www.enerjigazetesi.ist\/wp-content\/uploads\/2026\/02\/ahmet-altunkum.jpg\" alt=\"\" width=\"500\" height=\"361\" srcset=\"https:\/\/www.enerjigazetesi.ist\/wp-content\/uploads\/2026\/02\/ahmet-altunkum.jpg 550w, https:\/\/www.enerjigazetesi.ist\/wp-content\/uploads\/2026\/02\/ahmet-altunkum-300x217.jpg 300w, https:\/\/www.enerjigazetesi.ist\/wp-content\/uploads\/2026\/02\/ahmet-altunkum-500x361.jpg 500w, https:\/\/www.enerjigazetesi.ist\/wp-content\/uploads\/2026\/02\/ahmet-altunkum-69x50.jpg 69w\" sizes=\"(max-width: 500px) 100vw, 500px\" \/><p id=\"caption-attachment-202628\" class=\"wp-caption-text\">Y\u00fck M\u00fchendisli\u011fi Birli\u011fi (YMB) Ba\u015fkan\u0131 Ahmet Altunkum<\/p><\/div>\n<p style=\"font-weight: 400;\">Y\u00fck m\u00fchendisli\u011fi hizmetlerinin kendi operasyonlar\u0131n\u0131 icra ederken de daha az karbon sal\u0131n\u0131m\u0131 ve daha temiz enerji kullan\u0131m\u0131 kriterlerine uyum sa\u011flamaya ba\u015flad\u0131\u011f\u0131n\u0131 belirten\u00a0<strong>YMB Ba\u015fkan\u0131 Ahmet Altunkum<\/strong>, <em>\u201cBir r\u00fczgar santralinin karbon ayak izi, sadece \u00fcretti\u011fi temiz enerjiyle de\u011fil kurulum s\u00fcrecinde yap\u0131lan planlamayla da do\u011frudan ba\u011flant\u0131l\u0131. Daha az fosil yak\u0131t t\u00fcketen ekipmanlar, optimize edilmi\u015f g\u00fczerg\u00e2h planlamalar\u0131 ve dijital sim\u00fclasyon \u00e7al\u0131\u015fmalar\u0131, sekt\u00f6r\u00fcn \u00e7evresel etkisini do\u011frudan azalt\u0131yor. Bug\u00fcn bir a\u011f\u0131r ta\u015f\u0131ma veya kald\u0131rma operasyonu, ge\u00e7mi\u015fe k\u0131yasla y\u00fczde %5-10 oran\u0131nda daha az yak\u0131t t\u00fcketerek planlanabiliyor. Dijital ikizler ve sim\u00fclasyonlar sayesinde saha denemeleri minimize ediliyor, bu da hem zaman hem de enerji tasarrufu sa\u011fl\u0131yor. Sekt\u00f6r\u00fcm\u00fczde bir projede yap\u0131lan do\u011fru m\u00fchendislik planlamas\u0131, ortalama 20-80 tonluk karbon sal\u0131m\u0131n\u0131n \u00f6n\u00fcne ge\u00e7ebiliyor. Yeni nesil vin\u00e7 sistemleri, mod\u00fcler ta\u015f\u0131y\u0131c\u0131lar ve hibrit \u00e7\u00f6z\u00fcmler sayesinde, b\u00fcy\u00fck \u00f6l\u00e7ekli projelerde operasyonel verimlilik artarken \u00e7evresel etki de azal\u0131yor. Bu d\u00f6n\u00fc\u015f\u00fcm, y\u00fck m\u00fchendisli\u011fini enerji d\u00f6n\u00fc\u015f\u00fcm\u00fcn\u00fcn sadece bir destek\u00e7isi de\u011fil, do\u011frudan bir h\u0131zland\u0131r\u0131c\u0131s\u0131 haline getiriyor\u201d<\/em> dedi.<\/p>\n<p style=\"font-weight: 400;\">R\u00fczg\u00e2r enerjisi yat\u0131r\u0131mlar\u0131n\u0131n d\u00fcnyadaki genel e\u011filime paralel olarak, yak\u0131n gelecekte T\u00fcrkiye\u2019de de giderek deniz\u00fcst\u00fc (offshore) sahalara y\u00f6nelmesinin \u00f6ng\u00f6r\u00fcld\u00fc\u011f\u00fcn\u00fc ifade eden\u00a0<strong>Y\u00fck M\u00fchendisli\u011fi Birli\u011fi (YMB) Ba\u015fkan\u0131 Ahmet Altunkum<\/strong><em>, \u201cOffshore r\u00fczg\u00e2r projeleri, y\u00fck m\u00fchendisli\u011fi a\u00e7\u0131s\u0131ndan \u00e7ok daha karma\u015f\u0131k s\u00fcre\u00e7ler i\u00e7eriyor. Bu projelerde binlerce ton a\u011f\u0131rl\u0131\u011f\u0131ndaki temeller, kuleler ve t\u00fcrbin bile\u015fenleri deniz ko\u015fullar\u0131nda ta\u015f\u0131n\u0131yor ve monte ediliyor. Yap\u0131lan her m\u00fchendislik hatas\u0131, ilave maliyetlerin yan\u0131 s\u0131ra ciddi \u00e7evresel riskleri de beraberinde getirebiliyor. Bu nedenle y\u00fck m\u00fchendisli\u011fi, offshore yat\u0131r\u0131mlarda s\u00fcrd\u00fcr\u00fclebilirli\u011fin en kritik g\u00fcvenlik katmanlar\u0131ndan biri olacak. T\u00fcrk y\u00fck m\u00fchendisli\u011fi firmalar\u0131n\u0131n ise \u00f6n\u00fcm\u00fczdeki d\u00f6nemde, bu alanda k\u00fcresel \u00f6l\u00e7ekte rekabete girerek, yurt i\u00e7i ve yurt d\u0131\u015f\u0131nda hayata ge\u00e7irilecek projeler kapsam\u0131nda b\u00fcy\u00fck \u00f6l\u00e7ekli offshore \u00e7al\u0131\u015fmalarda g\u00f6rev almas\u0131 ve uluslararas\u0131 \u00e7evresel ile operasyonel standartlara uygun \u00e7\u00f6z\u00fcmler sunmas\u0131 \u00f6ng\u00f6r\u00fcl\u00fcyor\u201d<\/em> dedi.<\/p>\n<h3 style=\"font-weight: 400;\"><strong>50 Milyar Dolarl\u0131k B\u00fcy\u00fcme Potansiyeli<\/strong><\/h3>\n<p style=\"font-weight: 400;\">T\u00fcrkiye\u2019de y\u00fck m\u00fchendisli\u011fi hizmetlerinin operasyonel kapasitesine ek olarak ekonomik boyutuyla da stratejik bir konumda bulundu\u011funu vurgulayan\u00a0<strong>YMB Ba\u015fkan\u0131 Ahmet Altunkum<\/strong>, <em>\u201cT\u00fcrkiye\u2019de halihaz\u0131rda 15 milyar dolarl\u0131k bir b\u00fcy\u00fckl\u00fc\u011fe ula\u015fan sekt\u00f6r\u00fcm\u00fcz\u00fcn, \u00f6n\u00fcm\u00fczdeki 10 y\u0131l i\u00e7inde enerji d\u00f6n\u00fc\u015f\u00fcm\u00fc ve yenilenebilir yat\u0131r\u0131mlar\u0131n etkisiyle 50 milyar dolara y\u00fckselebilecek bir potansiyeli var. Ancak y\u00fck m\u00fchendisli\u011fi, b\u00fcy\u00fcrken \u00e7evresel ve operasyonel riskleri azaltmak zorunda olan bir sekt\u00f6r. Bizim i\u00e7in s\u00fcrd\u00fcr\u00fclebilirlik; daha fazla i\u015f yapmak de\u011fil, her projeyi daha az kaynakla, daha y\u00fcksek g\u00fcvenlikle ve daha d\u00fc\u015f\u00fck \u00e7evresel etkiyle tamamlamak anlam\u0131na geliyor\u201d<\/em> dedi.<\/p>\n<h3 style=\"font-weight: 400;\"><strong>Y\u00fck M\u00fchendisli\u011finin Gelece\u011fi LES-EXPO 2026\u2019da Masaya Yat\u0131r\u0131lacak<\/strong><\/h3>\n<p style=\"font-weight: 400;\">Y\u00fck m\u00fchendisli\u011fi hizmetleri sekt\u00f6r\u00fcn\u00fcn s\u00fcrd\u00fcr\u00fclebilirlik, dijitalle\u015fme ve enerji d\u00f6n\u00fc\u015f\u00fcm\u00fcndeki geldi\u011fi nokta, <strong>7\u20139 Nisan 2026<\/strong> tarihleri aras\u0131nda <strong>\u0130stanbul Fuar Merkezi\u2019nde<\/strong> d\u00fczenlenecek LES-EXPO 2026 Avrupa-Asya-Afrika Y\u00fck M\u00fchendisli\u011fi Hizmetleri Fuar\u0131\u2019nda g\u00f6zler \u00f6n\u00fcne serilecek. D\u00fcnyada y\u00fck m\u00fchendisli\u011fi hizmetlerine adanm\u0131\u015f ilk ihtisas fuar\u0131 olan LES-EXPO 2026\u2019n\u0131n; \u00fc\u00e7 k\u0131tadan 200\u2019\u00fc a\u015fk\u0131n kat\u0131l\u0131mc\u0131 firma ve 10 bini a\u015fk\u0131n sekt\u00f6r profesyonelini bir araya getirirken 10 milyon Euro\u2019luk ekonomik etki yaratmas\u0131 bekleniyor.<\/p>\n<h3 style=\"font-weight: 400;\"><em><strong>Y\u00fck M\u00fchendisli\u011fi Birli\u011fi Hakk\u0131nda Bilgilendirme<\/strong><\/em><\/h3>\n<p style=\"font-weight: 400;\"><em>Y\u00fck M\u00fchendisli\u011fi Birli\u011fi (YMB), T\u00fcrkiye\u2019de y\u00fck m\u00fchendisli\u011fi gerektiren kald\u0131rma ve ta\u015f\u0131ma hizmetleri alan\u0131ndaki ilk ve tek mesleki dayan\u0131\u015fma kurulu\u015fudur. 2007 y\u0131l\u0131nda \u201cVin\u00e7 \u0130\u015fletmecileri Derne\u011fi\u201d olarak kurulan ve 2023 y\u0131l\u0131 itibar\u0131yla bug\u00fcnk\u00fc yap\u0131s\u0131na kavu\u015fan YMB; in\u015faat, enerji, a\u011f\u0131r sanayi, denizcilik ve yenilenebilir enerji sekt\u00f6rlerinde faaliyet g\u00f6steren 210 \u00fcye \u015firketten olu\u015fmaktad\u0131r.<\/em><\/p>\n<p style=\"font-weight: 400;\"><em>YMB; ESTA (European Association of Abnormal Road Transport and Mobile Cranes), DE\u0130K, TOBB Ula\u015ft\u0131rma ve Lojistik Meclisi, \u0130stanbul Ticaret Odas\u0131 (\u0130TO) \u00fcyesidir. Y\u00fck m\u00fchendisli\u011fi kavram\u0131n\u0131 k\u00fcresel \u00f6l\u00e7ekte sahiplenen ve bu alanda liderlik rol\u00fcn\u00fc \u00fcstlenen YMB, T\u00fcrkiye\u2019nin m\u00fchendislik g\u00fcc\u00fcn\u00fc d\u00fcnya arenas\u0131nda temsil etmektedir.<\/em><\/p>\n<p><\/p>","protected":false},"excerpt":{"rendered":"<p>Sorry, this entry is only available in Turkish. For the sake of viewer convenience, the content is shown below in the alternative language. You may click the link to switch the active language. Yenilenebilir enerji yat\u0131r\u0131mlar\u0131, d\u00fc\u015f\u00fck karbonlu sanayi tesisleri ve yeni nesil altyap\u0131 projeleri s\u00fcrd\u00fcr\u00fclebilirlik politikalar\u0131n\u0131n etkisiyle t\u00fcm d\u00fcnyada h\u0131z kazan\u0131rken, bu \u00e7al\u0131\u015fmalar\u0131n sahada [&hellip;]<\/p>\n","protected":false},"author":1,"featured_media":202629,"comment_status":"open","ping_status":"open","sticky":false,"template":"","format":"standard","meta":[],"categories":[51,53,50],"tags":[2625,1325,117878,117876,53277,10768,17,34974,117877,117875],"views":15,"_links":{"self":[{"href":"https:\/\/www.enerjigazetesi.ist\/en\/wp-json\/wp\/v2\/posts\/202626"}],"collection":[{"href":"https:\/\/www.enerjigazetesi.ist\/en\/wp-json\/wp\/v2\/posts"}],"about":[{"href":"https:\/\/www.enerjigazetesi.ist\/en\/wp-json\/wp\/v2\/types\/post"}],"author":[{"embeddable":true,"href":"https:\/\/www.enerjigazetesi.ist\/en\/wp-json\/wp\/v2\/users\/1"}],"replies":[{"embeddable":true,"href":"https:\/\/www.enerjigazetesi.ist\/en\/wp-json\/wp\/v2\/comments?post=202626"}],"version-history":[{"count":0,"href":"https:\/\/www.enerjigazetesi.ist\/en\/wp-json\/wp\/v2\/posts\/202626\/revisions"}],"wp:featuredmedia":[{"embeddable":true,"href":"https:\/\/www.enerjigazetesi.ist\/en\/wp-json\/wp\/v2\/media\/202629"}],"wp:attachment":[{"href":"https:\/\/www.enerjigazetesi.ist\/en\/wp-json\/wp\/v2\/media?parent=202626"}],"wp:term":[{"taxonomy":"category","embeddable":true,"href":"https:\/\/www.enerjigazetesi.ist\/en\/wp-json\/wp\/v2\/categories?post=202626"},{"taxonomy":"post_tag","embeddable":true,"href":"https:\/\/www.enerjigazetesi.ist\/en\/wp-json\/wp\/v2\/tags?post=202626"}],"curies":[{"name":"wp","href":"https:\/\/api.w.org\/{rel}","templated":true}]}}