{"id":20260,"date":"2014-01-02T17:26:19","date_gmt":"2014-01-02T14:26:19","guid":{"rendered":"https:\/\/www.enerjigazetesi.ist\/?p=20260"},"modified":"2014-01-02T17:26:19","modified_gmt":"2014-01-02T14:26:19","slug":"turkiye-tarihinde-elektrikteki-en-buyuk-yatirim-gecen-yil-yapildi","status":"publish","type":"post","link":"https:\/\/www.enerjigazetesi.ist\/en\/turkiye-tarihinde-elektrikteki-en-buyuk-yatirim-gecen-yil-yapildi\/","title":{"rendered":"(Turkish) T\u00fcrkiye Tarihinde Elektrikteki En B\u00fcy\u00fck Yat\u0131r\u0131m Ge\u00e7en Y\u0131l Yap\u0131ld\u0131!"},"content":{"rendered":"<p class=\"qtranxs-available-languages-message qtranxs-available-languages-message-en\">Sorry, this entry is only available in <a href=\"https:\/\/www.enerjigazetesi.ist\/tr\/wp-json\/wp\/v2\/posts\/20260\" class=\"qtranxs-available-language-link qtranxs-available-language-link-tr\" title=\"Turkish\">Turkish<\/a>. For the sake of viewer convenience, the content is shown below in the alternative language. You may click the link to switch the active language.<\/p><p><strong>Y\u0131ld\u0131z, d\u00fczenledi\u011fi bas\u0131n toplant\u0131s\u0131nda enerji sekt\u00f6r\u00fcnde 2013 y\u0131l\u0131ndaki geli\u015fmeleri ve 2014\u2032e ili\u015fkin hedeflerini de\u011ferlendirdi. Bakan Y\u0131ld\u0131z, elektrikteki kurulu g\u00fcc\u00fcn ge\u00e7en y\u0131l yakla\u015f\u0131k 11,3 milyar liral\u0131k yat\u0131r\u0131m tutar\u0131yla 7 bin megavat civar\u0131nda artt\u0131\u011f\u0131n\u0131 s\u00f6yledi. Ge\u00e7en y\u0131l 137 yeni santralin devreye al\u0131nd\u0131\u011f\u0131n\u0131 vurgulayan Y\u0131ld\u0131z, \u201cBu T\u00fcrkiye\u2019nin tarihinde 1 y\u0131lda yap\u0131lm\u0131\u015f en b\u00fcy\u00fck ve en y\u00fcksek miktardaki yat\u0131r\u0131md\u0131r\u201d diye konu\u015ftu.<\/strong><\/p>\n<p>Ge\u00e7en y\u0131l elektrik ve do\u011falgaz fiyatlar\u0131nda de\u011fi\u015fiklik yap\u0131lmad\u0131\u011f\u0131n\u0131 an\u0131msatan Y\u0131ld\u0131z, bu konudaki son d\u00fczenlemenin 15 ay \u00f6nce ger\u00e7ekle\u015ftirildi\u011fini ifade etti. Bakan Y\u0131ld\u0131z, b\u00f6ylece T\u00fcrkiye\u2019nin AB \u00fcyesi \u00fclkeler aras\u0131nda elektri\u011fi en ucuz kullan\u0131n 3 \u00fclke aras\u0131na girdi\u011fini, do\u011fal gaz\u0131n en ucuz kullan\u0131ld\u0131\u011f\u0131 \u00fclke oldu\u011funu kaydetti.<\/p>\n<p>T\u00fcrkiye\u2019nin TANAP\u2019taki hisselerini y\u00fczde 20\u2032den y\u00fczde 30\u2032a \u00e7\u0131karma konusunda mutab\u0131k kald\u0131klar\u0131n\u0131 dile getiren Y\u0131ld\u0131z, elektri\u011fin senkronu ve kalitesiyle ilgili<a href=\"https:\/\/www.enerjigazetesi.ist\/wp-content\/uploads\/2014\/01\/taner-yildiz-turkiye-tarihinde-elektrikteki-en-buyuk-yatirim-gecen-yil-yapildi.jpg\"><img loading=\"lazy\" class=\"alignleft size-medium wp-image-20261\" title=\"taner-yildiz-turkiye-tarihinde-elektrikteki-en-buyuk-yatirim-gecen-yil-yapildi\" src=\"https:\/\/www.enerjigazetesi.ist\/wp-content\/uploads\/2014\/01\/taner-yildiz-turkiye-tarihinde-elektrikteki-en-buyuk-yatirim-gecen-yil-yapildi-300x225.jpg\" alt=\"\" width=\"300\" height=\"225\" srcset=\"https:\/\/www.enerjigazetesi.ist\/wp-content\/uploads\/2014\/01\/taner-yildiz-turkiye-tarihinde-elektrikteki-en-buyuk-yatirim-gecen-yil-yapildi-300x225.jpg 300w, https:\/\/www.enerjigazetesi.ist\/wp-content\/uploads\/2014\/01\/taner-yildiz-turkiye-tarihinde-elektrikteki-en-buyuk-yatirim-gecen-yil-yapildi-66x50.jpg 66w, https:\/\/www.enerjigazetesi.ist\/wp-content\/uploads\/2014\/01\/taner-yildiz-turkiye-tarihinde-elektrikteki-en-buyuk-yatirim-gecen-yil-yapildi.jpg 444w\" sizes=\"(max-width: 300px) 100vw, 300px\" \/><\/a> Avrupa\u2019ya y\u00f6nelik b\u00fct\u00fcn uygunluklar\u0131 ald\u0131klar\u0131n\u0131 s\u00f6yledi.<\/p>\n<p>Elektrik piyasas\u0131n\u0131n serbestle\u015fmesiyle ilgili ge\u00e7en y\u0131l ciddi mesafeler ald\u0131klar\u0131n\u0131 ifade eden Y\u0131ld\u0131z, elektrik da\u011f\u0131t\u0131m\u0131n\u0131n yakla\u015f\u0131k 13 milyar dolar bedelle \u00f6zelle\u015ftirildi\u011fini kaydetti. Bir k\u0131s\u0131m \u00f6zel \u015firketin zaman zaman zorluklar ya\u015fad\u0131\u011f\u0131n\u0131 anlatan Y\u0131ld\u0131z, sekt\u00f6r\u00fc hep beraber kalk\u0131nd\u0131rmak istediklerini belirtti.<\/p>\n<p>Af\u015fin-Elbistan\u2019daki k\u00f6m\u00fcr rezerviyle ilgili de\u011ferlendirmelerde bulunan Y\u0131ld\u0131z, \u201cKatar, \u00c7in ve Japonya\u2019dan olu\u015fan farkl\u0131 \u015firketlerle m\u00fczakereye a\u00e7t\u0131k. \u015eu anda Katar\u2019\u0131n \u00e7ok daha istekli ve \u00f6nde oldu\u011funu g\u00f6r\u00fcyoruz. Buna ra\u011fmen Birle\u015fik Arap Emirlikleri, 2014 y\u0131l\u0131nda b\u00f6yle bir yat\u0131r\u0131m karar\u0131 alabileceklerini belirttiler\u201d diye konu\u015ftu.<\/p>\n<p>Elektrik \u00fcretimindeki \u00f6zelle\u015ftirmelerin devam edece\u011fini anlatan Y\u0131ld\u0131z, ocak ve \u015fubat aylar\u0131nda yeterli rakamlara ula\u015f\u0131l\u0131rsa 4 santralin \u00f6zelle\u015ftirilmesinin ger\u00e7ekle\u015ftirilece\u011fini s\u00f6yledi.<\/p>\n<p>Y\u0131ld\u0131z, ge\u00e7en y\u0131l Uzanlar\u2019\u0131n T\u00fcrkiye aleyhine 23,5 milyar dolar tazminat talebiyle a\u00e7t\u0131\u011f\u0131 Libananco Davas\u0131\u2019n\u0131n T\u00fcrkiye lehine sonu\u00e7land\u0131\u011f\u0131n\u0131 an\u0131msatt\u0131. Bakan Y\u0131ld\u0131z, enerji verimlili\u011finin g\u00fcndemlerinden hi\u00e7 d\u00fc\u015fmeyece\u011fini vurgulad\u0131.<\/p>\n<p>Ge\u00e7en y\u0131l devreye al\u0131nan enerji yat\u0131r\u0131mlar\u0131n\u0131 de\u011ferlendiren Y\u0131ld\u0131z, ge\u00e7en y\u0131l 2 bin 680 megavatl\u0131k HES\u2019in, 227 megavatl\u0131k \u00e7\u00f6p, biyogaz, at\u0131k \u0131s\u0131, jeotermal kayna\u011f\u0131n, 499 megavatl\u0131k RES\u2019in devreye girdi\u011fini bildirdi. Y\u0131ld\u0131z, devreye giren yeni tesislerle T\u00fcrkiye\u2019deki santral say\u0131s\u0131n\u0131n 909\u2032a \u00e7\u0131kt\u0131\u011f\u0131n\u0131 ifade etti. Y\u0131ld\u0131z, \u201c\u00d6n\u00fcm\u00fczdeki y\u0131llarda bu denli b\u00fcy\u00fck rakamlar g\u00f6remeyebiliriz. \u015euana kadar yat\u0131r\u0131m portf\u00f6y\u00fcne bakt\u0131\u011f\u0131m\u0131zda bunu g\u00f6steren rakamlar var\u201d dedi.<\/p>\n<p>Taner Y\u0131ld\u0131z, T\u00fcrkiye\u2019de ilk santralin 1902 y\u0131l\u0131nda kuruldu\u011funu, ge\u00e7en 100 y\u0131lda 31 bin 845 megavatl\u0131k yat\u0131r\u0131m ger\u00e7ekle\u015ftirildi\u011fini, ge\u00e7en 11 y\u0131lda ise 100 y\u0131ll\u0131k bu yat\u0131r\u0131mlardan daha fazla yat\u0131r\u0131m ger\u00e7ekle\u015ftirildi\u011fini ve 32 bin 199 megavata ula\u015f\u0131ld\u0131\u011f\u0131n\u0131 bildirdi. Y\u0131ld\u0131z, \u201c11 y\u0131lda \u00f6nceki 100 y\u0131ldan daha fazla yat\u0131r\u0131m yap\u0131ld\u0131\u201d diye konu\u015ftu.<\/p>\n<p>Y\u0131ld\u0131z, enerjideki yat\u0131r\u0131mlar\u0131n denetimi ve idaresi i\u00e7in bakanl\u0131k personelinin son 10 y\u0131lda yakla\u015f\u0131k 800 bin kilometre mesafe katetti\u011fini s\u00f6yledi. Yenilenebilir enerji kaynaklar\u0131n\u0131n \u00f6nemini vurgulayan Y\u0131ld\u0131z, \u015funlar\u0131 kaydetti:<\/p>\n<p>\u201cSon 10 y\u0131lda i\u015fletmeye a\u00e7\u0131lan yenilenebilir santralleriyle beraber toplam 12 milyar liral\u0131k her y\u0131l do\u011fal gaz ithalat\u0131n\u0131n \u00f6n\u00fcne ge\u00e7mi\u015f olduk. E\u011fer bu yat\u0131r\u0131mlar\u0131 yapmasayd\u0131k 2013 y\u0131l\u0131nda do\u011fal gaza 12 milyar dolar fazla \u00f6deyecektik.<\/p>\n<p>Son 10 y\u0131lda i\u015fletmeye a\u00e7\u0131lan bu santrallerin toplam 49 y\u0131ll\u0131k imtiyaz s\u00fcrelerini dikkate ald\u0131\u011f\u0131m\u0131zda da gelece\u011fimize \u00e7ok ciddi bir katk\u0131 koymu\u015f oluyoruz. 600 milyar liral\u0131k do\u011fal gaz ithalat\u0131n\u0131 \u00f6n\u00fcm\u00fczdeki lisans s\u00fcresi boyunca tasarruf etmi\u015f olaca\u011f\u0131z.\u201d<\/p>\n<p>T\u00fcrkiye\u2019nin iletim hatt\u0131 uzunlu\u011funun 1,1 milyon kilometreye ula\u015ft\u0131\u011f\u0131na dikkati \u00e7eken Y\u0131ld\u0131z, bunun Avrupa\u2019n\u0131n en uzun 2, d\u00fcnyan\u0131n en uzun be\u015finci b\u00fcy\u00fck \u015febekesi anlam\u0131na geldi\u011fini s\u00f6yledi.<\/p>\n<h2>Petrol arama faaliyetleri<\/h2>\n<p>Bakan Y\u0131ld\u0131z, T\u00fcrkiye\u2019de 50 \u015firketin kara ve denizlerdeki 364 ruhsatl\u0131 alanda (401 bin kilometrekare) petrol ve do\u011fal gaz arama faaliyetinde bulundu\u011funu belirtti.<\/p>\n<p>Ge\u00e7en y\u0131l 95 arama ve tespit, 73 \u00fcretim olmak \u00fczere toplam 168 kuyu a\u00e7\u0131ld\u0131\u011f\u0131n\u0131, 267 bin metre sondaj ger\u00e7ekle\u015ftirildi\u011fini bildiren Y\u0131ld\u0131z, a\u00e7\u0131lan kuyu say\u0131s\u0131nda bir \u00f6nceki y\u0131la g\u00f6re y\u00fczde 6 art\u0131\u015f sa\u011fland\u0131\u011f\u0131n\u0131 bildirdi. Y\u0131ld\u0131z, ge\u00e7en y\u0131l a\u00e7\u0131lan kuyular\u0131n 42\u2032sinde petrole, 5\u2032inde do\u011fal gaza rastlad\u0131klar\u0131n\u0131 ifade etti.<\/p>\n<p>T\u00fcrkiye\u2019de g\u00fcnl\u00fck ortalama 46-48 bin varil \u00fcretim yap\u0131ld\u0131\u011f\u0131na i\u015faret eden Taner Y\u0131ld\u0131z, ge\u00e7en y\u0131l ki toplam \u00fcretimin 2,4 milyon ton oldu\u011funu bildirdi. Y\u0131ld\u0131z, ge\u00e7en y\u0131l ger\u00e7ekle\u015fen ham petrol ve do\u011fal gaz \u00fcretiminden 465 milyon liral\u0131k kayna\u011f\u0131 Hazine\u2019ye aktard\u0131klar\u0131n\u0131 kaydetti.<\/p>\n<p>Kaynak: <a href=\"http:\/\/enerjienstitusu.com\/2014\/01\/02\/taner-yildiz-turkiye-tarihinde-elektrikteki-en-buyuk-yatirim-gecen-yil-yapildi\/\" target=\"_blank\">Enerji Enstit\u00fcs\u00fc<\/a><\/p>","protected":false},"excerpt":{"rendered":"<p>Sorry, this entry is only available in Turkish. For the sake of viewer convenience, the content is shown below in the alternative language. You may click the link to switch the active language.Y\u0131ld\u0131z, d\u00fczenledi\u011fi bas\u0131n toplant\u0131s\u0131nda enerji sekt\u00f6r\u00fcnde 2013 y\u0131l\u0131ndaki geli\u015fmeleri ve 2014\u2032e ili\u015fkin hedeflerini de\u011ferlendirdi. Bakan Y\u0131ld\u0131z, elektrikteki kurulu g\u00fcc\u00fcn ge\u00e7en y\u0131l yakla\u015f\u0131k 11,3 [&hellip;]<\/p>\n","protected":false},"author":1,"featured_media":20261,"comment_status":"open","ping_status":"open","sticky":false,"template":"","format":"standard","meta":[],"categories":[51,53],"tags":[710,11789,68,61,1451,19,4987,63,67,1009,165,532,35370,4051,11790,474,2493,2297,667,508],"views":580,"_links":{"self":[{"href":"https:\/\/www.enerjigazetesi.ist\/en\/wp-json\/wp\/v2\/posts\/20260"}],"collection":[{"href":"https:\/\/www.enerjigazetesi.ist\/en\/wp-json\/wp\/v2\/posts"}],"about":[{"href":"https:\/\/www.enerjigazetesi.ist\/en\/wp-json\/wp\/v2\/types\/post"}],"author":[{"embeddable":true,"href":"https:\/\/www.enerjigazetesi.ist\/en\/wp-json\/wp\/v2\/users\/1"}],"replies":[{"embeddable":true,"href":"https:\/\/www.enerjigazetesi.ist\/en\/wp-json\/wp\/v2\/comments?post=20260"}],"version-history":[{"count":1,"href":"https:\/\/www.enerjigazetesi.ist\/en\/wp-json\/wp\/v2\/posts\/20260\/revisions"}],"predecessor-version":[{"id":20262,"href":"https:\/\/www.enerjigazetesi.ist\/en\/wp-json\/wp\/v2\/posts\/20260\/revisions\/20262"}],"wp:featuredmedia":[{"embeddable":true,"href":"https:\/\/www.enerjigazetesi.ist\/en\/wp-json\/wp\/v2\/media\/20261"}],"wp:attachment":[{"href":"https:\/\/www.enerjigazetesi.ist\/en\/wp-json\/wp\/v2\/media?parent=20260"}],"wp:term":[{"taxonomy":"category","embeddable":true,"href":"https:\/\/www.enerjigazetesi.ist\/en\/wp-json\/wp\/v2\/categories?post=20260"},{"taxonomy":"post_tag","embeddable":true,"href":"https:\/\/www.enerjigazetesi.ist\/en\/wp-json\/wp\/v2\/tags?post=20260"}],"curies":[{"name":"wp","href":"https:\/\/api.w.org\/{rel}","templated":true}]}}