{"id":202583,"date":"2026-02-02T15:22:43","date_gmt":"2026-02-02T12:22:43","guid":{"rendered":"https:\/\/www.enerjigazetesi.ist\/?p=202583"},"modified":"2026-02-02T15:22:43","modified_gmt":"2026-02-02T12:22:43","slug":"ode-yalitim-2025te-buyumesini-pekistirdi","status":"publish","type":"post","link":"https:\/\/www.enerjigazetesi.ist\/en\/ode-yalitim-2025te-buyumesini-pekistirdi\/","title":{"rendered":"(Turkish) &#8217;ODE Yal\u0131t\u0131m&#8217; 2025&#8217;te B\u00fcy\u00fcmesini Peki\u015ftirdi&#8230;"},"content":{"rendered":"<p class=\"qtranxs-available-languages-message qtranxs-available-languages-message-en\">Sorry, this entry is only available in <a href=\"https:\/\/www.enerjigazetesi.ist\/tr\/wp-json\/wp\/v2\/posts\/202583\" class=\"qtranxs-available-language-link qtranxs-available-language-link-tr\" title=\"Turkish\">Turkish<\/a>. For the sake of viewer convenience, the content is shown below in the alternative language. You may click the link to switch the active language.<\/p><p><\/p>\n<h2>T\u00fcrkiye&#8217;nin y\u00fczde 100 yerli sermayeli en b\u00fcy\u00fck yal\u0131t\u0131m \u015firketi ODE Yal\u0131t\u0131m, 40&#8217;\u0131nc\u0131 y\u0131l\u0131n\u0131 kutlad\u0131\u011f\u0131 2025&#8217;i; yat\u0131r\u0131mlar\u0131n\u0131 h\u0131zland\u0131rd\u0131\u011f\u0131, ihracat g\u00fcc\u00fcn\u00fc art\u0131rd\u0131\u011f\u0131 ve d\u00f6n\u00fc\u015f\u00fcm ad\u0131mlar\u0131n\u0131 kararl\u0131l\u0131kla hayata ge\u00e7irdi\u011fi bir y\u0131l olarak tamamlad\u0131. \u015eirket, \u00fcretimden dijitalle\u015fmeye, portf\u00f6y geni\u015flemesinden s\u00fcrd\u00fcr\u00fclebilirli\u011fe uzanan \u00e7ok boyutlu bir b\u00fcy\u00fcme s\u00fcreci ya\u015fad\u0131.<\/h2>\n<p style=\"text-align: center;\"><img loading=\"lazy\" class=\"aligncenter wp-image-202585\" src=\"https:\/\/www.enerjigazetesi.ist\/wp-content\/uploads\/2026\/02\/ode-yalitim-2025te-buyumesini-pekistirdi.jpg\" alt=\"\" width=\"500\" height=\"314\" srcset=\"https:\/\/www.enerjigazetesi.ist\/wp-content\/uploads\/2026\/02\/ode-yalitim-2025te-buyumesini-pekistirdi.jpg 550w, https:\/\/www.enerjigazetesi.ist\/wp-content\/uploads\/2026\/02\/ode-yalitim-2025te-buyumesini-pekistirdi-300x188.jpg 300w, https:\/\/www.enerjigazetesi.ist\/wp-content\/uploads\/2026\/02\/ode-yalitim-2025te-buyumesini-pekistirdi-500x314.jpg 500w, https:\/\/www.enerjigazetesi.ist\/wp-content\/uploads\/2026\/02\/ode-yalitim-2025te-buyumesini-pekistirdi-80x50.jpg 80w\" sizes=\"(max-width: 500px) 100vw, 500px\" \/><\/p>\n<p>ODE Yal\u0131t\u0131m, 2025\u20132026 y\u0131llar\u0131n\u0131 kapsayan toplam 25 milyon dolarl\u0131k yat\u0131r\u0131m plan\u0131n\u0131n ilk a\u015famas\u0131n\u0131 \u00c7orlu&#8217;daki cam y\u00fcn\u00fc tesisinde ba\u015far\u0131yla tamamlad\u0131. \u00dcretim s\u00fcreklili\u011fi a\u00e7\u0131s\u0131ndan kritik \u00f6neme sahip cam y\u00fcn\u00fc f\u0131r\u0131n modernizasyonu ile kapasite art\u0131\u015f\u0131 sa\u011flan\u0131rken, yenilenen otomasyon altyap\u0131s\u0131 sayesinde verimlilikte belirgin bir iyile\u015fme elde edildi. \u00dcretim alanlar\u0131, makineler ve ortak kullan\u0131m alanlar\u0131 kapsaml\u0131 bir yenileme s\u00fcrecinden ge\u00e7irilerek, \u00e7al\u0131\u015fanlar i\u00e7in daha modern bir \u00e7al\u0131\u015fma ortam\u0131 olu\u015fturuldu.<\/p>\n<h3><strong>R-Flex \u00fcretimi Eski\u015fehir&#8217;de merkezile\u015fiyor<\/strong><\/h3>\n<p>Yat\u0131r\u0131m program\u0131 kapsam\u0131nda R-Flex \u00fcretiminin Eski\u015fehir tesisinde merkezile\u015ftirilmesi y\u00f6n\u00fcnde \u00f6nemli bir ad\u0131m atan ODE Yal\u0131t\u0131m, \u00c7orlu&#8217;daki kapasitenin Eski\u015fehir&#8217;e ta\u015f\u0131nmas\u0131yla elastomerik kau\u00e7uk k\u00f6p\u00fc\u011f\u00fc \u00fcretiminin ana \u00fcss\u00fcn\u00fc burada konumland\u0131r\u0131yor. Bu yap\u0131lanmayla birlikte T\u00fcrkiye&#8217;nin elastomerik kau\u00e7uk k\u00f6p\u00fc\u011f\u00fc ihtiyac\u0131n\u0131n tamam\u0131 Eski\u015fehir tesisinden kar\u015f\u0131lanabiliyor. Modern ve \u00e7evre dostu \u00fcretim teknolojileriyle desteklenen bu d\u00f6n\u00fc\u015f\u00fcm, i\u00e7 pazardaki rekabet g\u00fcc\u00fcn\u00fc art\u0131r\u0131rken, ihracat hacminin geni\u015flemesine de katk\u0131 sa\u011flayacak.<\/p>\n<h3><strong>Bit\u00fcml\u00fc membranda Avrupa odakl\u0131 b\u00fcy\u00fcme<\/strong><\/h3>\n<p>2025 y\u0131l\u0131nda bit\u00fcml\u00fc membran \u00fcr\u00fcn grubunda g\u00fc\u00e7l\u00fc bir b\u00fcy\u00fcme yakalayan ODE Yal\u0131t\u0131m, \u00f6zellikle Avrupa pazar\u0131nda artan sat\u0131\u015f hacmiyle b\u00f6lgesel ihtiya\u00e7lara odaklanan stratejisinin kar\u015f\u0131l\u0131\u011f\u0131n\u0131 ald\u0131. Avrupa Ye\u015fil Mutabakat\u0131 ve AB destekli enerji verimlili\u011fi projelerinin yaratt\u0131\u011f\u0131 f\u0131rsatlar\u0131 de\u011ferlendiren \u015firket, Romanya ve Bulgaristan ba\u015fta olmak \u00fczere Do\u011fu Avrupa&#8217;daki operasyonlar\u0131n\u0131 g\u00fc\u00e7lendirmek amac\u0131yla Do\u011fu Avrupa \u00dclke M\u00fcd\u00fcrl\u00fc\u011f\u00fc&#8217;n\u00fc kurdu.<\/p>\n<h3><strong>U\u00e7tan uca \u00e7\u00f6z\u00fcm sa\u011flayan marka konumunu g\u00fc\u00e7lendirdi<\/strong><\/h3>\n<p>2025, ODE Yal\u0131t\u0131m&#8217;\u0131n portf\u00f6y\u00fcn\u00fc geni\u015fletti\u011fi ve m\u00fchendislik temelli yetkinliklerini g\u00fc\u00e7lendirdi\u011fi bir y\u0131l oldu. Ses yal\u0131t\u0131m\u0131, titre\u015fim kontrol\u00fc ve sismik koruma \u00e7\u00f6z\u00fcmleriyle tan\u0131nan DKM \u0130n\u015faat ve Dan\u0131\u015fmanl\u0131k&#8217;\u0131n \u00e7o\u011funluk hisselerinin sat\u0131n al\u0131nmas\u0131yla, ODE Yal\u0131t\u0131m sekt\u00f6rde \u201cu\u00e7tan uca yal\u0131t\u0131m \u00e7\u00f6z\u00fcm\u00fc sa\u011flayan\u201d marka konumunu daha da g\u00fc\u00e7lendirdi.<\/p>\n<h3><strong>Dijital d\u00f6n\u00fc\u015f\u00fcm yat\u0131r\u0131mlar\u0131yla operasyonel m\u00fckemmeliyet<\/strong><\/h3>\n<p>Dijitalle\u015fmeyi b\u00fcy\u00fcme stratejisinin temel unsurlar\u0131ndan biri olarak konumland\u0131ran ODE Yal\u0131t\u0131m, i\u015f ortaklar\u0131yla etkile\u015fimini ve \u00fcretim s\u00fcre\u00e7lerini ileri teknolojiyle g\u00fc\u00e7lendirdi. Bayi Portal\u0131 ve ODE Select platformu sayesinde i\u015f ortaklar\u0131 teknik i\u00e7eriklere ve uygulama bilgilerine h\u0131zl\u0131ca ula\u015f\u0131rken, bu yakla\u015f\u0131m m\u00fc\u015fteri deneyimini ve marka bilinirli\u011fini destekliyor. \u00dcretim tesislerinde ise MES, SCADA ve ERP entegrasyonlar\u0131yla sahadan merkeze anl\u0131k veri ak\u0131\u015f\u0131 sa\u011flan\u0131yor; b\u00f6ylece dijitalle\u015fme h\u0131zlan\u0131yor ve veri odakl\u0131 karar alma yetkinli\u011fi g\u00fc\u00e7leniyor.<\/p>\n<h3><strong>40&#8217;\u0131nc\u0131 y\u0131l kutlamas\u0131 ger\u00e7ekle\u015fti<\/strong><\/h3>\n<p>40&#8217;\u0131nc\u0131 kurulu\u015f y\u0131l\u0131n\u0131 \u00f6zel bir gala gecesiyle kutlayan ODE Yal\u0131t\u0131m, i\u015f d\u00fcnyas\u0131n\u0131n \u00f6nde gelen isimleri, sekt\u00f6r temsilcileri ile ulusal ve uluslararas\u0131 i\u015f ortaklar\u0131n\u0131 bir araya getirdi. \u015eirketin ge\u00e7mi\u015ften bug\u00fcne uzanan d\u00f6n\u00fc\u015f\u00fcm\u00fcn\u00fcn payla\u015f\u0131ld\u0131\u011f\u0131 bu \u00f6zel bulu\u015fmada, ODE Yal\u0131t\u0131m&#8217;\u0131n gelece\u011fe y\u00f6nelik vizyonu da aktar\u0131ld\u0131. Y\u0131l boyunca d\u00fczenlenen bayi toplant\u0131lar\u0131, bas\u0131n bulu\u015fmalar\u0131 ve di\u011fer payda\u015f odakl\u0131 organizasyonlarla da sekt\u00f6rle olan etkile\u015fim g\u00fc\u00e7lendirilirken, \u015firketin d\u00f6n\u00fc\u015f\u00fcm yolculu\u011fu ve stratejik \u00f6ncelikleri geni\u015f bir ekosistemle payla\u015f\u0131ld\u0131.<\/p>\n<h3><strong>ODE 5.1 ile \u0130nsan Odakl\u0131 Dijital D\u00f6n\u00fc\u015f\u00fcm<\/strong><\/h3>\n<p>ODE Yal\u0131t\u0131m, verimlilik ve dijitalle\u015fmeyi teknoloji ve s\u00fcre\u00e7lerin \u00f6tesinde, insan\u0131 merkeze alan b\u00fct\u00fcnc\u00fcl bir d\u00f6n\u00fc\u015f\u00fcm yakla\u015f\u0131m\u0131yla ele al\u0131yor. Bu yakla\u015f\u0131m\u0131n somut ifadesi olan ODE 5.1, yaln\u0131zca 2026 mottosu de\u011fil; ge\u00e7mi\u015fte at\u0131lan ad\u0131mlar\u0131n ve gelecekte kararl\u0131l\u0131kla s\u00fcrd\u00fcr\u00fclecek d\u00f6n\u00fc\u015f\u00fcm yolculu\u011funun \u00e7er\u00e7evesini olu\u015fturuyor. \u201c5\u201d teknoloji, s\u00fcre\u00e7 ve veriyi; \u201c1\u201d ise d\u00f6n\u00fc\u015f\u00fcm\u00fcn merkezindeki insan\u0131 temsil ederken, ODE 5.1 \u015firketin kopyalanamaz kurumsal DNA&#8217;s\u0131n\u0131 da yans\u0131t\u0131yor. Bu anlay\u0131\u015f, ODE Yal\u0131t\u0131m&#8217;\u0131n 40&#8217;\u0131nc\u0131 y\u0131l\u0131na \u00f6zel olarak konumland\u0131rd\u0131\u011f\u0131 40VD\u00b2K yol haritas\u0131yla \u00f6rt\u00fc\u015f\u00fcyor. \u015eirket bu kapsamda stratejik d\u00f6n\u00fc\u015f\u00fcm\u00fcn\u00fc; 40&#8217;\u0131nc\u0131 y\u0131l bilinci, verimlilik, dijital d\u00f6n\u00fc\u015f\u00fcm ve k\u00fclt\u00fcr d\u00f6n\u00fc\u015f\u00fcm\u00fc ba\u015fl\u0131klar\u0131nda ele al\u0131yor. \u00dcretim ve operasyonlarda verimlili\u011fin art\u0131r\u0131lmas\u0131, RPA, MES, CRM, Bayi Portal\u0131, ODE IQ ve Power BI gibi uygulamalarla dijital i\u015f modellerine ge\u00e7i\u015fin h\u0131zland\u0131r\u0131lmas\u0131 ve daha \u00e7evik bir organizasyon yap\u0131s\u0131 hedefleniyor.<\/p>","protected":false},"excerpt":{"rendered":"<p>Sorry, this entry is only available in Turkish. For the sake of viewer convenience, the content is shown below in the alternative language. You may click the link to switch the active language. T\u00fcrkiye&#8217;nin y\u00fczde 100 yerli sermayeli en b\u00fcy\u00fck yal\u0131t\u0131m \u015firketi ODE Yal\u0131t\u0131m, 40&#8217;\u0131nc\u0131 y\u0131l\u0131n\u0131 kutlad\u0131\u011f\u0131 2025&#8217;i; yat\u0131r\u0131mlar\u0131n\u0131 h\u0131zland\u0131rd\u0131\u011f\u0131, ihracat g\u00fcc\u00fcn\u00fc art\u0131rd\u0131\u011f\u0131 ve d\u00f6n\u00fc\u015f\u00fcm [&hellip;]<\/p>\n","protected":false},"author":1,"featured_media":202585,"comment_status":"open","ping_status":"open","sticky":false,"template":"","format":"standard","meta":[],"categories":[53,52],"tags":[62687,117857,49699,33913,117858,9134],"views":21,"_links":{"self":[{"href":"https:\/\/www.enerjigazetesi.ist\/en\/wp-json\/wp\/v2\/posts\/202583"}],"collection":[{"href":"https:\/\/www.enerjigazetesi.ist\/en\/wp-json\/wp\/v2\/posts"}],"about":[{"href":"https:\/\/www.enerjigazetesi.ist\/en\/wp-json\/wp\/v2\/types\/post"}],"author":[{"embeddable":true,"href":"https:\/\/www.enerjigazetesi.ist\/en\/wp-json\/wp\/v2\/users\/1"}],"replies":[{"embeddable":true,"href":"https:\/\/www.enerjigazetesi.ist\/en\/wp-json\/wp\/v2\/comments?post=202583"}],"version-history":[{"count":0,"href":"https:\/\/www.enerjigazetesi.ist\/en\/wp-json\/wp\/v2\/posts\/202583\/revisions"}],"wp:featuredmedia":[{"embeddable":true,"href":"https:\/\/www.enerjigazetesi.ist\/en\/wp-json\/wp\/v2\/media\/202585"}],"wp:attachment":[{"href":"https:\/\/www.enerjigazetesi.ist\/en\/wp-json\/wp\/v2\/media?parent=202583"}],"wp:term":[{"taxonomy":"category","embeddable":true,"href":"https:\/\/www.enerjigazetesi.ist\/en\/wp-json\/wp\/v2\/categories?post=202583"},{"taxonomy":"post_tag","embeddable":true,"href":"https:\/\/www.enerjigazetesi.ist\/en\/wp-json\/wp\/v2\/tags?post=202583"}],"curies":[{"name":"wp","href":"https:\/\/api.w.org\/{rel}","templated":true}]}}