{"id":20256,"date":"2014-01-02T14:56:51","date_gmt":"2014-01-02T11:56:51","guid":{"rendered":"https:\/\/www.enerjigazetesi.ist\/?p=20256"},"modified":"2014-01-02T14:56:51","modified_gmt":"2014-01-02T11:56:51","slug":"irandan-gelen-dogalgaz-28-milyondan-20-milyon-metrekupe-kadar-dustu","status":"publish","type":"post","link":"https:\/\/www.enerjigazetesi.ist\/en\/irandan-gelen-dogalgaz-28-milyondan-20-milyon-metrekupe-kadar-dustu\/","title":{"rendered":"(Turkish) \u0130ran\u2019dan Gelen Do\u011falgaz, 28 Milyon&#8217;dan 20 Milyon Metrek\u00fcpe Kadar D\u00fc\u015ft\u00fc&#8230;"},"content":{"rendered":"<p class=\"qtranxs-available-languages-message qtranxs-available-languages-message-en\">Sorry, this entry is only available in <a href=\"https:\/\/www.enerjigazetesi.ist\/tr\/wp-json\/wp\/v2\/posts\/20256\" class=\"qtranxs-available-language-link qtranxs-available-language-link-tr\" title=\"Turkish\">Turkish<\/a>. For the sake of viewer convenience, the content is shown below in the alternative language. You may click the link to switch the active language.<\/p><p><strong>Enerji Bakan\u0131 Y\u0131ld\u0131z, T\u00fcrkiye\u2019nin \u0130ran\u2019dan ald\u0131\u011f\u0131 gazda teknik nedenlerle k\u0131s\u0131nt\u0131 oldu\u011funu, bunun ge\u00e7ici bir durum oldu\u011funu s\u00f6yledi. T\u00fcrkiye\u2019nin \u0130ran\u2019dan ald\u0131\u011f\u0131 gaz\u0131n miktar\u0131nda azalma ya\u015fand\u0131. Enerji Bakan\u0131 Taner Y\u0131ld\u0131z, \u201c\u0130ran\u2019dan gelen gaz k\u0131s\u0131nt\u0131s\u0131nda teknik bir sorun ya\u015fan\u0131yor.<a href=\"https:\/\/www.enerjigazetesi.ist\/wp-content\/uploads\/2014\/01\/irandan-gelen-dogalgaz-28-milyon-metrekupten-20-milyon-metrekupe-kadar-dustu.jpg\"><img loading=\"lazy\" class=\"alignright size-medium wp-image-20257\" title=\"irandan-gelen-dogalgaz-28-milyon-metrekupten-20-milyon-metrekupe-kadar-dustu\" src=\"https:\/\/www.enerjigazetesi.ist\/wp-content\/uploads\/2014\/01\/irandan-gelen-dogalgaz-28-milyon-metrekupten-20-milyon-metrekupe-kadar-dustu-300x199.jpg\" alt=\"\" width=\"300\" height=\"199\" srcset=\"https:\/\/www.enerjigazetesi.ist\/wp-content\/uploads\/2014\/01\/irandan-gelen-dogalgaz-28-milyon-metrekupten-20-milyon-metrekupe-kadar-dustu-300x199.jpg 300w, https:\/\/www.enerjigazetesi.ist\/wp-content\/uploads\/2014\/01\/irandan-gelen-dogalgaz-28-milyon-metrekupten-20-milyon-metrekupe-kadar-dustu-500x332.jpg 500w, https:\/\/www.enerjigazetesi.ist\/wp-content\/uploads\/2014\/01\/irandan-gelen-dogalgaz-28-milyon-metrekupten-20-milyon-metrekupe-kadar-dustu-75x50.jpg 75w, https:\/\/www.enerjigazetesi.ist\/wp-content\/uploads\/2014\/01\/irandan-gelen-dogalgaz-28-milyon-metrekupten-20-milyon-metrekupe-kadar-dustu.jpg 505w\" sizes=\"(max-width: 300px) 100vw, 300px\" \/><\/a><\/strong><\/p>\n<p>G\u00fcnl\u00fck 28 milyon metrek\u00fcp gaz 20 milyon metrek\u00fcpe kadar d\u00fc\u015ft\u00fc\u201d dedi. K\u0131s\u0131nt\u0131n\u0131n ge\u00e7ici bir durum oldu\u011funun alt\u0131n\u0131 \u00e7izen Y\u0131ld\u0131z, \u201cT\u00fcrkiye genelinde gelen t\u00fcm gaz talebi kar\u015f\u0131lan\u0131yor, hi\u00e7 bir yerde kesinti yok\u201d \u015feklinde konu\u015ftu.<\/p>\n<p>\u201cAf\u015fin-Elbistan havzas\u0131na 10 milyar dolarl\u0131k yat\u0131r\u0131mla santral yap\u0131m\u0131 i\u00e7in Japonya, Katar ve \u00c7in ile g\u00f6r\u00fc\u015f\u00fcyoruz\u201d diyen Y\u0131ld\u0131z, Katar\u2019\u0131n daha \u00f6ne \u00e7\u0131kt\u0131\u011f\u0131n\u0131 s\u00f6yledi.<\/p>\n<p>Ge\u00e7en y\u0131lki do\u011falgaz t\u00fcketiminin 47 milyar metrek\u00fcp oldu\u011funu s\u00f6yleyen Enerji Bakan\u0131, 2012\u2032de bu miktar\u0131n 45 milyar metrek\u00fcp oldu\u011funu hat\u0131rlatt\u0131. Y\u0131ld\u0131z, 2013\u2032te elektrikte kurulu g\u00fcc\u00fcn 7 bin megavat artt\u0131\u011f\u0131n\u0131, toplam 11,3 milyar dolarl\u0131k yat\u0131r\u0131m yap\u0131ld\u0131\u011f\u0131n\u0131, 137 yeni santralin devreye girdi\u011fini s\u00f6yledi. Enerji Bakan\u0131, \u201cDo\u011falgaz art\u0131\u015f\u0131n\u0131n az olmas\u0131n\u0131n nedeni konuttaki t\u00fcketimin artmas\u0131na ra\u011fmen elektrik \u00fcretiminde do\u011falgaz\u0131n pay\u0131n\u0131n azalmas\u0131d\u0131r\u201d dedi.<\/p>\n<p>Kaynak: <a href=\"http:\/\/enerjienstitusu.com\/2014\/01\/02\/irandan-gelen-dogalgaz-28-milyon-metrekupten-20-milyon-metrekupe-kadar-dustu\/\" target=\"_blank\">Enerji Enstit\u00fcs\u00fc<\/a><\/p>","protected":false},"excerpt":{"rendered":"<p>Sorry, this entry is only available in Turkish. For the sake of viewer convenience, the content is shown below in the alternative language. You may click the link to switch the active language.Enerji Bakan\u0131 Y\u0131ld\u0131z, T\u00fcrkiye\u2019nin \u0130ran\u2019dan ald\u0131\u011f\u0131 gazda teknik nedenlerle k\u0131s\u0131nt\u0131 oldu\u011funu, bunun ge\u00e7ici bir durum oldu\u011funu s\u00f6yledi. T\u00fcrkiye\u2019nin \u0130ran\u2019dan ald\u0131\u011f\u0131 gaz\u0131n miktar\u0131nda azalma [&hellip;]<\/p>\n","protected":false},"author":1,"featured_media":20257,"comment_status":"open","ping_status":"open","sticky":false,"template":"","format":"standard","meta":[],"categories":[46,53],"tags":[710,92,226,63,67,1009,165,11788,11787,1333,667],"views":647,"_links":{"self":[{"href":"https:\/\/www.enerjigazetesi.ist\/en\/wp-json\/wp\/v2\/posts\/20256"}],"collection":[{"href":"https:\/\/www.enerjigazetesi.ist\/en\/wp-json\/wp\/v2\/posts"}],"about":[{"href":"https:\/\/www.enerjigazetesi.ist\/en\/wp-json\/wp\/v2\/types\/post"}],"author":[{"embeddable":true,"href":"https:\/\/www.enerjigazetesi.ist\/en\/wp-json\/wp\/v2\/users\/1"}],"replies":[{"embeddable":true,"href":"https:\/\/www.enerjigazetesi.ist\/en\/wp-json\/wp\/v2\/comments?post=20256"}],"version-history":[{"count":2,"href":"https:\/\/www.enerjigazetesi.ist\/en\/wp-json\/wp\/v2\/posts\/20256\/revisions"}],"predecessor-version":[{"id":20259,"href":"https:\/\/www.enerjigazetesi.ist\/en\/wp-json\/wp\/v2\/posts\/20256\/revisions\/20259"}],"wp:featuredmedia":[{"embeddable":true,"href":"https:\/\/www.enerjigazetesi.ist\/en\/wp-json\/wp\/v2\/media\/20257"}],"wp:attachment":[{"href":"https:\/\/www.enerjigazetesi.ist\/en\/wp-json\/wp\/v2\/media?parent=20256"}],"wp:term":[{"taxonomy":"category","embeddable":true,"href":"https:\/\/www.enerjigazetesi.ist\/en\/wp-json\/wp\/v2\/categories?post=20256"},{"taxonomy":"post_tag","embeddable":true,"href":"https:\/\/www.enerjigazetesi.ist\/en\/wp-json\/wp\/v2\/tags?post=20256"}],"curies":[{"name":"wp","href":"https:\/\/api.w.org\/{rel}","templated":true}]}}