{"id":202488,"date":"2026-01-26T15:42:30","date_gmt":"2026-01-26T12:42:30","guid":{"rendered":"https:\/\/www.enerjigazetesi.ist\/?p=202488"},"modified":"2026-01-26T15:42:30","modified_gmt":"2026-01-26T12:42:30","slug":"iletim-hatlarina-das-korumasi","status":"publish","type":"post","link":"https:\/\/www.enerjigazetesi.ist\/en\/iletim-hatlarina-das-korumasi\/","title":{"rendered":"(Turkish) \u0130letim Hatlar\u0131na \u2018DAS\u2019 Korumas\u0131"},"content":{"rendered":"<p class=\"qtranxs-available-languages-message qtranxs-available-languages-message-en\">Sorry, this entry is only available in <a href=\"https:\/\/www.enerjigazetesi.ist\/tr\/wp-json\/wp\/v2\/posts\/202488\" class=\"qtranxs-available-language-link qtranxs-available-language-link-tr\" title=\"Turkish\">Turkish<\/a>. For the sake of viewer convenience, the content is shown below in the alternative language. You may click the link to switch the active language.<\/p><p><\/p>\n<h2>Enerji ve Tabii Kaynaklar Bakanl\u0131\u011f\u0131, elektrik iletim hatlar\u0131na y\u00f6nelik ger\u00e7ekle\u015ftirilen ve arz g\u00fcvenli\u011fini tehlikeye sokan h\u0131rs\u0131zl\u0131klar\u0131 engelleyecek \u00f6nemli bir ad\u0131m att\u0131. Y\u00fcksek gerilim hatlar\u0131ndan par\u00e7a \u00e7alma giri\u015fimlerinde kullan\u0131lan tornavida ve \u00e7eki\u00e7 seslerini dahi ay\u0131rt edebilen bir g\u00fcvenlik sistemi geli\u015ftirildi. Tamam\u0131 yerli ve milli imkanlarla devreye al\u0131nan sistem, T\u00fcrkiye genelindeki 2 bini a\u015fk\u0131n y\u00fcksek gerilim hatt\u0131n\u0131n tamam\u0131nda kullan\u0131lmaya ba\u015fland\u0131.<\/h2>\n<p style=\"text-align: center;\"><img loading=\"lazy\" class=\"aligncenter wp-image-202490\" src=\"https:\/\/www.enerjigazetesi.ist\/wp-content\/uploads\/2026\/01\/iletim-hatlarina-das-korumasi.jpg\" alt=\"\" width=\"500\" height=\"329\" srcset=\"https:\/\/www.enerjigazetesi.ist\/wp-content\/uploads\/2026\/01\/iletim-hatlarina-das-korumasi.jpg 550w, https:\/\/www.enerjigazetesi.ist\/wp-content\/uploads\/2026\/01\/iletim-hatlarina-das-korumasi-300x197.jpg 300w, https:\/\/www.enerjigazetesi.ist\/wp-content\/uploads\/2026\/01\/iletim-hatlarina-das-korumasi-500x329.jpg 500w, https:\/\/www.enerjigazetesi.ist\/wp-content\/uploads\/2026\/01\/iletim-hatlarina-das-korumasi-76x50.jpg 76w\" sizes=\"(max-width: 500px) 100vw, 500px\" \/><\/p>\n<p>Enerji ve Tabii Kaynaklar Bakanl\u0131\u011f\u0131, elektrik iletim hatlar\u0131ndan par\u00e7a \u00e7alarak enerji kesintilerine yol a\u00e7an ve arz g\u00fcvenli\u011fini tehlikeye atan h\u0131rs\u0131zlara kar\u015f\u0131 harekete ge\u00e7ti. Bakanl\u0131\u011f\u0131n ili\u015fkili kurulu\u015fu T\u00fcrkiye Elektrik \u0130letim A.\u015e (TE\u0130A\u015e) ile Bilkent \u00dcniversitesi, iletim hatlar\u0131ndaki h\u0131rs\u0131zl\u0131klara engel olunmas\u0131 amac\u0131yla Dynamic Acoustic System (DAS) ad\u0131 verilen bir y\u00fcksek g\u00fcvenlik hatt\u0131 g\u00fcvenlik ve izleme sistemi geli\u015ftirdi.<\/p>\n<h3><strong>Tornavida ve \u00c7eki\u00e7 Sesini Ay\u0131rt Ediyor<\/strong><\/h3>\n<p>Sistem kapsam\u0131nda y\u00fcksek gerilim hatlar\u0131na sens\u00f6r yerle\u015ftiriliyor. S\u00f6z konusu sens\u00f6r, hat \u00fczerindeki herhangi bir sesi do\u011frudan alg\u0131layabiliyor. Sesleri analiz eden sens\u00f6r sayesinde, hat boyunca kullan\u0131lan bir tornavida, \u00e7eki\u00e7 veya matkab\u0131n sesi dahi ay\u0131rt edilebiliyor. Herhangi bir sens\u00f6r, b\u00f6lgedeki iki ayr\u0131 hatt\u0131n tamam\u0131n\u0131n takip edilmesine ve izlenmesine imk\u00e2n tan\u0131yor.<\/p>\n<h3><strong>Koordinatlar\u0131 Bildiriyor<\/strong><\/h3>\n<p>H\u0131rs\u0131zl\u0131k te\u015febb\u00fcs\u00fcn\u00fc alg\u0131layan sistem, te\u015febb\u00fcs\u00fcn ya\u015fand\u0131\u011f\u0131 noktan\u0131n koordinatlar\u0131n\u0131 do\u011frudan b\u00f6lgede g\u00f6rev yapan TE\u0130A\u015e saha ekibi ve b\u00f6lgeden sorumlu g\u00fcvenlik g\u00fc\u00e7leri ile payla\u015f\u0131yor. B\u00f6ylece, h\u0131rs\u0131zl\u0131k te\u015febb\u00fcs\u00fcne daha h\u0131zl\u0131 m\u00fcdahale edilmesi sa\u011flan\u0131yor.<\/p>\n<h3><strong>Yerli ve Milli<\/strong><\/h3>\n<p>T\u00fcrk m\u00fchendislerin uzun s\u00fcreli Ar-Ge faaliyetleri sonucunda ortaya \u00e7\u0131kan DAS\u2019\u0131n hem donan\u0131m\u0131 hem de yaz\u0131l\u0131m\u0131 yerli ve milli imkanlarla geli\u015ftirildi.<\/p>\n<h3><strong>T\u00fcm Y\u00fcksek Gerilim Hatlar\u0131nda Kullan\u0131l\u0131yor<\/strong><\/h3>\n<p>Elektrik iletim hatlar\u0131ndaki h\u0131rs\u0131zl\u0131\u011f\u0131n engellenmesi amac\u0131yla \u00fcretilen DAS sens\u00f6r\u00fc, T\u00fcrkiye genelinde faal durumda bulunan 2 bini a\u015fk\u0131n y\u00fcksek gerilim hatt\u0131n\u0131n tamam\u0131nda kullan\u0131lmaya ba\u015fland\u0131.\u00a0B\u00f6ylece, Aral\u0131k ay\u0131 sonu itibariyle TE\u0130A\u015e\u2019a ait toplam uzunlu\u011fu 76 bin 701 kilometreyi bulan iletim hatt\u0131n\u0131n g\u00fcvenli\u011fi i\u00e7in \u00f6nemli bir ad\u0131m at\u0131lm\u0131\u015f oldu.<\/p>","protected":false},"excerpt":{"rendered":"<p>Sorry, this entry is only available in Turkish. For the sake of viewer convenience, the content is shown below in the alternative language. You may click the link to switch the active language. Enerji ve Tabii Kaynaklar Bakanl\u0131\u011f\u0131, elektrik iletim hatlar\u0131na y\u00f6nelik ger\u00e7ekle\u015ftirilen ve arz g\u00fcvenli\u011fini tehlikeye sokan h\u0131rs\u0131zl\u0131klar\u0131 engelleyecek \u00f6nemli bir ad\u0131m att\u0131. Y\u00fcksek [&hellip;]<\/p>\n","protected":false},"author":1,"featured_media":202490,"comment_status":"open","ping_status":"open","sticky":false,"template":"","format":"standard","meta":[],"categories":[51,53],"tags":[27292,117823,17166,117824,47585,29502],"views":22,"_links":{"self":[{"href":"https:\/\/www.enerjigazetesi.ist\/en\/wp-json\/wp\/v2\/posts\/202488"}],"collection":[{"href":"https:\/\/www.enerjigazetesi.ist\/en\/wp-json\/wp\/v2\/posts"}],"about":[{"href":"https:\/\/www.enerjigazetesi.ist\/en\/wp-json\/wp\/v2\/types\/post"}],"author":[{"embeddable":true,"href":"https:\/\/www.enerjigazetesi.ist\/en\/wp-json\/wp\/v2\/users\/1"}],"replies":[{"embeddable":true,"href":"https:\/\/www.enerjigazetesi.ist\/en\/wp-json\/wp\/v2\/comments?post=202488"}],"version-history":[{"count":0,"href":"https:\/\/www.enerjigazetesi.ist\/en\/wp-json\/wp\/v2\/posts\/202488\/revisions"}],"wp:featuredmedia":[{"embeddable":true,"href":"https:\/\/www.enerjigazetesi.ist\/en\/wp-json\/wp\/v2\/media\/202490"}],"wp:attachment":[{"href":"https:\/\/www.enerjigazetesi.ist\/en\/wp-json\/wp\/v2\/media?parent=202488"}],"wp:term":[{"taxonomy":"category","embeddable":true,"href":"https:\/\/www.enerjigazetesi.ist\/en\/wp-json\/wp\/v2\/categories?post=202488"},{"taxonomy":"post_tag","embeddable":true,"href":"https:\/\/www.enerjigazetesi.ist\/en\/wp-json\/wp\/v2\/tags?post=202488"}],"curies":[{"name":"wp","href":"https:\/\/api.w.org\/{rel}","templated":true}]}}