{"id":202331,"date":"2026-01-09T17:40:49","date_gmt":"2026-01-09T14:40:49","guid":{"rendered":"https:\/\/www.enerjigazetesi.ist\/?p=202331"},"modified":"2026-01-09T17:41:02","modified_gmt":"2026-01-09T14:41:02","slug":"siddetli-lodos-ve-firtinaya-karsi-sedastan-kesintisiz-enerji-mesaisi","status":"publish","type":"post","link":"https:\/\/www.enerjigazetesi.ist\/en\/siddetli-lodos-ve-firtinaya-karsi-sedastan-kesintisiz-enerji-mesaisi\/","title":{"rendered":"(Turkish) \u015eiddetli Lodos ve F\u0131rt\u0131naya Kar\u015f\u0131 &#8216;SEDA\u015e&#8217;tan Kesintisiz Enerji Mesaisi&#8230;"},"content":{"rendered":"<p class=\"qtranxs-available-languages-message qtranxs-available-languages-message-en\">Sorry, this entry is only available in <a href=\"https:\/\/www.enerjigazetesi.ist\/tr\/wp-json\/wp\/v2\/posts\/202331\" class=\"qtranxs-available-language-link qtranxs-available-language-link-tr\" title=\"Turkish\">Turkish<\/a>. For the sake of viewer convenience, the content is shown below in the alternative language. You may click the link to switch the active language.<\/p><p><\/p>\n<h2 class=\"v1MsoNormal\">Meteorolojinin uyar\u0131lar\u0131n\u0131n ard\u0131ndan Marmara B\u00f6lgesi genelinde etkili olan \u015fiddetli lodos ve f\u0131rt\u0131na, enerji nakil hatlar\u0131nda hasarlara yol a\u00e7t\u0131. D\u00fcn ba\u015flayan olumsuz hava ko\u015fullar\u0131 nedeniyle baz\u0131 b\u00f6lgelerde yer yer elektrik kesintileri ya\u015fan\u0131rken, Sakarya Elektrik Da\u011f\u0131t\u0131m A.\u015e. (SEDA\u015e) ekipleri f\u0131rt\u0131nan\u0131n ilk anlar\u0131ndan itibaren sahada g\u00f6rev ald\u0131.<\/h2>\n<p style=\"text-align: center;\"><img loading=\"lazy\" class=\"aligncenter wp-image-202334\" src=\"https:\/\/www.enerjigazetesi.ist\/wp-content\/uploads\/2026\/01\/siddetli-lodos-ve-firtinaya-karsi-sedastan-kesintisiz-enerji-mesaisi.jpg\" alt=\"\" width=\"500\" height=\"422\" srcset=\"https:\/\/www.enerjigazetesi.ist\/wp-content\/uploads\/2026\/01\/siddetli-lodos-ve-firtinaya-karsi-sedastan-kesintisiz-enerji-mesaisi.jpg 550w, https:\/\/www.enerjigazetesi.ist\/wp-content\/uploads\/2026\/01\/siddetli-lodos-ve-firtinaya-karsi-sedastan-kesintisiz-enerji-mesaisi-300x253.jpg 300w, https:\/\/www.enerjigazetesi.ist\/wp-content\/uploads\/2026\/01\/siddetli-lodos-ve-firtinaya-karsi-sedastan-kesintisiz-enerji-mesaisi-474x400.jpg 474w, https:\/\/www.enerjigazetesi.ist\/wp-content\/uploads\/2026\/01\/siddetli-lodos-ve-firtinaya-karsi-sedastan-kesintisiz-enerji-mesaisi-59x50.jpg 59w, https:\/\/www.enerjigazetesi.ist\/wp-content\/uploads\/2026\/01\/siddetli-lodos-ve-firtinaya-karsi-sedastan-kesintisiz-enerji-mesaisi-500x422.jpg 500w\" sizes=\"(max-width: 500px) 100vw, 500px\" \/><\/p>\n<p class=\"v1MsoNormal\">B\u00f6lge genelinde ya\u015fanan \u015fiddetli r\u00fczg\u00e2r ve ya\u011f\u0131\u015f nedeniyle il ve il\u00e7e merkezlerinin yan\u0131 s\u0131ra k\u0131rsal kesimlerde de olas\u0131 ar\u0131zalara an\u0131nda m\u00fcdahale edebilmek i\u00e7in saha organizasyonu g\u00fc\u00e7lendirildi.\u00a0Olumsuz hava ko\u015fullar\u0131n\u0131n neden oldu\u011fu a\u011fa\u00e7 devrilmeleri, iletken kopmalar\u0131 ve \u015febekelerde olu\u015fan hasarlara sahada e\u015f zamanl\u0131 m\u00fcdahale edilirken, SEDA\u015e b\u00f6lge y\u00f6neticileri de y\u00fcr\u00fct\u00fclen \u00e7al\u0131\u015fmalar\u0131 yerinde takip etti. Saha operasyonlar\u0131nda teknolojik ekipmanlar ve geni\u015f ara\u00e7 filosu etkin bi\u00e7imde kullan\u0131ld\u0131. Ormanl\u0131k ve zorlu eri\u015fim alanlar\u0131nda, ar\u0131za tespit ve onar\u0131m \u00e7al\u0131\u015fmalar\u0131 yap\u0131l\u0131rken, hava \u015fartlar\u0131n\u0131n uygun oldu\u011fu noktalarda drone destekli tarama uygulamalar\u0131ndan da yararlan\u0131ld\u0131.<\/p>\n<p style=\"text-align: center;\"><img loading=\"lazy\" class=\"aligncenter wp-image-202333\" src=\"https:\/\/www.enerjigazetesi.ist\/wp-content\/uploads\/2026\/01\/siddetli-lodos-ve-firtinaya-karsi-sedastan-kesintisiz-enerji-mesaisi-1.jpg\" alt=\"\" width=\"500\" height=\"395\" srcset=\"https:\/\/www.enerjigazetesi.ist\/wp-content\/uploads\/2026\/01\/siddetli-lodos-ve-firtinaya-karsi-sedastan-kesintisiz-enerji-mesaisi-1.jpg 550w, https:\/\/www.enerjigazetesi.ist\/wp-content\/uploads\/2026\/01\/siddetli-lodos-ve-firtinaya-karsi-sedastan-kesintisiz-enerji-mesaisi-1-300x237.jpg 300w, https:\/\/www.enerjigazetesi.ist\/wp-content\/uploads\/2026\/01\/siddetli-lodos-ve-firtinaya-karsi-sedastan-kesintisiz-enerji-mesaisi-1-500x395.jpg 500w, https:\/\/www.enerjigazetesi.ist\/wp-content\/uploads\/2026\/01\/siddetli-lodos-ve-firtinaya-karsi-sedastan-kesintisiz-enerji-mesaisi-1-63x50.jpg 63w\" sizes=\"(max-width: 500px) 100vw, 500px\" \/><\/p>\n<p class=\"v1MsoNormal\">Kesintilerden etkilenen b\u00f6lgelerde, enerjinin g\u00fcvenli \u015fekilde yeniden verilebilmesi amac\u0131yla onar\u0131m \u00e7al\u0131\u015fmalar\u0131 aral\u0131ks\u0131z s\u00fcrd\u00fcr\u00fcl\u00fcyor. Hava ko\u015fullar\u0131n\u0131n elverdi\u011fi \u00f6l\u00e7\u00fcde y\u00fcr\u00fct\u00fclen \u00e7al\u0131\u015fmalar sonucunda enerji, b\u00f6lge bazl\u0131 ve kademeli olarak yeniden sa\u011flanmaya devam ediyor.<\/p>\n<p class=\"v1MsoNormal\">\u00d6te yandan, olumsuz hava ko\u015fullar\u0131 nedeniyle normal zamanlara k\u0131yasla \u00e7a\u011fr\u0131 merkezine gelen ba\u015fvuru say\u0131s\u0131n\u0131n <strong>y\u00fczde \u00fc\u00e7 y\u00fcz otuz be\u015f<\/strong> oran\u0131nda art\u0131\u015f g\u00f6stermesi \u00fczerine ba\u015fvurulara h\u0131zl\u0131 ve etkin yan\u0131t verebilmek amac\u0131yla takviye ekipler g\u00f6revlendirildi. <strong>2 milyonu a\u015fk\u0131n<\/strong> m\u00fc\u015fterinin <strong>7\/24 eri\u015fim<\/strong> sa\u011flad\u0131\u011f\u0131 <strong>SEDA\u015e 186 \u00c7a\u011fr\u0131 Merkezi, 0 530 919 19 19 numaral\u0131 WhatsApp hatt\u0131, SEDA\u015e Mobil Uygulamas\u0131, Web-Chat ve Web Online \u0130\u015flemler<\/strong> kanallar\u0131nda, hava muhalefeti kaynakl\u0131 <strong>yo\u011fun ve ola\u011fan\u00fcst\u00fc bir ba\u015fvuru trafi\u011fi<\/strong> ya\u015fand\u0131\u011f\u0131 belirtildi.<\/p>\n<p><\/p>","protected":false},"excerpt":{"rendered":"<p>Sorry, this entry is only available in Turkish. For the sake of viewer convenience, the content is shown below in the alternative language. You may click the link to switch the active language. Meteorolojinin uyar\u0131lar\u0131n\u0131n ard\u0131ndan Marmara B\u00f6lgesi genelinde etkili olan \u015fiddetli lodos ve f\u0131rt\u0131na, enerji nakil hatlar\u0131nda hasarlara yol a\u00e7t\u0131. D\u00fcn ba\u015flayan olumsuz hava [&hellip;]<\/p>\n","protected":false},"author":1,"featured_media":202334,"comment_status":"open","ping_status":"open","sticky":false,"template":"","format":"standard","meta":[],"categories":[51,53],"tags":[117786,2873,3956,64642,30482,2444],"views":26,"_links":{"self":[{"href":"https:\/\/www.enerjigazetesi.ist\/en\/wp-json\/wp\/v2\/posts\/202331"}],"collection":[{"href":"https:\/\/www.enerjigazetesi.ist\/en\/wp-json\/wp\/v2\/posts"}],"about":[{"href":"https:\/\/www.enerjigazetesi.ist\/en\/wp-json\/wp\/v2\/types\/post"}],"author":[{"embeddable":true,"href":"https:\/\/www.enerjigazetesi.ist\/en\/wp-json\/wp\/v2\/users\/1"}],"replies":[{"embeddable":true,"href":"https:\/\/www.enerjigazetesi.ist\/en\/wp-json\/wp\/v2\/comments?post=202331"}],"version-history":[{"count":0,"href":"https:\/\/www.enerjigazetesi.ist\/en\/wp-json\/wp\/v2\/posts\/202331\/revisions"}],"wp:featuredmedia":[{"embeddable":true,"href":"https:\/\/www.enerjigazetesi.ist\/en\/wp-json\/wp\/v2\/media\/202334"}],"wp:attachment":[{"href":"https:\/\/www.enerjigazetesi.ist\/en\/wp-json\/wp\/v2\/media?parent=202331"}],"wp:term":[{"taxonomy":"category","embeddable":true,"href":"https:\/\/www.enerjigazetesi.ist\/en\/wp-json\/wp\/v2\/categories?post=202331"},{"taxonomy":"post_tag","embeddable":true,"href":"https:\/\/www.enerjigazetesi.ist\/en\/wp-json\/wp\/v2\/tags?post=202331"}],"curies":[{"name":"wp","href":"https:\/\/api.w.org\/{rel}","templated":true}]}}