{"id":202289,"date":"2025-12-15T15:31:49","date_gmt":"2025-12-15T12:31:49","guid":{"rendered":"https:\/\/www.enerjigazetesi.ist\/?p=202289"},"modified":"2026-01-08T15:35:38","modified_gmt":"2026-01-08T12:35:38","slug":"ic-enterranin-celebi-ve-kanara-depolamali-res-projeleri-icin-ced-sureci-tamamlandi","status":"publish","type":"post","link":"https:\/\/www.enerjigazetesi.ist\/en\/ic-enterranin-celebi-ve-kanara-depolamali-res-projeleri-icin-ced-sureci-tamamlandi\/","title":{"rendered":"(Turkish) &#8217;IC Enterra&#8217;n\u0131n \u00c7elebi ve Kanara Depolamal\u0131 RES Projeleri i\u00e7in \u00c7ED S\u00fcreci Tamamland\u0131"},"content":{"rendered":"<p class=\"qtranxs-available-languages-message qtranxs-available-languages-message-en\">Sorry, this entry is only available in <a href=\"https:\/\/www.enerjigazetesi.ist\/tr\/wp-json\/wp\/v2\/posts\/202289\" class=\"qtranxs-available-language-link qtranxs-available-language-link-tr\" title=\"Turkish\">Turkish<\/a>. For the sake of viewer convenience, the content is shown below in the alternative language. You may click the link to switch the active language.<\/p><p><\/p>\n<h2><strong>IC Enterra, depolamal\u0131 enerji yat\u0131r\u0131mlar\u0131nda att\u0131\u011f\u0131 yeni ad\u0131mlarla T\u00fcrkiye\u2019nin enerji arz g\u00fcvenli\u011fini g\u00fc\u00e7lendirirken, \u00c7elebi ve Kanara RES projeleri i\u00e7in al\u0131nan \u00c7ED olumlu kararlar\u0131yla s\u00fcrd\u00fcr\u00fclebilir b\u00fcy\u00fcme stratejisinde kritik bir e\u015fi\u011fi daha geride b\u0131rakt\u0131.<\/strong><\/h2>\n<div id=\"attachment_202291\" style=\"width: 510px\" class=\"wp-caption aligncenter\"><img aria-describedby=\"caption-attachment-202291\" loading=\"lazy\" class=\"wp-image-202291\" src=\"https:\/\/www.enerjigazetesi.ist\/wp-content\/uploads\/2026\/01\/ic-enterranin-celebi-ve-kanara-depolamali-res-projeleri-icin-ced-sureci-tamamlandi.jpg\" alt=\"\" width=\"500\" height=\"334\" srcset=\"https:\/\/www.enerjigazetesi.ist\/wp-content\/uploads\/2026\/01\/ic-enterranin-celebi-ve-kanara-depolamali-res-projeleri-icin-ced-sureci-tamamlandi.jpg 550w, https:\/\/www.enerjigazetesi.ist\/wp-content\/uploads\/2026\/01\/ic-enterranin-celebi-ve-kanara-depolamali-res-projeleri-icin-ced-sureci-tamamlandi-300x200.jpg 300w, https:\/\/www.enerjigazetesi.ist\/wp-content\/uploads\/2026\/01\/ic-enterranin-celebi-ve-kanara-depolamali-res-projeleri-icin-ced-sureci-tamamlandi-500x334.jpg 500w, https:\/\/www.enerjigazetesi.ist\/wp-content\/uploads\/2026\/01\/ic-enterranin-celebi-ve-kanara-depolamali-res-projeleri-icin-ced-sureci-tamamlandi-75x50.jpg 75w, https:\/\/www.enerjigazetesi.ist\/wp-content\/uploads\/2026\/01\/ic-enterranin-celebi-ve-kanara-depolamali-res-projeleri-icin-ced-sureci-tamamlandi-450x300.jpg 450w\" sizes=\"(max-width: 500px) 100vw, 500px\" \/><p id=\"caption-attachment-202291\" class=\"wp-caption-text\">IC Enterra CEO\u2019su Cem A\u015f\u0131k<\/p><\/div>\n<p>IC Enterra Yenilenebilir Enerji, T\u00fcrkiye\u2019nin enerji d\u00f6n\u00fc\u015f\u00fcm\u00fcne katk\u0131 sa\u011flayan ve 2053 net s\u0131f\u0131r emisyon hedefiyle uyumlu b\u00fcy\u00fcme stratejisini g\u00fc\u00e7lendiren yat\u0131r\u0131mlar\u0131na h\u0131z kesmeden devam ediyor. \u015eirketin Tekirda\u011f ilinde geli\u015ftirdi\u011fi iki \u00f6nemli proje olan Depolamal\u0131 \u00c7elebi RES ve Depolamal\u0131 Kanara RES, \u00c7evresel Etki De\u011ferlendirmesi (\u00c7ED) s\u00fcre\u00e7lerini ba\u015far\u0131yla tamamlayarak \u00c7ED olumlu kararlar\u0131n\u0131 ald\u0131.<\/p>\n<p><strong>IC Enterra CEO\u2019su Cem A\u015f\u0131k<\/strong>, depolama teknolojilerinin T\u00fcrkiye\u2019nin enerji arz g\u00fcvenli\u011fi a\u00e7\u0131s\u0131ndan ta\u015f\u0131d\u0131\u011f\u0131 \u00f6neme vurgu yaparak,<em> \u201cDepolamal\u0131 enerji projeleri, \u015febeke istikrar\u0131na katk\u0131 sa\u011flayarak yenilenebilir \u00fcretimini artt\u0131ran ve elektrik sisteminin t\u00fcm gelece\u011fini yeniden \u015fekillendirecek bir d\u00f6n\u00fc\u015f\u00fcm\u00fc ba\u015flat\u0131yor. \u00c7elebi ve Kanara projelerimizin \u00c7ED olumlu karar\u0131 almas\u0131, bu vizyon do\u011frultusunda att\u0131\u011f\u0131m\u0131z \u00f6nemli bir ad\u0131md\u0131r. S\u00fcrd\u00fcr\u00fclebilir enerji portf\u00f6y\u00fcm\u00fcz\u00fc geni\u015fletirken, \u00fclkemizin yenilenebilir enerji potansiyelini en verimli \u015fekilde de\u011ferlendirmeye devam ediyoruz\u201d<\/em> dedi.<\/p>\n<h3><strong>\u201cDepolama, T\u00fcrkiye&#8217;nin enerji gelece\u011finin merkezinde yer al\u0131yor\u201d<\/strong><\/h3>\n<p>IC Enterra\u2019n\u0131n, b\u00fcy\u00fcme planlar\u0131 kapsam\u0131nda, RES ve GES yat\u0131r\u0131mlar\u0131yla birlikte enerji depolama projelerine odaklanmas\u0131, \u015firketi sekt\u00f6r\u00fcn \u00f6nc\u00fc oyuncular\u0131ndan biri haline getiriyor.<\/p>\n<p>A\u015f\u0131k, <em>\u201cDepolamal\u0131 \u00d6mer RES projemizin ard\u0131ndan \u00c7elebi ve Kanara projelerimizin de \u00c7ED uygunluk s\u00fcre\u00e7lerini tamamlamas\u0131, depolamal\u0131 elektrik \u00fcretim yat\u0131r\u0131mlar\u0131m\u0131z\u0131 h\u0131zl\u0131 \u015fekilde hayata ge\u00e7irmek i\u00e7in att\u0131\u011f\u0131m\u0131z ad\u0131mlar\u0131n bir g\u00f6stergesi. Bu projeler, yenilenebilir kaynaklar\u0131n kesintisiz ve g\u00fcvenilir \u015fekilde elektrik arz\u0131na entegre edilmesine \u00f6nemli katk\u0131 sa\u011flayacak\u201d<\/em> dedi.<\/p>\n<h3><strong>485 MW\u2019l\u0131k Depolamal\u0131 \u00dcretim Portf\u00f6y\u00fcnde \u0130lerleme<\/strong><\/h3>\n<p>IC Enterra, 05.06.2024 tarihinde kamuoyuyla payla\u015ft\u0131\u011f\u0131 a\u00e7\u0131klamada toplam 485 MW depolamal\u0131 \u00fcretim tesisleri i\u00e7in t\u00fcm \u00f6n lisans ald\u0131\u011f\u0131n\u0131 duyurmu\u015f; ard\u0131ndan 01.09.2025 tarihinde Depolamal\u0131 \u00d6mer RES projesinin \u00c7ED olumlu karar\u0131 ald\u0131\u011f\u0131n\u0131 bildirmi\u015fti. IC Enterra, \u015fimdi de Tekirda\u011f\u2019da planlanan Depolamal\u0131 \u00c7elebi RES ve Depolamal\u0131 Kanara RES projelerinde \u00c7ED uygunlu\u011funu alarak s\u00fcre\u00e7te \u00f6nemli bir ilerleme kaydetti.<\/p>\n<p>Kapasite olarak birbirinin ayn\u0131 olan her iki proje de, 7 t\u00fcrbinden olu\u015fan yap\u0131lar\u0131, 45 MWe kurulu g\u00fc\u00e7leri ve 45 MWh depolama kapasiteleriyle T\u00fcrkiye\u2019nin enerji d\u00f6n\u00fc\u015f\u00fcm\u00fcne katk\u0131 sa\u011flamay\u0131 hedefliyor.<\/p>","protected":false},"excerpt":{"rendered":"<p>Sorry, this entry is only available in Turkish. For the sake of viewer convenience, the content is shown below in the alternative language. You may click the link to switch the active language. IC Enterra, depolamal\u0131 enerji yat\u0131r\u0131mlar\u0131nda att\u0131\u011f\u0131 yeni ad\u0131mlarla T\u00fcrkiye\u2019nin enerji arz g\u00fcvenli\u011fini g\u00fc\u00e7lendirirken, \u00c7elebi ve Kanara RES projeleri i\u00e7in al\u0131nan \u00c7ED olumlu [&hellip;]<\/p>\n","protected":false},"author":1,"featured_media":202291,"comment_status":"open","ping_status":"open","sticky":false,"template":"","format":"standard","meta":[],"categories":[51,53,50],"tags":[2878,117765,117766,117764,117767,113035,111932],"views":26,"_links":{"self":[{"href":"https:\/\/www.enerjigazetesi.ist\/en\/wp-json\/wp\/v2\/posts\/202289"}],"collection":[{"href":"https:\/\/www.enerjigazetesi.ist\/en\/wp-json\/wp\/v2\/posts"}],"about":[{"href":"https:\/\/www.enerjigazetesi.ist\/en\/wp-json\/wp\/v2\/types\/post"}],"author":[{"embeddable":true,"href":"https:\/\/www.enerjigazetesi.ist\/en\/wp-json\/wp\/v2\/users\/1"}],"replies":[{"embeddable":true,"href":"https:\/\/www.enerjigazetesi.ist\/en\/wp-json\/wp\/v2\/comments?post=202289"}],"version-history":[{"count":0,"href":"https:\/\/www.enerjigazetesi.ist\/en\/wp-json\/wp\/v2\/posts\/202289\/revisions"}],"wp:featuredmedia":[{"embeddable":true,"href":"https:\/\/www.enerjigazetesi.ist\/en\/wp-json\/wp\/v2\/media\/202291"}],"wp:attachment":[{"href":"https:\/\/www.enerjigazetesi.ist\/en\/wp-json\/wp\/v2\/media?parent=202289"}],"wp:term":[{"taxonomy":"category","embeddable":true,"href":"https:\/\/www.enerjigazetesi.ist\/en\/wp-json\/wp\/v2\/categories?post=202289"},{"taxonomy":"post_tag","embeddable":true,"href":"https:\/\/www.enerjigazetesi.ist\/en\/wp-json\/wp\/v2\/tags?post=202289"}],"curies":[{"name":"wp","href":"https:\/\/api.w.org\/{rel}","templated":true}]}}