{"id":202279,"date":"2026-01-08T14:55:11","date_gmt":"2026-01-08T11:55:11","guid":{"rendered":"https:\/\/www.enerjigazetesi.ist\/?p=202279"},"modified":"2026-01-08T15:17:41","modified_gmt":"2026-01-08T12:17:41","slug":"enerjinin-yildizlari-projesi-sektore-yeni-yildizlar-kazandirmaya-devam-edecek","status":"publish","type":"post","link":"https:\/\/www.enerjigazetesi.ist\/en\/enerjinin-yildizlari-projesi-sektore-yeni-yildizlar-kazandirmaya-devam-edecek\/","title":{"rendered":"(Turkish) &#8217;Enerjinin Y\u0131ld\u0131zlar\u0131 Projesi&#8217; Sekt\u00f6re Yeni Y\u0131ld\u0131zlar Kazand\u0131rmay\u0131 S\u00fcrd\u00fcrecek"},"content":{"rendered":"<p class=\"qtranxs-available-languages-message qtranxs-available-languages-message-en\">Sorry, this entry is only available in <a href=\"https:\/\/www.enerjigazetesi.ist\/tr\/wp-json\/wp\/v2\/posts\/202279\" class=\"qtranxs-available-language-link qtranxs-available-language-link-tr\" title=\"Turkish\">Turkish<\/a>. For the sake of viewer convenience, the content is shown below in the alternative language. You may click the link to switch the active language.<\/p><p><\/p>\n<h2>Elektrik da\u011f\u0131t\u0131m sekt\u00f6r\u00fcnde \u201cyaparak, ya\u015fayarak \u00f6\u011frenme modeli\u201d ile nitelikli insan kayna\u011f\u0131n\u0131n yeti\u015fmesine katk\u0131 sa\u011flayan\u00a0<strong><em>\u201cEnerjinin Y\u0131ld\u0131zlar\u0131\u201d<\/em><\/strong>\u00a0Projesi her ge\u00e7en g\u00fcn daha da g\u00fc\u00e7lenerek sekt\u00f6re yeni y\u0131ld\u0131zlar kazand\u0131rmaya devam ediyor. Mill\u00ee E\u011fitim Bakanl\u0131\u011f\u0131 (MEB) Mesleki ve Teknik E\u011fitim Genel M\u00fcd\u00fcrl\u00fc\u011f\u00fc ile 2018 y\u0131l\u0131nda imzalanan \u201cMesleki E\u011fitim Protokol\u00fc\u201d kapsam\u0131nda hayata ge\u00e7irilen \u201cEnerjinin Y\u0131ld\u0131zlar\u0131 Projesi\u201d ile mesleki e\u011fitimin g\u00fc\u00e7lenmesine katk\u0131 sunan Akdeniz Elektrik Da\u011f\u0131t\u0131m A.\u015e.(AEDA\u015e) teorik e\u011fitimin saha ile bulu\u015fmas\u0131na katk\u0131 sa\u011fl\u0131yor. Bug\u00fcne kadar 281 genci sekt\u00f6re kazand\u0131ran Enerjinin Y\u0131ld\u0131zlar\u0131 Projesi\u2019nin Antalya\u2019da devam\u0131 i\u00e7in Antalya \u0130l Milli E\u011fitim M\u00fcd\u00fcrl\u00fc\u011f\u00fc ile AEDA\u015e aras\u0131nda 3 y\u0131l devam edecek yeni protokole imza at\u0131ld\u0131.<\/h2>\n<p style=\"text-align: center;\"><img loading=\"lazy\" class=\"aligncenter wp-image-202282\" src=\"https:\/\/www.enerjigazetesi.ist\/wp-content\/uploads\/2026\/01\/enerjinin-yildizlari-projesi-sektore-yeni-yildizlar-kazandirmaya-devam-edecek.jpg\" alt=\"\" width=\"500\" height=\"306\" srcset=\"https:\/\/www.enerjigazetesi.ist\/wp-content\/uploads\/2026\/01\/enerjinin-yildizlari-projesi-sektore-yeni-yildizlar-kazandirmaya-devam-edecek.jpg 550w, https:\/\/www.enerjigazetesi.ist\/wp-content\/uploads\/2026\/01\/enerjinin-yildizlari-projesi-sektore-yeni-yildizlar-kazandirmaya-devam-edecek-300x184.jpg 300w, https:\/\/www.enerjigazetesi.ist\/wp-content\/uploads\/2026\/01\/enerjinin-yildizlari-projesi-sektore-yeni-yildizlar-kazandirmaya-devam-edecek-500x306.jpg 500w, https:\/\/www.enerjigazetesi.ist\/wp-content\/uploads\/2026\/01\/enerjinin-yildizlari-projesi-sektore-yeni-yildizlar-kazandirmaya-devam-edecek-80x50.jpg 80w\" sizes=\"(max-width: 500px) 100vw, 500px\" \/><\/p>\n<p>2018 y\u0131l\u0131nda ba\u015flayan ve Akdeniz Elektrik Da\u011f\u0131t\u0131m A.\u015e. (AEDA\u015e), Bo\u011fazi\u00e7i Elektrik Da\u011f\u0131t\u0131m A.\u015e. (BEDA\u015e) ve \u00c7aml\u0131bel Elektrik Da\u011f\u0131t\u0131m A.\u015e\u2019nin (\u00c7EDA\u015e) hizmet b\u00f6lgelerinde y\u00fcr\u00fctt\u00fc\u011f\u00fc Enerjinin Y\u0131ld\u0131zlar\u0131 Projesi ile, Antalya, \u0130stanbul Avrupa Yakas\u0131 ve Sivas\u2019ta belirlenen meslek liselerinde e\u011fitim ile istihdam aras\u0131nda g\u00fc\u00e7l\u00fc bir ba\u011f kuruluyor. Bu kapsamda Kepez Mesleki ve Teknik Anadolu Lisesi\u2019nde \u201cY\u00fcksek Gerilim Laboratuvar\u0131\u201d kuran AEDA\u015e, Y\u00fcksek Gerilim Sistemleri Dal\u0131 b\u00f6l\u00fcm\u00fcn\u00fc tercih eden \u00f6\u011frencilerin hem akademik hem de mesleki geli\u015fimlerini destekliyor.<\/p>\n<h3><strong>\u201cMEZUN\u0130YET SONRASINDA DA \u0130ST\u0130HDAMLA DESTEKL\u0130YORUZ\u201d<\/strong><\/h3>\n<div id=\"attachment_202281\" style=\"width: 510px\" class=\"wp-caption aligncenter\"><img aria-describedby=\"caption-attachment-202281\" loading=\"lazy\" class=\"wp-image-202281\" src=\"https:\/\/www.enerjigazetesi.ist\/wp-content\/uploads\/2026\/01\/ilkay-baydar.jpg\" alt=\"\" width=\"500\" height=\"351\" srcset=\"https:\/\/www.enerjigazetesi.ist\/wp-content\/uploads\/2026\/01\/ilkay-baydar.jpg 550w, https:\/\/www.enerjigazetesi.ist\/wp-content\/uploads\/2026\/01\/ilkay-baydar-300x211.jpg 300w, https:\/\/www.enerjigazetesi.ist\/wp-content\/uploads\/2026\/01\/ilkay-baydar-500x351.jpg 500w, https:\/\/www.enerjigazetesi.ist\/wp-content\/uploads\/2026\/01\/ilkay-baydar-71x50.jpg 71w\" sizes=\"(max-width: 500px) 100vw, 500px\" \/><p id=\"caption-attachment-202281\" class=\"wp-caption-text\">AEDA\u015e Genel M\u00fcd\u00fcr\u00fc \u0130lkay Baydar<\/p><\/div>\n<p>Akdeniz b\u00f6lgesinde yeni d\u00f6nem ile birlikte daha fazla gence ula\u015fma f\u0131rsat\u0131na sahip olacaklar\u0131n\u0131 ifade eden\u00a0<strong><em>AEDA\u015e Genel M\u00fcd\u00fcr\u00fc \u0130lkay Baydar,<\/em><\/strong>\u00a0<em>\u201cEnerjinin Y\u0131ld\u0131zlar\u0131 Projesi ile yaln\u0131zca teknik bilgi kazand\u0131rmay\u0131 de\u011fil, gen\u00e7lerin mesleklerine g\u00fcvenle ad\u0131m atabilecekleri s\u00fcrd\u00fcr\u00fclebilir bir gelecek in\u015fa etmeyi hedefliyoruz. E\u011fitim kurumlar\u0131m\u0131zla kurdu\u011fumuz bu g\u00fc\u00e7l\u00fc i\u015f birli\u011fi sayesinde \u00f6\u011frencilerimizi daha e\u011fitim hayatlar\u0131 devam ederken sekt\u00f6rle bulu\u015fturuyor, mezuniyet sonras\u0131nda da istihdamla destekliyoruz. Mesleki e\u011fitimin g\u00fc\u00e7lenmesi, hem sekt\u00f6r\u00fcm\u00fcz hem de \u00fclkemizin gelece\u011fi a\u00e7\u0131s\u0131ndan b\u00fcy\u00fck \u00f6nem ta\u015f\u0131yor. AEDA\u015e olarak bu sorumlulu\u011fu kararl\u0131l\u0131kla \u00fcstlenmeye devam edece\u011fiz. Ge\u00e7ti\u011fimiz ay T\u00fcrkiye \u0130\u015fveren Sendikalar\u0131 Konfederasyonu\u2019nun (T\u0130SK), \u00e7al\u0131\u015fma hayat\u0131nda fark yaratan projeleri g\u00f6r\u00fcn\u00fcr k\u0131lmak ve iyi \u00f6rnekleri te\u015fvik etmek amac\u0131yla d\u00fczenledi\u011fi \u201cOrtak Yar\u0131nlar\u201d Program\u0131\u2019nda \u201c\u00c7e\u015fitlilik ve Kapsay\u0131c\u0131l\u0131k\u201d kategorisinde verilen \u201cGen\u00e7lerin Yolunu A\u00e7anlar \u00d6d\u00fcl\u00fc\u201dn\u00fc Enerjinin Y\u0131ld\u0131zlar\u0131 Projemizin lay\u0131k g\u00f6r\u00fclmesi\u00a0bizim i\u00e7in \u00e7ok b\u00fcy\u00fck bir motivasyon kayna\u011f\u0131 oldu\u201d<\/em> de\u011ferlendirmesinde bulundu.<\/p>\n<h3><strong>EK\u0130PMAN DESTE\u011e\u0130 DE YAPILIYOR<\/strong><\/h3>\n<p>Enerjinin Y\u0131ld\u0131zlar\u0131 Projesi kapsam\u0131nda AEDA\u015e, \u00f6\u011frencilere uygulayarak \u00f6\u011frenme f\u0131rsat\u0131 sunarken, okula malzeme ve ekipman deste\u011fi sa\u011fl\u0131yor, laboratuvar altyap\u0131s\u0131n\u0131 g\u00fc\u00e7lendiriyor. \u00d6\u011frencilere tak\u0131m \u00e7antas\u0131, laboratuvar uygulamalar\u0131nda kullan\u0131lacak aletler, ekipmanlar ve \u00f6nl\u00fckler temin edilirken; ba\u015far\u0131l\u0131 ve ihtiya\u00e7 sahibi \u00f6\u011frencilere burs imk\u00e2n\u0131 sunuluyor. Ayr\u0131ca \u00f6\u011frencilerin mesleki geli\u015fimlerini desteklemek amac\u0131yla staj olanaklar\u0131, teknik e\u011fitimler ve sekt\u00f6rel geziler d\u00fczenleniyor. AEDA\u015e b\u00fcnyesinde g\u00f6rev yapan uzman \u00e7al\u0131\u015fanlar da y\u0131l boyunca \u00f6\u011frencilere ment\u00f6rl\u00fck deste\u011fi veriyor.<\/p>\n<h3><strong>42 \u00d6\u011eRENC\u0130 AEDA\u015e\u2019TA \u0130\u015eE BA\u015eLADI<\/strong><\/h3>\n<p>Mezuniyet sonras\u0131nda da gen\u00e7lerin yan\u0131nda yer alan AEDA\u015e, elektrik da\u011f\u0131t\u0131m sekt\u00f6r\u00fcnde kariyer yapmak isteyen gen\u00e7lere istihdam deste\u011fi sa\u011fl\u0131yor. Proje kapsam\u0131nda Elektrik Tesisatlar\u0131 ve Da\u011f\u0131t\u0131m\u0131 Dal\u0131\u2019ndan mezun olan ve sekt\u00f6rde \u00e7al\u0131\u015fma hayat\u0131na at\u0131lan 14 \u00f6\u011frencinin 2025 y\u0131l\u0131nda i\u015f ba\u015f\u0131 yapmas\u0131yla, bug\u00fcne kadar projeden mezun olan 281 \u00f6\u011frenci aras\u0131ndan AEDA\u015e\u2019ta istihdam edilen \u00f6\u011frenci say\u0131s\u0131 42\u2019ye ula\u015ft\u0131. G\u00fcncel durumda 2025-2026 e\u011fitim \u00f6\u011fretim y\u0131l\u0131nda,\u00a0<strong>12. s\u0131n\u0131fta \u00f6\u011frenim g\u00f6ren \u00f6\u011frenciler haftada 3 g\u00fcn AEDA\u015e\u2019ta staj<\/strong>\u00a0yaparak i\u015f hayat\u0131n\u0131 yerinde deneyimlerken\u00a0<strong>11. s\u0131n\u0131ftaki 62 \u00f6\u011frenci<\/strong>\u00a0ise Kepez Mesleki ve Teknik Anadolu Lisesi\u00a0<strong>Elektrik-Elektronik Teknolojisi Alan\u0131, Elektrik Tesisatlar\u0131 ve Da\u011f\u0131t\u0131m\u0131 Dal\u0131\u2019nda<\/strong>\u00a0e\u011fitim-\u00f6\u011fretim hayat\u0131na devam ediyor.<\/p>","protected":false},"excerpt":{"rendered":"<p>Sorry, this entry is only available in Turkish. For the sake of viewer convenience, the content is shown below in the alternative language. You may click the link to switch the active language. Elektrik da\u011f\u0131t\u0131m sekt\u00f6r\u00fcnde \u201cyaparak, ya\u015fayarak \u00f6\u011frenme modeli\u201d ile nitelikli insan kayna\u011f\u0131n\u0131n yeti\u015fmesine katk\u0131 sa\u011flayan\u00a0\u201cEnerjinin Y\u0131ld\u0131zlar\u0131\u201d\u00a0Projesi her ge\u00e7en g\u00fcn daha da g\u00fc\u00e7lenerek sekt\u00f6re [&hellip;]<\/p>\n","protected":false},"author":1,"featured_media":202282,"comment_status":"open","ping_status":"open","sticky":false,"template":"","format":"standard","meta":[],"categories":[51,53],"tags":[31338,31233,5201,117760,15016,117761,42396,2834],"views":19,"_links":{"self":[{"href":"https:\/\/www.enerjigazetesi.ist\/en\/wp-json\/wp\/v2\/posts\/202279"}],"collection":[{"href":"https:\/\/www.enerjigazetesi.ist\/en\/wp-json\/wp\/v2\/posts"}],"about":[{"href":"https:\/\/www.enerjigazetesi.ist\/en\/wp-json\/wp\/v2\/types\/post"}],"author":[{"embeddable":true,"href":"https:\/\/www.enerjigazetesi.ist\/en\/wp-json\/wp\/v2\/users\/1"}],"replies":[{"embeddable":true,"href":"https:\/\/www.enerjigazetesi.ist\/en\/wp-json\/wp\/v2\/comments?post=202279"}],"version-history":[{"count":0,"href":"https:\/\/www.enerjigazetesi.ist\/en\/wp-json\/wp\/v2\/posts\/202279\/revisions"}],"wp:featuredmedia":[{"embeddable":true,"href":"https:\/\/www.enerjigazetesi.ist\/en\/wp-json\/wp\/v2\/media\/202282"}],"wp:attachment":[{"href":"https:\/\/www.enerjigazetesi.ist\/en\/wp-json\/wp\/v2\/media?parent=202279"}],"wp:term":[{"taxonomy":"category","embeddable":true,"href":"https:\/\/www.enerjigazetesi.ist\/en\/wp-json\/wp\/v2\/categories?post=202279"},{"taxonomy":"post_tag","embeddable":true,"href":"https:\/\/www.enerjigazetesi.ist\/en\/wp-json\/wp\/v2\/tags?post=202279"}],"curies":[{"name":"wp","href":"https:\/\/api.w.org\/{rel}","templated":true}]}}