{"id":202251,"date":"2026-01-08T12:57:20","date_gmt":"2026-01-08T09:57:20","guid":{"rendered":"https:\/\/www.enerjigazetesi.ist\/?p=202251"},"modified":"2026-01-08T12:57:20","modified_gmt":"2026-01-08T09:57:20","slug":"yusuf-ziya-yuce-uludag-enerji-grup-kurumsal-iletisim-direktoru-oldu","status":"publish","type":"post","link":"https:\/\/www.enerjigazetesi.ist\/en\/yusuf-ziya-yuce-uludag-enerji-grup-kurumsal-iletisim-direktoru-oldu\/","title":{"rendered":"(Turkish) &#8217;Yusuf Ziya Y\u00fcce&#8217; Uluda\u011f Enerji Grup Kurumsal \u0130leti\u015fim Direkt\u00f6r\u00fc Oldu"},"content":{"rendered":"<p class=\"qtranxs-available-languages-message qtranxs-available-languages-message-en\">Sorry, this entry is only available in <a href=\"https:\/\/www.enerjigazetesi.ist\/tr\/wp-json\/wp\/v2\/posts\/202251\" class=\"qtranxs-available-language-link qtranxs-available-language-link-tr\" title=\"Turkish\">Turkish<\/a>. For the sake of viewer convenience, the content is shown below in the alternative language. You may click the link to switch the active language.<\/p><p><\/p>\n<h2 style=\"font-weight: 400;\"><strong>5 milyondan fazla m\u00fc\u015fteriye kesintisiz enerji hizmeti veren Uluda\u011f Enerji\u2019de Kurumsal \u0130leti\u015fim Direkt\u00f6r\u00fc olarak g\u00f6rev yapan Yusuf Ziya Y\u00fcce, Grup Kurumsal \u0130leti\u015fim Direkt\u00f6r\u00fc oldu.<\/strong><\/h2>\n<p style=\"text-align: center;\"><img loading=\"lazy\" class=\"aligncenter wp-image-202253\" src=\"https:\/\/www.enerjigazetesi.ist\/wp-content\/uploads\/2026\/01\/yusuf-ziya-yuce-uludag-enerji-grup-kurumsal-iletisim-direktoru-oldu.jpg\" alt=\"\" width=\"500\" height=\"375\" srcset=\"https:\/\/www.enerjigazetesi.ist\/wp-content\/uploads\/2026\/01\/yusuf-ziya-yuce-uludag-enerji-grup-kurumsal-iletisim-direktoru-oldu.jpg 550w, https:\/\/www.enerjigazetesi.ist\/wp-content\/uploads\/2026\/01\/yusuf-ziya-yuce-uludag-enerji-grup-kurumsal-iletisim-direktoru-oldu-300x225.jpg 300w, https:\/\/www.enerjigazetesi.ist\/wp-content\/uploads\/2026\/01\/yusuf-ziya-yuce-uludag-enerji-grup-kurumsal-iletisim-direktoru-oldu-500x375.jpg 500w, https:\/\/www.enerjigazetesi.ist\/wp-content\/uploads\/2026\/01\/yusuf-ziya-yuce-uludag-enerji-grup-kurumsal-iletisim-direktoru-oldu-67x50.jpg 67w\" sizes=\"(max-width: 500px) 100vw, 500px\" \/><\/p>\n<p style=\"font-weight: 400;\">Y\u00fcce, yeni g\u00f6reviyle grubun t\u00fcm kurumsal ileti\u015fim s\u00fcre\u00e7lerinin stratejik olarak kurgulanmas\u0131, y\u00f6netilmesi ve geli\u015ftirilmesine liderlik etmeyi s\u00fcrd\u00fcrecek. Y\u00fcce, medya ili\u015fkileri, marka y\u00f6netimi, toplumsal fayda ileti\u015fimi, kriz ileti\u015fimi, dijital ileti\u015fim ve itibar y\u00f6netimi gibi alanlarda grubun ileti\u015fim politikalar\u0131n\u0131 \u015fekillendirerek, b\u00f6lgesel ve ulusal payda\u015flarla olan etkile\u015fimi daha da g\u00fc\u00e7lendirecek.<\/p>\n<p style=\"font-weight: 400;\">Lisans e\u011fitimini Sel\u00e7uk \u00dcniversitesi \u0130leti\u015fim Fak\u00fcltesi&#8217;nde, y\u00fcksek lisans\u0131n\u0131 \u0130\u015fletme B\u00f6l\u00fcm\u00fc&#8217;nde tamamlayan Y\u00fcce, 2004 y\u0131l\u0131ndan bu yana enerji, sa\u011fl\u0131k ve perakende sekt\u00f6rlerini kapsayan deneyimiyle bir\u00e7ok ba\u015far\u0131l\u0131 projeye liderlik etti. Y\u00fcce ayr\u0131ca Uluda\u011f \u00dcniversitesi\u2019ndeki \u00f6\u011fretim g\u00f6revlisi kimli\u011fiyle bilgi birikimini yeni ku\u015faklarla payla\u015f\u0131yor.<\/p>\n<p><\/p>","protected":false},"excerpt":{"rendered":"<p>Sorry, this entry is only available in Turkish. For the sake of viewer convenience, the content is shown below in the alternative language. You may click the link to switch the active language. 5 milyondan fazla m\u00fc\u015fteriye kesintisiz enerji hizmeti veren Uluda\u011f Enerji\u2019de Kurumsal \u0130leti\u015fim Direkt\u00f6r\u00fc olarak g\u00f6rev yapan Yusuf Ziya Y\u00fcce, Grup Kurumsal \u0130leti\u015fim [&hellip;]<\/p>\n","protected":false},"author":1,"featured_media":202253,"comment_status":"open","ping_status":"open","sticky":false,"template":"","format":"standard","meta":[],"categories":[51,53],"tags":[4781,2834,117750,32262,117749],"views":16,"_links":{"self":[{"href":"https:\/\/www.enerjigazetesi.ist\/en\/wp-json\/wp\/v2\/posts\/202251"}],"collection":[{"href":"https:\/\/www.enerjigazetesi.ist\/en\/wp-json\/wp\/v2\/posts"}],"about":[{"href":"https:\/\/www.enerjigazetesi.ist\/en\/wp-json\/wp\/v2\/types\/post"}],"author":[{"embeddable":true,"href":"https:\/\/www.enerjigazetesi.ist\/en\/wp-json\/wp\/v2\/users\/1"}],"replies":[{"embeddable":true,"href":"https:\/\/www.enerjigazetesi.ist\/en\/wp-json\/wp\/v2\/comments?post=202251"}],"version-history":[{"count":0,"href":"https:\/\/www.enerjigazetesi.ist\/en\/wp-json\/wp\/v2\/posts\/202251\/revisions"}],"wp:featuredmedia":[{"embeddable":true,"href":"https:\/\/www.enerjigazetesi.ist\/en\/wp-json\/wp\/v2\/media\/202253"}],"wp:attachment":[{"href":"https:\/\/www.enerjigazetesi.ist\/en\/wp-json\/wp\/v2\/media?parent=202251"}],"wp:term":[{"taxonomy":"category","embeddable":true,"href":"https:\/\/www.enerjigazetesi.ist\/en\/wp-json\/wp\/v2\/categories?post=202251"},{"taxonomy":"post_tag","embeddable":true,"href":"https:\/\/www.enerjigazetesi.ist\/en\/wp-json\/wp\/v2\/tags?post=202251"}],"curies":[{"name":"wp","href":"https:\/\/api.w.org\/{rel}","templated":true}]}}