{"id":202222,"date":"2026-01-06T20:09:26","date_gmt":"2026-01-06T17:09:26","guid":{"rendered":"https:\/\/www.enerjigazetesi.ist\/?p=202222"},"modified":"2026-01-06T20:09:58","modified_gmt":"2026-01-06T17:09:58","slug":"vodafone-business-ile-odastan-stratejik-teknoloji-hamlesi","status":"publish","type":"post","link":"https:\/\/www.enerjigazetesi.ist\/en\/vodafone-business-ile-odastan-stratejik-teknoloji-hamlesi\/","title":{"rendered":"(Turkish) Vodafone Business ile ODA\u015e&#8217;tan Stratejik Teknoloji Hamlesi"},"content":{"rendered":"<p class=\"qtranxs-available-languages-message qtranxs-available-languages-message-en\">Sorry, this entry is only available in <a href=\"https:\/\/www.enerjigazetesi.ist\/tr\/wp-json\/wp\/v2\/posts\/202222\" class=\"qtranxs-available-language-link qtranxs-available-language-link-tr\" title=\"Turkish\">Turkish<\/a>. For the sake of viewer convenience, the content is shown below in the alternative language. You may click the link to switch the active language.<\/p><p><\/p>\n<h2>Vodafone Business, enerji sekt\u00f6r\u00fc \u015firketlerinden ODA\u015e ile ger\u00e7ekle\u015ftirdi\u011fi stratejik i\u015f birli\u011fi kapsam\u0131nda \u015firketin bulut tabanl\u0131 yap\u0131lara ge\u00e7i\u015fini sa\u011flad\u0131. Bu kapsaml\u0131 d\u00f6n\u00fc\u015f\u00fcmle birlikte ODA\u015e, veri merkezi modernizasyonundan yedekleme ve kurtarma \u00e7\u00f6z\u00fcmlerine kadar bir\u00e7ok kritik alanda yeni nesil teknolojilere dayanan hibrit bulut modeline ge\u00e7ti.<\/h2>\n<p style=\"text-align: center;\"><img loading=\"lazy\" class=\"aligncenter wp-image-202224\" src=\"https:\/\/www.enerjigazetesi.ist\/wp-content\/uploads\/2026\/01\/vodafone-business-ile-odastan-stratejik-teknoloji-hamlesi.jpg\" alt=\"\" width=\"500\" height=\"334\" srcset=\"https:\/\/www.enerjigazetesi.ist\/wp-content\/uploads\/2026\/01\/vodafone-business-ile-odastan-stratejik-teknoloji-hamlesi.jpg 550w, https:\/\/www.enerjigazetesi.ist\/wp-content\/uploads\/2026\/01\/vodafone-business-ile-odastan-stratejik-teknoloji-hamlesi-300x200.jpg 300w, https:\/\/www.enerjigazetesi.ist\/wp-content\/uploads\/2026\/01\/vodafone-business-ile-odastan-stratejik-teknoloji-hamlesi-500x334.jpg 500w, https:\/\/www.enerjigazetesi.ist\/wp-content\/uploads\/2026\/01\/vodafone-business-ile-odastan-stratejik-teknoloji-hamlesi-75x50.jpg 75w, https:\/\/www.enerjigazetesi.ist\/wp-content\/uploads\/2026\/01\/vodafone-business-ile-odastan-stratejik-teknoloji-hamlesi-450x300.jpg 450w\" sizes=\"(max-width: 500px) 100vw, 500px\" \/><\/p>\n<p>Yeni altyap\u0131 sayesinde ODA\u015e\u2019\u0131n sanalla\u015ft\u0131rma sistemleri modernize edildi; veri merkezi s\u00fcre\u00e7leri ise y\u00fczde\u00a099,9 kesintisiz \u00e7al\u0131\u015fma ve y\u00fcksek eri\u015filebilirlik hedefiyle yeniden yap\u0131land\u0131r\u0131ld\u0131. Yedekleme, kurtarma sistemleri ve profesyonel hizmet seviyeleri Vodafone Business g\u00fcvencesine al\u0131n\u0131rken; siber g\u00fcvenlik sald\u0131r\u0131lar\u0131na kar\u015f\u0131 DDOS korumas\u0131 ve g\u00fcvenlik duvar\u0131 (firewall) hizmetleri devreye al\u0131narak proaktif tehdit \u00f6nleme sa\u011fland\u0131. A\u011f y\u00f6netimi ve veri merkezi taraf\u0131nda t\u00fcm cihazlar merkezi olarak izlenebilir hale gelirken, trafik anormalliklerinin an\u0131nda tespit edilmesi m\u00fcmk\u00fcn oldu. Bu sayede ODA\u015e\u2019\u0131n, operasyonlar\u0131 hem daha g\u00fcvenli hem de daha verimli \u015fekilde y\u00f6netebilir bir yap\u0131ya kavu\u015ftu.<\/p>\n<h3><strong>\u201cEnerji Sekt\u00f6r\u00fcne \u00d6rnek Olacak Bir \u0130\u015f Birli\u011fi Ger\u00e7ekle\u015ftirdik\u201d<\/strong><\/h3>\n<p>\u0130\u015f birli\u011fiyle ilgili bir a\u00e7\u0131klama yapan <strong>Vodafone \u0130cra Kurulu Ba\u015fkan Yard\u0131mc\u0131s\u0131 \u00d6zlem Kestio\u011flu<\/strong> \u015fu de\u011ferlendirmeyi yapt\u0131:<em>\u00a0\u201cODA\u015e, bu i\u015f birli\u011fiyle T\u00fcrkiye\u2019de enerji sekt\u00f6r\u00fcnde Vodafone Business hizmetlerini kullanan \u015firketlerden biri haline geldi. \u015eirketin kendi fiziksel ortam\u0131nda kurulu ve \u00e7al\u0131\u015f\u0131yor oldu\u011fu bir yap\u0131dan hibrit bulut modeline ge\u00e7i\u015f, yaln\u0131zca teknik bir d\u00f6n\u00fc\u015f\u00fcme de\u011fil; enerji sekt\u00f6r\u00fcn\u00fcn ihtiya\u00e7lar\u0131na \u00f6zel kurgulad\u0131\u011f\u0131m\u0131z fiyatland\u0131rma modelleri, g\u00fcvenlik katmanlar\u0131 ve y\u00f6netimli hizmet yap\u0131s\u0131yla sekt\u00f6rde \u00f6rnek g\u00f6sterilebilecek bir i\u015f birli\u011fine d\u00f6n\u00fc\u015ft\u00fc. Vodafone Business olarak yaratt\u0131\u011f\u0131m\u0131z bu yeni nesil altyap\u0131n\u0131n, ODA\u015e\u2019\u0131n operasyonel verimlili\u011fini ve dijital g\u00fcvenlik seviyesini \u00f6nemli \u00f6l\u00e7\u00fcde g\u00fc\u00e7lendirdi\u011fine inan\u0131yoruz.\u201d<\/em><\/p>\n<h3><strong>\u201c<\/strong><strong>Dijital G\u00fcvenlik ve S\u00fcreklilikte Stratejik Bir Ad\u0131m<\/strong><strong>\u201d<\/strong><\/h3>\n<p><strong>ODA\u015e COO\u2019su Caner Demirayak<\/strong> i\u015f birli\u011fiyle ilgili \u015f\u00f6yle konu\u015ftu: <em>\u201cBu ad\u0131m\u0131 yaln\u0131zca bir hizmet al\u0131m\u0131 de\u011fil, uzun vadeli bir teknoloji ortakl\u0131\u011f\u0131 olarak g\u00f6r\u00fcyoruz. Bu i\u015f birli\u011fi sayesinde teknoloji altyap\u0131m\u0131z\u0131n dijital g\u00fcvenlik ve s\u00fcreklili\u011fini g\u00fc\u00e7lendirdik; operasyonlar\u0131m\u0131z\u0131 siber tehditlere kar\u015f\u0131 daha g\u00fcvenli, daha verimli ve reg\u00fclasyonlara uyumlu \u015fekilde y\u00f6netiyoruz.<\/em><\/p>\n<p><em>Vodafone Business ile ger\u00e7ekle\u015ftirdi\u011fimiz bu kapsaml\u0131 dijital d\u00f6n\u00fc\u015f\u00fcm, yaln\u0131zca bug\u00fcn\u00fcn ihtiya\u00e7lar\u0131na yan\u0131t vermekle kalm\u0131yor, ayn\u0131 zamanda yar\u0131n\u0131n ak\u0131ll\u0131, g\u00fcvenli ve s\u00fcrd\u00fcr\u00fclebilir enerji d\u00fcnyas\u0131n\u0131 da in\u015fa etmemize olanak sa\u011fl\u0131yor. Bu i\u015f birli\u011fi sayesinde, operasyonel verimlili\u011fimizi art\u0131r\u0131rken inovasyon odakl\u0131 bir altyap\u0131yla sekt\u00f6r\u00fcn dijitalle\u015fme yolculu\u011funa \u00f6nc\u00fcl\u00fck ediyoruz.\u201d<\/em> dedi.<\/p>\n<h3><strong>ODA\u015e\u2019\u0131n Teknik Altyap\u0131s\u0131 Daha G\u00fc\u00e7lendi<\/strong><\/h3>\n<p>ODA\u015e, Vodafone Business ile yapt\u0131\u011f\u0131 i\u015f birli\u011fi kapsam\u0131nda bulut \u00e7\u00f6z\u00fcmlerinin birle\u015fimi olan hibrit bulut \u00e7\u00f6z\u00fcmlerini kullanmaya ba\u015flad\u0131.\u00a0B\u00f6ylelikle daha esnek, \u00f6l\u00e7eklenebilir ve operasyonel maliyetleri d\u00fc\u015f\u00fcren bir yap\u0131 olu\u015fturmu\u015f oldu. Hibrit Bulut \u00e7\u00f6z\u00fcmlerinde<strong>\u00a0<\/strong>sistemlerin bir b\u00f6l\u00fcm\u00fc kendi fiziksel ortamlar\u0131nda (on-prem), bir b\u00f6l\u00fcm\u00fc de\u00a0bulut ortam\u0131nda \u00e7al\u0131\u015farak\u00a0esneklik ile g\u00fcvenli\u011fi birle\u015ftiriyor.<\/p>","protected":false},"excerpt":{"rendered":"<p>Sorry, this entry is only available in Turkish. For the sake of viewer convenience, the content is shown below in the alternative language. You may click the link to switch the active language. Vodafone Business, enerji sekt\u00f6r\u00fc \u015firketlerinden ODA\u015e ile ger\u00e7ekle\u015ftirdi\u011fi stratejik i\u015f birli\u011fi kapsam\u0131nda \u015firketin bulut tabanl\u0131 yap\u0131lara ge\u00e7i\u015fini sa\u011flad\u0131. Bu kapsaml\u0131 d\u00f6n\u00fc\u015f\u00fcmle birlikte [&hellip;]<\/p>\n","protected":false},"author":1,"featured_media":202224,"comment_status":"open","ping_status":"open","sticky":false,"template":"","format":"standard","meta":[],"categories":[46,53,24649,157],"tags":[86525,117734,102554,117736,16376,117738,117735,57064,117737,45113],"views":22,"_links":{"self":[{"href":"https:\/\/www.enerjigazetesi.ist\/en\/wp-json\/wp\/v2\/posts\/202222"}],"collection":[{"href":"https:\/\/www.enerjigazetesi.ist\/en\/wp-json\/wp\/v2\/posts"}],"about":[{"href":"https:\/\/www.enerjigazetesi.ist\/en\/wp-json\/wp\/v2\/types\/post"}],"author":[{"embeddable":true,"href":"https:\/\/www.enerjigazetesi.ist\/en\/wp-json\/wp\/v2\/users\/1"}],"replies":[{"embeddable":true,"href":"https:\/\/www.enerjigazetesi.ist\/en\/wp-json\/wp\/v2\/comments?post=202222"}],"version-history":[{"count":0,"href":"https:\/\/www.enerjigazetesi.ist\/en\/wp-json\/wp\/v2\/posts\/202222\/revisions"}],"wp:featuredmedia":[{"embeddable":true,"href":"https:\/\/www.enerjigazetesi.ist\/en\/wp-json\/wp\/v2\/media\/202224"}],"wp:attachment":[{"href":"https:\/\/www.enerjigazetesi.ist\/en\/wp-json\/wp\/v2\/media?parent=202222"}],"wp:term":[{"taxonomy":"category","embeddable":true,"href":"https:\/\/www.enerjigazetesi.ist\/en\/wp-json\/wp\/v2\/categories?post=202222"},{"taxonomy":"post_tag","embeddable":true,"href":"https:\/\/www.enerjigazetesi.ist\/en\/wp-json\/wp\/v2\/tags?post=202222"}],"curies":[{"name":"wp","href":"https:\/\/api.w.org\/{rel}","templated":true}]}}