{"id":20216,"date":"2014-01-02T10:22:42","date_gmt":"2014-01-02T07:22:42","guid":{"rendered":"https:\/\/www.enerjigazetesi.ist\/?p=20216"},"modified":"2014-01-02T10:23:13","modified_gmt":"2014-01-02T07:23:13","slug":"taner-yildiz-borun-kamu-elinde-kalip-ozellesmemesini-saglayacagiz","status":"publish","type":"post","link":"https:\/\/www.enerjigazetesi.ist\/en\/taner-yildiz-borun-kamu-elinde-kalip-ozellesmemesini-saglayacagiz\/","title":{"rendered":"(Turkish) Y\u0131ld\u0131z: Borun, Kamu Elinde Kal\u0131p \u00d6zelle\u015fmemesini Sa\u011flayaca\u011f\u0131z&#8230;"},"content":{"rendered":"<p class=\"qtranxs-available-languages-message qtranxs-available-languages-message-en\">Sorry, this entry is only available in <a href=\"https:\/\/www.enerjigazetesi.ist\/tr\/wp-json\/wp\/v2\/posts\/20216\" class=\"qtranxs-available-language-link qtranxs-available-language-link-tr\" title=\"Turkish\">Turkish<\/a>. For the sake of viewer convenience, the content is shown below in the alternative language. You may click the link to switch the active language.<\/p><p><strong>Enerji ve Tabii Kaynaklar Bakan\u0131 Taner Y\u0131ld\u0131z, \u201c2013 y\u0131l\u0131nda \u00f6zellikle boru, \u00f6zelle\u015ftirmeyece\u011fimizin alt\u0131n\u0131 kal\u0131n \u00e7izgilerle \u00e7izerek s\u00f6yl\u00fcyorum. Borun baz\u0131 i\u015fletmelerindeki hizmet al\u0131mlar\u0131n\u0131n \u00f6zelle\u015ftirilmesini, borun \u00f6zelle\u015ftirilmesi olarak nitelememek, b\u00f6yle tan\u0131mlamamak gerekir\u201d dedi.<\/strong><\/p>\n<p>Y\u0131ld\u0131z, Eti Maden \u0130\u015fletmelerinin Eski\u015fehir-K\u0131rka Boraks Penta \u00dcretim Fabrikas\u0131\u2019nda incelemelerde bulundu.<\/p>\n<p>Y\u0131ld\u0131z, burada gazetecilere yapt\u0131\u011f\u0131 a\u00e7\u0131klamada, piyasan\u0131n borun \u00f6zelle\u015ftirip \u00f6zelle\u015ftirilmeyece\u011fini \u00e7ok fazla merak etti\u011fini bildirdi.<\/p>\n<p>\u201c2013 y\u0131l\u0131nda \u00f6zellikle boru, \u00f6zelle\u015ftirmey<a href=\"https:\/\/www.enerjigazetesi.ist\/wp-content\/uploads\/2014\/01\/taner-yildiz-borun-kamu-elinde-kalip-ozellesmemesini-saglayacagiz.jpg\"><img loading=\"lazy\" class=\"alignleft size-medium wp-image-20217\" title=\"taner-yildiz-borun-kamu-elinde-kalip-ozellesmemesini-saglayacagiz\" src=\"https:\/\/www.enerjigazetesi.ist\/wp-content\/uploads\/2014\/01\/taner-yildiz-borun-kamu-elinde-kalip-ozellesmemesini-saglayacagiz-300x211.jpg\" alt=\"\" width=\"300\" height=\"211\" srcset=\"https:\/\/www.enerjigazetesi.ist\/wp-content\/uploads\/2014\/01\/taner-yildiz-borun-kamu-elinde-kalip-ozellesmemesini-saglayacagiz-300x211.jpg 300w, https:\/\/www.enerjigazetesi.ist\/wp-content\/uploads\/2014\/01\/taner-yildiz-borun-kamu-elinde-kalip-ozellesmemesini-saglayacagiz-71x50.jpg 71w, https:\/\/www.enerjigazetesi.ist\/wp-content\/uploads\/2014\/01\/taner-yildiz-borun-kamu-elinde-kalip-ozellesmemesini-saglayacagiz.jpg 358w\" sizes=\"(max-width: 300px) 100vw, 300px\" \/><\/a>ece\u011fimizin alt\u0131n\u0131 kal\u0131n \u00e7izgilerle \u00e7izerek s\u00f6yl\u00fcyorum. Borun baz\u0131 i\u015fletmelerindeki hizmet al\u0131mlar\u0131n\u0131n \u00f6zelle\u015ftirilmesini, borun \u00f6zelle\u015ftirilmesi olarak nitelememek, b\u00f6yle tan\u0131mlamamak gerekir. O y\u00fczden biz T\u00fcrkiye\u2019deki Eti Holding arac\u0131l\u0131\u011f\u0131yla y\u00fcr\u00fct\u00fclen i\u015flemlerin, kamu eliyle y\u00fcr\u00fct\u00fclen i\u015flemlerin, borun \u00f6zelle\u015ftirilmesini yapmayaca\u011f\u0131z. Bir k\u0131s\u0131m hizmet al\u0131mlar\u0131n\u0131 \u00f6zelle\u015ftiriyoruz. Ancak o ayr\u0131, bu ayr\u0131\u2026<\/p>\n<p>2014 y\u0131l\u0131ndaki hedefimiz bundan sonraki y\u0131llardaki hedefimiz de borun kamu elinde kal\u0131p \u00f6zelle\u015fmemesini sa\u011flamakt\u0131r. Bin y\u0131ll\u0131k bor rezervimiz var. \u0130n\u015fallah bizler yaln\u0131zca torunlar\u0131m\u0131za, gelece\u011fimize de\u011fil, T\u00fcrkiye\u2019nin art\u0131k d\u00fcnyadaki ilk 10 ekonominin aras\u0131nda bulundu\u011fu, borun katk\u0131lar\u0131n\u0131 hep beraber burada g\u00f6rm\u00fc\u015f olaca\u011f\u0131z. Son derece reel, ayaklar\u0131 yere basan politikalar izleniyor, enerji politikalar\u0131nda ve stratejilerinde . Burada bo\u015f \u00fcmitler ve vaatler yok. Her \u015fey somut ve rakamlara dayal\u0131. Arkada g\u00f6rd\u00fc\u011f\u00fcn\u00fcz da\u011flar yakla\u015f\u0131k 40 y\u0131ld\u0131r, bu tarafa kamyon kamyon getirilerek tek tek \u00fcr\u00fcne \u00e7evriliyor. O y\u00fczden T\u00fcrkiye\u2019nin gelece\u011fiyle alakal\u0131 \u00f6nemli bir rezerv yerinde bulunuyoruz.\u201d<\/p>\n<p>Y\u0131ld\u0131z, 2014 y\u0131l\u0131n\u0131n, sa\u011fl\u0131kl\u0131, kazas\u0131z bir y\u0131l\u0131 olmas\u0131n\u0131 diledi.<\/p>\n<p>Konu\u015fman\u0131n ard\u0131ndan Y\u0131ld\u0131z ve beraberindeki Eski\u015fehir Valisi G\u00fcng\u00f6r Azim Tuna, AK Parti Eski\u015fehir Milletvekilleri Salih Koca ve \u00dclker Can, Eti Maden \u0130\u015fletmeleri Genel M\u00fcd\u00fcr\u00fc Orhan Y\u0131lmaz ile di\u011fer ilgililer, bor maden i\u015f\u00e7ileriyle bir araya geldi.<\/p>\n<p>Kaynak: <a href=\"http:\/\/enerjienstitusu.com\/2014\/01\/01\/taner-yildiz-borun-kamu-elinde-kalip-ozellesmemesini-saglayacagiz\/\" target=\"_blank\">Enerji Enstit\u00fcs\u00fc<\/a><\/p>","protected":false},"excerpt":{"rendered":"<p>Sorry, this entry is only available in Turkish. For the sake of viewer convenience, the content is shown below in the alternative language. You may click the link to switch the active language.Enerji ve Tabii Kaynaklar Bakan\u0131 Taner Y\u0131ld\u0131z, \u201c2013 y\u0131l\u0131nda \u00f6zellikle boru, \u00f6zelle\u015ftirmeyece\u011fimizin alt\u0131n\u0131 kal\u0131n \u00e7izgilerle \u00e7izerek s\u00f6yl\u00fcyorum. Borun baz\u0131 i\u015fletmelerindeki hizmet al\u0131mlar\u0131n\u0131n \u00f6zelle\u015ftirilmesini, [&hellip;]<\/p>\n","protected":false},"author":1,"featured_media":20217,"comment_status":"open","ping_status":"open","sticky":false,"template":"","format":"standard","meta":[],"categories":[53],"tags":[710,2017,4666,11773,2013,63,67,1009,165,11774,667],"views":735,"_links":{"self":[{"href":"https:\/\/www.enerjigazetesi.ist\/en\/wp-json\/wp\/v2\/posts\/20216"}],"collection":[{"href":"https:\/\/www.enerjigazetesi.ist\/en\/wp-json\/wp\/v2\/posts"}],"about":[{"href":"https:\/\/www.enerjigazetesi.ist\/en\/wp-json\/wp\/v2\/types\/post"}],"author":[{"embeddable":true,"href":"https:\/\/www.enerjigazetesi.ist\/en\/wp-json\/wp\/v2\/users\/1"}],"replies":[{"embeddable":true,"href":"https:\/\/www.enerjigazetesi.ist\/en\/wp-json\/wp\/v2\/comments?post=20216"}],"version-history":[{"count":3,"href":"https:\/\/www.enerjigazetesi.ist\/en\/wp-json\/wp\/v2\/posts\/20216\/revisions"}],"predecessor-version":[{"id":20220,"href":"https:\/\/www.enerjigazetesi.ist\/en\/wp-json\/wp\/v2\/posts\/20216\/revisions\/20220"}],"wp:featuredmedia":[{"embeddable":true,"href":"https:\/\/www.enerjigazetesi.ist\/en\/wp-json\/wp\/v2\/media\/20217"}],"wp:attachment":[{"href":"https:\/\/www.enerjigazetesi.ist\/en\/wp-json\/wp\/v2\/media?parent=20216"}],"wp:term":[{"taxonomy":"category","embeddable":true,"href":"https:\/\/www.enerjigazetesi.ist\/en\/wp-json\/wp\/v2\/categories?post=20216"},{"taxonomy":"post_tag","embeddable":true,"href":"https:\/\/www.enerjigazetesi.ist\/en\/wp-json\/wp\/v2\/tags?post=20216"}],"curies":[{"name":"wp","href":"https:\/\/api.w.org\/{rel}","templated":true}]}}