{"id":202080,"date":"2025-12-24T10:13:51","date_gmt":"2025-12-24T07:13:51","guid":{"rendered":"https:\/\/www.enerjigazetesi.ist\/?p=202080"},"modified":"2025-12-24T10:13:51","modified_gmt":"2025-12-24T07:13:51","slug":"tedas-in-kib-tek-personeline-verdigi-elektrik-ve-is-guvenligi-egitimleri-tamamlandi","status":"publish","type":"post","link":"https:\/\/www.enerjigazetesi.ist\/en\/tedas-in-kib-tek-personeline-verdigi-elektrik-ve-is-guvenligi-egitimleri-tamamlandi\/","title":{"rendered":"(Turkish) TEDA\u015e&#8217;\u0131n KIB-TEK Personeline Verdi\u011fi Elektrik ve \u0130\u015f G\u00fcvenli\u011fi E\u011fitimleri Tamamland\u0131"},"content":{"rendered":"<p class=\"qtranxs-available-languages-message qtranxs-available-languages-message-en\">Sorry, this entry is only available in <a href=\"https:\/\/www.enerjigazetesi.ist\/tr\/wp-json\/wp\/v2\/posts\/202080\" class=\"qtranxs-available-language-link qtranxs-available-language-link-tr\" title=\"Turkish\">Turkish<\/a>. For the sake of viewer convenience, the content is shown below in the alternative language. You may click the link to switch the active language.<\/p><p><\/p>\n<h2>T\u00fcrkiye Elektrik Da\u011f\u0131t\u0131m A.\u015e. (TEDA\u015e) taraf\u0131ndan, K\u0131br\u0131s T\u00fcrk Elektrik Kurumu (KIB-TEK) personeline y\u00f6nelik olarak d\u00fczenlenen <strong>Elektrik ve \u0130\u015f G\u00fcvenli\u011fi E\u011fitim Program\u0131<\/strong> tamamland\u0131. Alt\u0131 hafta s\u00fcren e\u011fitim program\u0131n\u0131 bitiren kat\u0131l\u0131mc\u0131lara sertifikalar\u0131, TEDA\u015e Genel M\u00fcd\u00fcr\u00fc \u00d6mer Sami Yap\u0131c\u0131 ile KIB-TEK Genel M\u00fcd\u00fcr\u00fc Dalman Ayd\u0131n\u2019\u0131n kat\u0131ld\u0131\u011f\u0131 t\u00f6renle takdim edildi.<\/h2>\n<p style=\"text-align: center;\"><img loading=\"lazy\" class=\"aligncenter wp-image-202082\" src=\"https:\/\/www.enerjigazetesi.ist\/wp-content\/uploads\/2025\/12\/tedas-in-kib-tek-personeline-verdigi-elektrik-ve-is-guvenligi-egitimleri-tamamlandi-1.jpg\" alt=\"\" width=\"500\" height=\"334\" srcset=\"https:\/\/www.enerjigazetesi.ist\/wp-content\/uploads\/2025\/12\/tedas-in-kib-tek-personeline-verdigi-elektrik-ve-is-guvenligi-egitimleri-tamamlandi-1.jpg 550w, https:\/\/www.enerjigazetesi.ist\/wp-content\/uploads\/2025\/12\/tedas-in-kib-tek-personeline-verdigi-elektrik-ve-is-guvenligi-egitimleri-tamamlandi-1-300x200.jpg 300w, https:\/\/www.enerjigazetesi.ist\/wp-content\/uploads\/2025\/12\/tedas-in-kib-tek-personeline-verdigi-elektrik-ve-is-guvenligi-egitimleri-tamamlandi-1-500x334.jpg 500w, https:\/\/www.enerjigazetesi.ist\/wp-content\/uploads\/2025\/12\/tedas-in-kib-tek-personeline-verdigi-elektrik-ve-is-guvenligi-egitimleri-tamamlandi-1-75x50.jpg 75w, https:\/\/www.enerjigazetesi.ist\/wp-content\/uploads\/2025\/12\/tedas-in-kib-tek-personeline-verdigi-elektrik-ve-is-guvenligi-egitimleri-tamamlandi-1-450x300.jpg 450w\" sizes=\"(max-width: 500px) 100vw, 500px\" \/><\/p>\n<p>KIB-TEK\u2019te g\u00f6rev yapan teknik personele y\u00f6nelik olarak <strong>3 Kas\u0131m \u2013 12 Aral\u0131k 2025<\/strong> tarihleri aras\u0131nda ger\u00e7ekle\u015ftirilen e\u011fitim program\u0131 kapsam\u0131nda; elektrik da\u011f\u0131t\u0131m sistemleri ile i\u015f sa\u011fl\u0131\u011f\u0131 ve g\u00fcvenli\u011fi konular\u0131nda teorik ve uygulamal\u0131 saha e\u011fitimleri verildi. Alt\u0131 ayr\u0131 grup h\u00e2linde d\u00fczenlenen e\u011fitimlerde <strong>Temel Elektrik, Transformat\u00f6rler, Kesiciler, Drop Fuse Sigortalar, Recloserlar, Topraklamalar ve \u0130\u015f G\u00fcvenli\u011fi, Havai Hatlar, Yer Alt\u0131 Kablolar\u0131 ile Y\u00fcksekte \u00c7al\u0131\u015fma<\/strong> ba\u015fl\u0131klar\u0131 ele al\u0131nd\u0131. Toplam <strong>130 KIB-TEK personelinin<\/strong> kat\u0131ld\u0131\u011f\u0131 e\u011fitimler, TEDA\u015e\u2019\u0131n uzman e\u011fitmenleri taraf\u0131ndan y\u00fcr\u00fct\u00fcld\u00fc.<\/p>\n<p>E\u011fitim faaliyetlerini yerinde incelemek ve ileride yap\u0131lacak programlar\u0131 planlamak amac\u0131yla TEDA\u015e Genel M\u00fcd\u00fcr\u00fc \u00d6mer Sami Yap\u0131c\u0131; Genel M\u00fcd\u00fcr Yard\u0131mc\u0131s\u0131 Dr. Mehmet Erdo\u011fan ve Bas\u0131n ve Halkla \u0130li\u015fkiler M\u00fc\u015faviri Atilla Kaya ile birlikte Kuzey K\u0131br\u0131s T\u00fcrk Cumhuriyeti\u2019ni ziyaret etti. E\u011fitim faaliyetlerini ve KIB-TEK&#8217;in \u00e7al\u0131\u015fmalar\u0131n\u0131 sahada inceleyen Yap\u0131c\u0131, beraberindeki heyetle birlikte, KIB-TEK Genel Merkezinde d\u00fczenlenen sertifika takdim t\u00f6renine kat\u0131ld\u0131.<\/p>\n<p>T\u00f6rende konu\u015fan TEDA\u015e Genel M\u00fcd\u00fcr\u00fc \u00d6mer Sami Yap\u0131c\u0131, e\u011fitim program\u0131n\u0131n yaln\u0131zca teknik bilgi aktar\u0131m\u0131yla s\u0131n\u0131rl\u0131 olmad\u0131\u011f\u0131n\u0131 vurgulayarak \u015fu ifadeleri kulland\u0131:<\/p>\n<p><em>\u201cTEDA\u015e ve KIB-TEK aras\u0131ndaki yak\u0131n i\u015f birli\u011fi, kararl\u0131l\u0131kla s\u00fcrmektedir. Elektrik da\u011f\u0131t\u0131m sekt\u00f6r\u00fcnde teknik kapasiteyi art\u0131rmay\u0131 ama\u00e7layan bu birlikteli\u011fin temelleri, 2017 y\u0131l\u0131nda 160 KIB-TEK personeline verilen kapsaml\u0131 e\u011fitim program\u0131 ile at\u0131lm\u0131\u015ft\u0131. Bug\u00fcn ise bu i\u015f birli\u011fini daha ileri bir noktaya ta\u015f\u0131yarak, alt\u0131 grup h\u00e2linde yakla\u015f\u0131k 130 KIB-TEK \u00e7al\u0131\u015fan\u0131n\u0131n kat\u0131ld\u0131\u011f\u0131 e\u011fitim program\u0131n\u0131 tamamlam\u0131\u015f bulunuyoruz. Sertifika almaya hak kazanan t\u00fcm kat\u0131l\u0131mc\u0131lar\u0131 can\u0131 g\u00f6n\u00fclden tebrik ediyorum. Bug\u00fcn ald\u0131\u011f\u0131n\u0131z sertifikalar, Kuzey K\u0131br\u0131s T\u00fcrk Cumhuriyeti\u2019nin enerji altyap\u0131s\u0131nda kaliteli, g\u00fcvenilir ve s\u00fcrd\u00fcr\u00fclebilir hizmet anlay\u0131\u015f\u0131na katk\u0131 sunacak \u00f6nemli bir birikimi temsil etmektedir. Bakanl\u0131\u011f\u0131m\u0131z himayesinde y\u00fcr\u00fct\u00fclen bu s\u00fcre\u00e7 boyunca yak\u0131n i\u015f birli\u011fi i\u00e7erisinde oldu\u011fumuz KIB-TEK Genel M\u00fcd\u00fcr\u00fc Dalman Ayd\u0131n\u2019a, KIB-TEK ailesine ve e\u011fitim s\u00fcrecinin her a\u015famas\u0131nda eme\u011fi ge\u00e7en t\u00fcm \u00e7al\u0131\u015fma arkada\u015flar\u0131ma \u015fahs\u0131m, heyetim ve Kurumum ad\u0131na te\u015fekk\u00fcr ediyorum. Birlikte att\u0131\u011f\u0131m\u0131z her ad\u0131m\u0131n, her alandaki ba\u011flar\u0131m\u0131z\u0131 daha da g\u00fc\u00e7lendirece\u011fine inan\u0131yorum.\u201d<\/em><\/p>\n<p>KIB-TEK Genel M\u00fcd\u00fcr\u00fc Dalman Ayd\u0131n ise konu\u015fmas\u0131nda \u015fu ifadeleri kulland\u0131:<\/p>\n<p><em>\u201cE\u011fitim program\u0131n\u0131n hayata ge\u00e7irilmesinde deste\u011fini esirgemeyen T.C. Enerji ve Tabii Kaynaklar Bakanl\u0131\u011f\u0131na, TEDA\u015e Genel M\u00fcd\u00fcr\u00fc \u00d6mer Sami Yap\u0131c\u0131\u2019ya, TEDA\u015e\u2019\u0131n de\u011ferli e\u011fitmenlerine ve eme\u011fi ge\u00e7en t\u00fcm TEDA\u015e ailesine te\u015fekk\u00fcr ediyorum. \u0130\u015f birli\u011fimizin artarak devam edece\u011fine y\u00fcrekten inan\u0131yorum.\u201d<\/em><\/p>\n<p>Konu\u015fmalar\u0131n ard\u0131ndan, e\u011fitim program\u0131n\u0131 ba\u015far\u0131yla tamamlayan KIB-TEK personeline sertifikalar\u0131, TEDA\u015e Genel M\u00fcd\u00fcr\u00fc \u00d6mer Sami Yap\u0131c\u0131 ve KIB-TEK Genel M\u00fcd\u00fcr\u00fc Dalman Ayd\u0131n taraf\u0131ndan takdim edildi.<\/p>","protected":false},"excerpt":{"rendered":"<p>Sorry, this entry is only available in Turkish. For the sake of viewer convenience, the content is shown below in the alternative language. You may click the link to switch the active language. T\u00fcrkiye Elektrik Da\u011f\u0131t\u0131m A.\u015e. (TEDA\u015e) taraf\u0131ndan, K\u0131br\u0131s T\u00fcrk Elektrik Kurumu (KIB-TEK) personeline y\u00f6nelik olarak d\u00fczenlenen Elektrik ve \u0130\u015f G\u00fcvenli\u011fi E\u011fitim Program\u0131 tamamland\u0131. [&hellip;]<\/p>\n","protected":false},"author":1,"featured_media":202083,"comment_status":"open","ping_status":"open","sticky":false,"template":"","format":"standard","meta":[],"categories":[51,53],"tags":[117684,10326,21190,1216,2730],"views":23,"_links":{"self":[{"href":"https:\/\/www.enerjigazetesi.ist\/en\/wp-json\/wp\/v2\/posts\/202080"}],"collection":[{"href":"https:\/\/www.enerjigazetesi.ist\/en\/wp-json\/wp\/v2\/posts"}],"about":[{"href":"https:\/\/www.enerjigazetesi.ist\/en\/wp-json\/wp\/v2\/types\/post"}],"author":[{"embeddable":true,"href":"https:\/\/www.enerjigazetesi.ist\/en\/wp-json\/wp\/v2\/users\/1"}],"replies":[{"embeddable":true,"href":"https:\/\/www.enerjigazetesi.ist\/en\/wp-json\/wp\/v2\/comments?post=202080"}],"version-history":[{"count":0,"href":"https:\/\/www.enerjigazetesi.ist\/en\/wp-json\/wp\/v2\/posts\/202080\/revisions"}],"wp:featuredmedia":[{"embeddable":true,"href":"https:\/\/www.enerjigazetesi.ist\/en\/wp-json\/wp\/v2\/media\/202083"}],"wp:attachment":[{"href":"https:\/\/www.enerjigazetesi.ist\/en\/wp-json\/wp\/v2\/media?parent=202080"}],"wp:term":[{"taxonomy":"category","embeddable":true,"href":"https:\/\/www.enerjigazetesi.ist\/en\/wp-json\/wp\/v2\/categories?post=202080"},{"taxonomy":"post_tag","embeddable":true,"href":"https:\/\/www.enerjigazetesi.ist\/en\/wp-json\/wp\/v2\/tags?post=202080"}],"curies":[{"name":"wp","href":"https:\/\/api.w.org\/{rel}","templated":true}]}}