{"id":20206,"date":"2014-01-02T10:04:25","date_gmt":"2014-01-02T07:04:25","guid":{"rendered":"https:\/\/www.enerjigazetesi.ist\/?p=20206"},"modified":"2014-01-02T10:04:25","modified_gmt":"2014-01-02T07:04:25","slug":"almanyada-artan-enerji-fiyatlari-fakirleri-vuruyor","status":"publish","type":"post","link":"https:\/\/www.enerjigazetesi.ist\/en\/almanyada-artan-enerji-fiyatlari-fakirleri-vuruyor\/","title":{"rendered":"(Turkish) Almanya\u2019da Artan Enerji Fiyatlar\u0131 Fakirleri Vuruyor!"},"content":{"rendered":"<p class=\"qtranxs-available-languages-message qtranxs-available-languages-message-en\">Sorry, this entry is only available in <a href=\"https:\/\/www.enerjigazetesi.ist\/tr\/wp-json\/wp\/v2\/posts\/20206\" class=\"qtranxs-available-language-link qtranxs-available-language-link-tr\" title=\"Turkish\">Turkish<\/a>. For the sake of viewer convenience, the content is shown below in the alternative language. You may click the link to switch the active language.<\/p><p><strong>Almanya\u2019da artan enerji fiyatlar\u0131 en \u00e7ok sosyal yard\u0131m alanlar\u0131 vuruyor. 2005 y\u0131l\u0131ndan bu yana elektrik ve do\u011falgaz fiyatlar\u0131 y\u00fczde 44 artarken, sosyal yard\u0131mlardaki art\u0131\u015f bunun gerisinde kal\u0131yor. 2012 y\u0131l\u0131nda faturalar\u0131n\u0131 \u00f6deyemeyen 322 bin hanenin elektri\u011fi de kesildi. Mali sorunlar ya\u015fayan bu evlere s\u00f6z konusu gecikme zamlar\u0131 ortalama ayl\u0131k 114 Euro olarak yans\u0131d\u0131.<\/strong><\/p>\n<p>Enerji fiyatlar\u0131 kar\u015f\u0131la\u015ft\u0131rma platformu Verivox taraf\u0131ndan yap\u0131lan ara\u015ft\u0131rmaya g\u00f6re, \u00fclke genelinde enerji da\u011f\u0131t\u0131m hizmeti veren bin 100 \u015firketin \u00fc\u00e7te biri 2014\u2019te fiyatlara zam yapmaya haz\u0131rlan\u0131yor.<a href=\"https:\/\/www.enerjigazetesi.ist\/wp-content\/uploads\/2014\/01\/almanyada-artan-enerji-fiyatlari-fakirleri-vuruyor.jpg\"><img loading=\"lazy\" class=\"alignright size-medium wp-image-20207\" title=\"almanyada-artan-enerji-fiyatlari-fakirleri-vuruyor\" src=\"https:\/\/www.enerjigazetesi.ist\/wp-content\/uploads\/2014\/01\/almanyada-artan-enerji-fiyatlari-fakirleri-vuruyor-300x202.jpg\" alt=\"\" width=\"300\" height=\"202\" srcset=\"https:\/\/www.enerjigazetesi.ist\/wp-content\/uploads\/2014\/01\/almanyada-artan-enerji-fiyatlari-fakirleri-vuruyor-300x202.jpg 300w, https:\/\/www.enerjigazetesi.ist\/wp-content\/uploads\/2014\/01\/almanyada-artan-enerji-fiyatlari-fakirleri-vuruyor-74x50.jpg 74w, https:\/\/www.enerjigazetesi.ist\/wp-content\/uploads\/2014\/01\/almanyada-artan-enerji-fiyatlari-fakirleri-vuruyor.jpg 373w\" sizes=\"(max-width: 300px) 100vw, 300px\" \/><\/a><\/p>\n<p>Bu art\u0131\u015flardan en fazla ise sosyal yard\u0131mla ge\u00e7inen 3,3 milyonluk kesim etkilenecek.<\/p>\n<p>Hesaplamalara g\u00f6re, bir evin elektrik ve do\u011fal gaz gideri y\u0131ll\u0131k ortalama 473 Euro olacak. Sosyal yard\u0131m \u00f6deneklerine ise 391 Euro\u2019da kal\u0131yor.<\/p>\n<p>Ayl\u0131k bazda ise, Hartz 4 sosyal yard\u0131m\u0131yla ge\u00e7inen bir ki\u015fiye halihaz\u0131rda 32,69 Euro elektrik gideri d\u00fc\u015ferken, bu miktar gelecek y\u0131l 39,42 Euro\u2019ya \u00e7\u0131kacak.<\/p>\n<p>Ancak sosyal yard\u0131mlardaki ayl\u0131k art\u0131\u015f bu rakam\u0131n alt\u0131nda kald\u0131\u011f\u0131 i\u00e7in enerji fiyatlar\u0131na yap\u0131lacak zam en \u00e7ok fakirleri etkileyecek.<\/p>\n<p>Verivox\u2019tan Jan Lengerke, S\u00fcddeutsche Zeitung\u2019a yapt\u0131\u011f\u0131 a\u00e7\u0131klamada sosyal yard\u0131m ile ge\u00e7inenlerin y\u00fczde 21 oran\u0131nda daha fazla enerji harcamas\u0131 yapaca\u011f\u0131na dikkat \u00e7ekti.<\/p>\n<p>Der Paritaetische Wohlfahrtsverband adl\u0131 sosyal dayan\u0131\u015fma kurumundan Ulrich Schneider ise 2005 y\u0131l\u0131ndan bu yana elektrik ve \u0131s\u0131nma giderlerinde y\u00fczde 44 art\u0131\u015f ya\u015fand\u0131\u011f\u0131n\u0131 belirtti. Schneider, \u201cArt\u0131k enerji fiyatlar\u0131ndaki zam ciddi bir fakirlik riski getirmeye ba\u015flad\u0131.\u201d \u015feklinde konu\u015ftu.<\/p>\n<p>Kaynak: <a href=\"http:\/\/enerjienstitusu.com\/2013\/12\/31\/almanyada-artan-enerji-fiyatlari-fakirleri-vuruyor\/\" target=\"_blank\">Enerji Enstit\u00fcs\u00fc<\/a><\/p>","protected":false},"excerpt":{"rendered":"<p>Sorry, this entry is only available in Turkish. For the sake of viewer convenience, the content is shown below in the alternative language. You may click the link to switch the active language.Almanya\u2019da artan enerji fiyatlar\u0131 en \u00e7ok sosyal yard\u0131m alanlar\u0131 vuruyor. 2005 y\u0131l\u0131ndan bu yana elektrik ve do\u011falgaz fiyatlar\u0131 y\u00fczde 44 artarken, sosyal yard\u0131mlardaki [&hellip;]<\/p>\n","protected":false},"author":1,"featured_media":20207,"comment_status":"open","ping_status":"open","sticky":false,"template":"","format":"standard","meta":[],"categories":[51,53],"tags":[929,11765,92,68,11768,63,774,67,1009,436,165,11767,11766],"views":801,"_links":{"self":[{"href":"https:\/\/www.enerjigazetesi.ist\/en\/wp-json\/wp\/v2\/posts\/20206"}],"collection":[{"href":"https:\/\/www.enerjigazetesi.ist\/en\/wp-json\/wp\/v2\/posts"}],"about":[{"href":"https:\/\/www.enerjigazetesi.ist\/en\/wp-json\/wp\/v2\/types\/post"}],"author":[{"embeddable":true,"href":"https:\/\/www.enerjigazetesi.ist\/en\/wp-json\/wp\/v2\/users\/1"}],"replies":[{"embeddable":true,"href":"https:\/\/www.enerjigazetesi.ist\/en\/wp-json\/wp\/v2\/comments?post=20206"}],"version-history":[{"count":1,"href":"https:\/\/www.enerjigazetesi.ist\/en\/wp-json\/wp\/v2\/posts\/20206\/revisions"}],"predecessor-version":[{"id":20208,"href":"https:\/\/www.enerjigazetesi.ist\/en\/wp-json\/wp\/v2\/posts\/20206\/revisions\/20208"}],"wp:featuredmedia":[{"embeddable":true,"href":"https:\/\/www.enerjigazetesi.ist\/en\/wp-json\/wp\/v2\/media\/20207"}],"wp:attachment":[{"href":"https:\/\/www.enerjigazetesi.ist\/en\/wp-json\/wp\/v2\/media?parent=20206"}],"wp:term":[{"taxonomy":"category","embeddable":true,"href":"https:\/\/www.enerjigazetesi.ist\/en\/wp-json\/wp\/v2\/categories?post=20206"},{"taxonomy":"post_tag","embeddable":true,"href":"https:\/\/www.enerjigazetesi.ist\/en\/wp-json\/wp\/v2\/tags?post=20206"}],"curies":[{"name":"wp","href":"https:\/\/api.w.org\/{rel}","templated":true}]}}