{"id":201979,"date":"2025-12-17T12:40:35","date_gmt":"2025-12-17T09:40:35","guid":{"rendered":"https:\/\/www.enerjigazetesi.ist\/?p=201979"},"modified":"2025-12-17T12:41:56","modified_gmt":"2025-12-17T09:41:56","slug":"yapi-sektorunde-yesil-donusum-icin-5-kritik-adim-cagrisi","status":"publish","type":"post","link":"https:\/\/www.enerjigazetesi.ist\/en\/yapi-sektorunde-yesil-donusum-icin-5-kritik-adim-cagrisi\/","title":{"rendered":"(Turkish) Yap\u0131 Sekt\u00f6r\u00fcnde Ye\u015fil D\u00f6n\u00fc\u015f\u00fcm \u0130\u00e7in 5 Kritik Ad\u0131m \u00c7a\u011fr\u0131s\u0131"},"content":{"rendered":"<p class=\"qtranxs-available-languages-message qtranxs-available-languages-message-en\">Sorry, this entry is only available in <a href=\"https:\/\/www.enerjigazetesi.ist\/tr\/wp-json\/wp\/v2\/posts\/201979\" class=\"qtranxs-available-language-link qtranxs-available-language-link-tr\" title=\"Turkish\">Turkish<\/a>. For the sake of viewer convenience, the content is shown below in the alternative language. You may click the link to switch the active language.<\/p><p><\/p>\n<h2><strong>\u00c7EDB\u0130K taraf\u0131ndan, T.C. \u00c7evre \u015eehircilik ve \u0130klim De\u011fi\u015fikli\u011fi Bakanl\u0131\u011f\u0131\u2019n\u0131n destekleriyle d\u00fczenlenen \u20188. Uluslararas\u0131 Ye\u015fil Binalar ve \u015eehirler Zirvesi\u2019nde, s\u00fcrd\u00fcr\u00fclebilir d\u00f6n\u00fc\u015f\u00fcm\u00fcn T\u00fcrkiye\u2019de kar\u015f\u0131la\u015ft\u0131\u011f\u0131 riskler ve f\u0131rsatlar masaya yat\u0131r\u0131ld\u0131. \u00c7EDB\u0130K Ba\u015fkan\u0131 Dr. Emre Il\u0131cal\u0131, s\u00fcrd\u00fcr\u00fclebilir yap\u0131la\u015fma kar\u015f\u0131s\u0131ndaki bariyerlerin\u00a0<\/strong><strong>reg\u00fclasyon\u00a0<\/strong><strong>ve uygulama uyumsuzlu\u011fu, finansmana eri\u015fimde ya\u015fanan zorluklar ve veri kapasite eksikli\u011fi<\/strong><strong>\u00a0oldu\u011funa dikkat \u00e7ekerken; d\u00f6n\u00fc\u015f\u00fcm\u00fcn aciliyetine vurgu yapt\u0131.<\/strong><\/h2>\n<p style=\"text-align: center;\"><img loading=\"lazy\" class=\"aligncenter wp-image-201984\" src=\"https:\/\/www.enerjigazetesi.ist\/wp-content\/uploads\/2025\/12\/yapi-sektorunde-yesil-donusum-icin-5-kritik-adim-cagrisi.jpg\" alt=\"\" width=\"500\" height=\"334\" srcset=\"https:\/\/www.enerjigazetesi.ist\/wp-content\/uploads\/2025\/12\/yapi-sektorunde-yesil-donusum-icin-5-kritik-adim-cagrisi.jpg 550w, https:\/\/www.enerjigazetesi.ist\/wp-content\/uploads\/2025\/12\/yapi-sektorunde-yesil-donusum-icin-5-kritik-adim-cagrisi-300x200.jpg 300w, https:\/\/www.enerjigazetesi.ist\/wp-content\/uploads\/2025\/12\/yapi-sektorunde-yesil-donusum-icin-5-kritik-adim-cagrisi-500x334.jpg 500w, https:\/\/www.enerjigazetesi.ist\/wp-content\/uploads\/2025\/12\/yapi-sektorunde-yesil-donusum-icin-5-kritik-adim-cagrisi-75x50.jpg 75w, https:\/\/www.enerjigazetesi.ist\/wp-content\/uploads\/2025\/12\/yapi-sektorunde-yesil-donusum-icin-5-kritik-adim-cagrisi-450x300.jpg 450w\" sizes=\"(max-width: 500px) 100vw, 500px\" \/><\/p>\n<p><strong>\u00c7evre Dostu Ye\u015fil Binalar Derne\u011fi\u2019nin<\/strong>\u00a0(\u00c7EDB\u0130K) \u2018S\u0131f\u0131r\u0131n \u0130n\u015fas\u0131: Riskten F\u0131rsata\u2019 ana temas\u0131yla bu y\u0131l 8\u2019incisini ger\u00e7ekle\u015ftirdi\u011fi \u2019Uluslararas\u0131 Ye\u015fil Binalar ve \u015eehirler Zirvesi\u2019, kamu ve \u00f6zel sekt\u00f6r\u00fcn \u00f6nde gelen temsilcilerini \u00e7evresel ve toplumsal s\u00fcrd\u00fcr\u00fclebilirli\u011fin \u00f6nemine dikkat \u00e7ekmek i\u00e7in bir araya getirdi.\u00a0<strong>T.C. \u00c7evre \u015eehircilik ve \u0130klim De\u011fi\u015fikli\u011fi Bakanl\u0131\u011f\u0131<\/strong>\u00a0destekleriyle <strong>9 Aral\u0131k 2025<\/strong> tarihinde \u0130T\u00dc Ayaza\u011fa Kamp\u00fcs\u00fc\u2019ndeki S\u00fcleyman Demirel K\u00fclt\u00fcr Merkezi\u2019nde ger\u00e7ekle\u015fen zirvede <strong>\u2018Riskten F\u0131rsata: Ufukta Ne Var?\u2019, \u2018Gayrimenkul\u00fcn Ye\u015fil Vizyonu\u2019, \u2018\u0130klim Finansman\u0131nda Riskler ve F\u0131rsatlar\u2019, \u2018S\u00fcrd\u00fcr\u00fclebilirlik i\u00e7in Ak\u0131ll\u0131 \u00c7\u00f6z\u00fcmler\u2019, \u2018Mimar G\u00f6z\u00fc ile S\u00fcrd\u00fcr\u00fclebilirlik\u2019<\/strong> olmak \u00fczere <strong>5 kritik ba\u015fl\u0131kta<\/strong> oturumlar d\u00fczenlendi. Sekt\u00f6r uzmanlar\u0131 ve payda\u015flar\u0131ndan olu\u015fan alan\u0131nda uzman 40\u2019a yak\u0131n konu\u015fmac\u0131, d\u00fcnya g\u00fcndemini belirleyen konular \u00fczerinde g\u00f6r\u00fc\u015flerini payla\u015f\u0131rken, zirve bu y\u0131l 450\u2019ye yak\u0131n kat\u0131l\u0131mc\u0131 ile 100\u2019\u00fcn \u00fczerinde kurum ve kurulu\u015fu bulu\u015fturdu.<\/p>\n<h3><strong>Yap\u0131 Sekt\u00f6r\u00fcne 5 Acil \u00c7a\u011fr\u0131<\/strong><\/h3>\n<p>A\u00e7\u0131l\u0131\u015f konu\u015fmas\u0131nda T\u00fcrkiye\u2019nin ye\u015fil d\u00f6n\u00fc\u015f\u00fcm s\u00fcrecindeki temel riskleri de\u011ferlendiren\u00a0<strong>\u00c7EDB\u0130K Ba\u015fkan\u0131 Dr. Emre Il\u0131cal\u0131<\/strong>,\u00a0s\u00fcrd\u00fcr\u00fclebilir \u015fehirler ve d\u00fc\u015f\u00fck karbonlu bir yap\u0131 sekt\u00f6r\u00fc i\u00e7in be\u015f kritik d\u00f6n\u00fc\u015f\u00fcm alan\u0131n\u0131n aciliyetini vurgulad\u0131. Il\u0131cal\u0131 \u015f\u00f6yle konu\u015ftu:<\/p>\n<p><em>\u201cT\u00fcrkiye\u2019nin d\u00f6n\u00fc\u015f\u00fcm\u00fcnde en \u00f6nemli ihtiya\u00e7, daha g\u00fc\u00e7l\u00fc ve y\u00f6nlendirici bir politika \u00e7er\u00e7evesidir. Yeni yap\u0131larda y\u00fcksek performans standartlar\u0131n\u0131n uygulanmas\u0131, mevcut stokta ise yenileme ve g\u00fc\u00e7lendirme programlar\u0131n\u0131n h\u0131zla devreye al\u0131nmas\u0131 art\u0131k ertelenemez. Ayn\u0131 \u015fekilde, piyasay\u0131 do\u011fru y\u00f6nlendirebilmek i\u00e7in enerji ve karbon performans\u0131n\u0131 \u015feffaf bi\u00e7imde ortaya koyan \u00f6l\u00e7\u00fcm, etiketleme ve raporlama standartlar\u0131n\u0131n yayg\u0131nla\u015ft\u0131r\u0131lmas\u0131 gerekiyor. Finansman taraf\u0131nda ise d\u00f6n\u00fc\u015f\u00fcm\u00fcn maliyetini kar\u015f\u0131layacak uygun ara\u00e7lar olmadan ilerlemek m\u00fcmk\u00fcn de\u011fil. Ye\u015fil konut kredileri, yenileme fonlar\u0131 ve kamu destekli modellerin yayg\u0131nla\u015ft\u0131r\u0131lmas\u0131; bankalar\u0131n iklim riskini kredi politikalar\u0131na entegre etmesi kritik. \u0130\u015f modellerinde de de\u011fi\u015fim gerekiyor. Mal sahibi\u2013kirac\u0131 denklemindeki te\u015fvik uyumsuzlu\u011funu giderecek ye\u015fil kira uygulamalar\u0131 ve performansa dayal\u0131 s\u00f6zle\u015fmeler, d\u00f6n\u00fc\u015f\u00fcm\u00fcn \u00f6n\u00fcn\u00fc a\u00e7abilir. Son olarak, t\u00fcm bu s\u00fcrecin sa\u011fl\u0131kl\u0131 i\u015flemesi i\u00e7in veri, teknoloji ve teknik kapasitenin g\u00fc\u00e7lendirilmesi \u015fart. G\u00fcvenilir veri olmadan ne finansman do\u011fru \u00e7al\u0131\u015fabilir ne de piyasa d\u00f6n\u00fc\u015f\u00fcm\u00fc h\u0131zland\u0131rabilir.\u201d<\/em><\/p>\n<h3>\u201c<strong>T\u00fcrkiye\u2019nin Ye\u015fil D\u00f6n\u00fc\u015f\u00fcm\u00fcn\u00fcn \u00d6n\u00fcnde Kritik Bariyerler Var\u201d<\/strong><\/h3>\n<p>S\u00fcrd\u00fcr\u00fclebilir yap\u0131la\u015fman\u0131n T\u00fcrkiye\u2019de temel birtak\u0131m engellerle kar\u015f\u0131la\u015ft\u0131\u011f\u0131n\u0131 vurgulayan\u00a0<strong>\u00c7EDB\u0130K Ba\u015fkan\u0131 Dr. Emre Il\u0131cal\u0131<\/strong>, bu bariyerleri\u00a0<em>reg\u00fclasyon\u2013uygulama uyumsuzlu\u011fu, finansmana eri\u015fim ve do\u011fru fiyatlama eksikli\u011fi ile veri ve teknik kapasite a\u00e7\u0131\u011f\u0131<\/em>\u00a0olarak s\u0131ralad\u0131. Il\u0131cal\u0131, <em>\u201cS\u00fcrd\u00fcr\u00fclebilir \u015fehirler hedefi bug\u00fcn yaln\u0131zca \u00e7evresel de\u011fil, ekonomik bir zorunluluktur. Geciken her ad\u0131m, de\u011fer kayb\u0131 ve artan maliyet anlam\u0131na geliyor.\u201d<\/em> de\u011ferlendirmesinde bulundu.<\/p>\n<h3><strong>S\u00fcrd\u00fcr\u00fclebilir Gelece\u011fin Yol Haritas\u0131 Konu\u015fuldu<\/strong><\/h3>\n<p>A\u00e7\u0131l\u0131\u015f oturumu\u00a0<strong>\u201cRiskten F\u0131rsata: Ufukta Ne Var\u201d<\/strong> \u00c7EDB\u0130K Ba\u015fkan\u0131 Dr. Emre Il\u0131cal\u0131 moderat\u00f6rl\u00fc\u011f\u00fcnde ger\u00e7ekle\u015fti. Panelde TC. \u00c7evre, \u015eehircilik ve \u0130klim De\u011fi\u015fikli\u011fi Bakanl\u0131\u011f\u0131 Mesleki Hizmetler Genel M\u00fcd\u00fcrl\u00fc\u011f\u00fc b\u00fcnyesinde Enerji Verimlili\u011fi ve Tesisat Dairesi Ba\u015fkan\u0131 H\u00fcseyin Nam\u0131k Sand\u0131k\u00e7\u0131, \u00c7evre, \u015eehircilik ve \u0130klim De\u011fi\u015fikli\u011fi Bakanl\u0131\u011f\u0131 \u0130klim De\u011fi\u015fikli\u011fi Ba\u015fkanl\u0131\u011f\u0131\u2019nda Sera Gaz\u0131 Azalt\u0131m Politikalar\u0131 Daire Ba\u015fkan\u0131 Abdurrahim Durmu\u015f, T\u00fcrkiye \u00c7evre Ajans\u0131 (T\u00dc\u00c7A) Ba\u015fkan\u0131 Nurullah \u00d6zt\u00fcrk ve \u0130stanbul Proje Koordinasyon Birimi (\u0130PKB) Direkt\u00f6r\u00fc Yal\u00e7\u0131n Kaya ile \u00e7evresel risklerin y\u00f6netsel bak\u0131\u015f a\u00e7\u0131s\u0131yla nas\u0131l f\u0131rsata d\u00f6n\u00fc\u015ft\u00fcr\u00fclebilece\u011fini tart\u0131\u015ft\u0131. <strong>H\u00fcseyin Nam\u0131k Sand\u0131k\u00e7\u0131<\/strong>, g\u00fcncellenen YeS-TR Ulusal Ye\u015fil Bina Sertifikas\u0131 i\u00e7in y\u00fcr\u00fct\u00fclen \u00e7al\u0131\u015fmalar\u0131 anlatarak, sistemin<em> \u201c\u00f6l\u00e7\u00fclebilir, b\u00f6lgesel fark\u0131ndal\u0131\u011f\u0131 y\u00fcksek ve uygulanabilir\u201d<\/em> bir yap\u0131ya kavu\u015ftu\u011funu vurgulad\u0131.\u00a0<strong>Nurullah \u00d6zt\u00fcrk<\/strong>, 2026 y\u0131l\u0131nda sertifikal\u0131 bina say\u0131s\u0131n\u0131n \u00f6zellikle kamu yap\u0131lar\u0131nda h\u0131zla art\u0131r\u0131lmas\u0131 i\u00e7in planlamalar\u0131n tamamland\u0131\u011f\u0131n\u0131 belirtti. Yal\u00e7\u0131n Kaya ise, iklim risklerinin do\u011fru y\u00f6netildi\u011fi projelerin \u201csekt\u00f6r ad\u0131na ger\u00e7ek bir f\u0131rsata d\u00f6n\u00fc\u015ft\u00fc\u011f\u00fcn\u00fc\u201d ifade etti.<\/p>\n<p><strong>\u201cGayrimenkul\u00fcn Ye\u015fil Vizyonu\u201d\u00a0<\/strong>panelinde, s\u00fcrd\u00fcr\u00fclebilirlik \u00e7er\u00e7evesinde gayrimenkul sekt\u00f6r\u00fcndeki risklerin, yeni i\u015f modellerine ve f\u0131rsatlara nas\u0131l d\u00f6n\u00fc\u015ft\u00fc\u011f\u00fc; \u00c7EDB\u0130K Y\u00f6netim Kurulu Ba\u015fkan Yard\u0131mc\u0131s\u0131 ve Vekili Mehmet Sami K\u0131l\u0131\u00e7 moderat\u00f6rl\u00fc\u011f\u00fcnde Ziraat GYO Genel M\u00fcd\u00fcr\u00fc Peyami \u00d6mer \u00d6zdilek, GYODER Y\u00f6netim Kurulu Ba\u015fkan\u0131 Ne\u015fecan \u00c7ekici ve Y\u0131ld\u0131z Teknik \u00dcniversitesi Mimarl\u0131k Fak\u00fcltesi\u2019nden Do\u00e7. Dr. Serhat Ba\u015fdo\u011fan taraf\u0131ndan de\u011ferlendirildi.\u00a0<strong>Ne\u015fecan \u00c7ekici<\/strong>, \u00e7a\u011fda\u015f \u015fehircilikte teknoloji, tasar\u0131m ve tabiat uyumunun \u00f6nemine dikkat \u00e7ekti.\u00a0<strong>Peyami \u00d6zdilek<\/strong>, <em>\u201cYe\u015fil d\u00f6n\u00fc\u015f\u00fcm, art\u0131k g\u00f6n\u00fcll\u00fc bir tercih de\u011fil; zorunlu ve stratejik bir ad\u0131m\u201d<\/em> diyerek sekt\u00f6r\u00fcn y\u00f6n\u00fcn\u00fc \u00f6zetlerken,\u00a0<strong>Dr. Serhat Ba\u015fdo\u011fan<\/strong>\u00a0ise yerinde d\u00f6n\u00fc\u015f\u00fcm s\u00fcre\u00e7lerine dair y\u00fcr\u00fctt\u00fckleri akademik \u00e7al\u0131\u015fmalar\u0131 payla\u015farak s\u00fcrd\u00fcr\u00fclebilirli\u011fin toplumsal e\u015fitlik boyutuna dikkat \u00e7ekti.<\/p>\n<p><strong>\u201c\u0130klim Finansman\u0131nda Riskler ve F\u0131rsatlar\u201d<\/strong>\u00a0isimli \u00fc\u00e7\u00fcnc\u00fc panel ise TSKB Gayrimenkul De\u011ferleme Genel M\u00fcd\u00fcr\u00fc Makbule Y\u00f6nel Maya moderat\u00f6rl\u00fc\u011f\u00fcnde ger\u00e7ekle\u015firken; T.C. \u00c7evre, \u015eehircilik ve \u0130klim De\u011fi\u015fikli\u011fi Bakanl\u0131\u011f\u0131 D\u0131\u015f Kaynakl\u0131 Yat\u0131r\u0131m Daire Ba\u015fkan\u0131 Esra Turan Tombak, Garanti BBVA Konut Finansman\u0131 Direkt\u00f6r\u00fc Song\u00fcl Ye\u015fil\u00e7imenli, Kalk\u0131nma Yat\u0131r\u0131m Bankas\u0131 Y\u00f6netim Kurulu Ba\u015fkan\u0131 Se\u00e7il Y\u0131ld\u0131z ye\u015fil d\u00f6n\u00fc\u015f\u00fcm\u00fcn finansal ara\u00e7lar \u00fczerinden nas\u0131l desteklenece\u011fini tart\u0131\u015ft\u0131.\u00a0<strong>Esra Turan Tombak<\/strong>, T\u00fcrkiye\u2019nin 2030 iklim finansman\u0131 stratejisinde AB fonlar\u0131n\u0131n kritik rol oynad\u0131\u011f\u0131n\u0131 belirtirken,\u00a0<strong>Se\u00e7il Y\u0131ld\u0131z,<\/strong>\u00a0kalk\u0131nma bankalar\u0131n\u0131n iklim yat\u0131r\u0131mlar\u0131ndaki rol\u00fcn\u00fc aktararak finansman modellerine dair \u00f6nemli veriler sundu.\u00a0<strong>Song\u00fcl Ye\u015fil\u00e7imenli<\/strong>\u00a0ise, kentsel d\u00f6n\u00fc\u015f\u00fcm\u00fcn \u201c\u00fclkenin en b\u00fcy\u00fck s\u00fcrd\u00fcr\u00fclebilir finansman f\u0131rsat\u0131\u201d oldu\u011funu vurgulad\u0131.<\/p>\n<p><strong>\u201cS\u00fcrd\u00fcr\u00fclebilirlikte Ak\u0131ll\u0131 \u00c7\u00f6z\u00fcmler\u201d<\/strong> oturumu ARUP Direkt\u00f6r\u00fc Timurhan Timur moderat\u00f6rl\u00fc\u011f\u00fcnde; \u0130T\u00dc S\u00fcrd\u00fcr\u00fclebilir Kalk\u0131nma Uzmanl\u0131k E\u011fitim Koordinat\u00f6r\u00fc Prof. Dr. Hatice Ayata\u00e7, Sabri Pa\u015fayi\u011fit Mimarl\u0131k Kurucu Orta\u011f\u0131 Sabri Pa\u015fayi\u011fit, YES-TR E\u011fitim Koordinat\u00f6r\u00fc Prof. Dr. \u00d6zlem \u00d6z\u00e7evik ve Formula International Genel M\u00fcd\u00fcr Yard\u0131mc\u0131s\u0131 Cevahir Sevimli ile bina \u00f6l\u00e7e\u011finden \u015fehir d\u00fczeyine uzanan ak\u0131ll\u0131 ve \u00e7evreci \u00e7\u00f6z\u00fcmler ele al\u0131nd\u0131. <strong>Prof. Dr. \u00d6zlem \u00d6z\u00e7evik<\/strong>, sistemin dijital omurgas\u0131n\u0131 anlatarak YeS-INT ile uluslararas\u0131 bir yap\u0131ya ge\u00e7i\u015f \u00e7al\u0131\u015fmalar\u0131n\u0131n s\u00fcrd\u00fc\u011f\u00fcn\u00fc ifade etti.\u00a0<strong>Prof. Dr. Hatice Ayata\u00e7<\/strong>\u00a0ak\u0131ll\u0131 \u015fehir planlama \u00e7al\u0131\u015fmalar\u0131n\u0131n akademik boyutunu aktar\u0131rken,<br \/>\n<strong>Sabri Pa\u015fayi\u011fit,<\/strong>\u00a0dijitalle\u015fmenin yeni \u015fehirle\u015fme anlay\u0131\u015f\u0131nda kal\u0131c\u0131 ba\u015far\u0131y\u0131 m\u00fcmk\u00fcn k\u0131ld\u0131\u011f\u0131n\u0131 belirtti.<\/p>\n<p>Zirvenin kapan\u0131\u015f oturumu\u00a0<strong>\u201cMimar G\u00f6z\u00fcyle S\u00fcrd\u00fcr\u00fclebilirlik\u201d<\/strong>\u00a0ise \u00c7EDB\u0130K Y\u00f6netim Kurulu \u00dcyesi Bu\u011frahan \u015eirin moderat\u00f6rl\u00fc\u011f\u00fcnde; Mimar Murat Tabanl\u0131o\u011flu ve Felsefeci D\u00fccane C\u00fcndio\u011flu\u2019nu bir araya getirdi.\u00a0<strong>Tabanl\u0131o\u011flu,<\/strong>\u00a0s\u00fcrd\u00fcr\u00fclebilir mimarinin pratik uygulamalar\u0131n\u0131 aktar\u0131rken;\u00a0<strong>C\u00fcndio\u011flu,<\/strong>\u00a0\u201cS\u00fcrd\u00fcr\u00fclebilir ya\u015fam, sadece bir tasar\u0131m meselesi de\u011fil; bir d\u00fc\u015f\u00fcnce bi\u00e7imidir\u201d diyerek yakla\u015f\u0131m\u0131n k\u00fclt\u00fcrel boyutuna dikkat \u00e7ekti.<\/p>","protected":false},"excerpt":{"rendered":"<p>Sorry, this entry is only available in Turkish. For the sake of viewer convenience, the content is shown below in the alternative language. You may click the link to switch the active language. \u00c7EDB\u0130K taraf\u0131ndan, T.C. \u00c7evre \u015eehircilik ve \u0130klim De\u011fi\u015fikli\u011fi Bakanl\u0131\u011f\u0131\u2019n\u0131n destekleriyle d\u00fczenlenen \u20188. Uluslararas\u0131 Ye\u015fil Binalar ve \u015eehirler Zirvesi\u2019nde, s\u00fcrd\u00fcr\u00fclebilir d\u00f6n\u00fc\u015f\u00fcm\u00fcn T\u00fcrkiye\u2019de kar\u015f\u0131la\u015ft\u0131\u011f\u0131 [&hellip;]<\/p>\n","protected":false},"author":1,"featured_media":201984,"comment_status":"open","ping_status":"open","sticky":false,"template":"","format":"standard","meta":[],"categories":[53,52],"tags":[4240,117643,88452,117641,117642,46460,117644,101999,105725,2482],"views":21,"_links":{"self":[{"href":"https:\/\/www.enerjigazetesi.ist\/en\/wp-json\/wp\/v2\/posts\/201979"}],"collection":[{"href":"https:\/\/www.enerjigazetesi.ist\/en\/wp-json\/wp\/v2\/posts"}],"about":[{"href":"https:\/\/www.enerjigazetesi.ist\/en\/wp-json\/wp\/v2\/types\/post"}],"author":[{"embeddable":true,"href":"https:\/\/www.enerjigazetesi.ist\/en\/wp-json\/wp\/v2\/users\/1"}],"replies":[{"embeddable":true,"href":"https:\/\/www.enerjigazetesi.ist\/en\/wp-json\/wp\/v2\/comments?post=201979"}],"version-history":[{"count":1,"href":"https:\/\/www.enerjigazetesi.ist\/en\/wp-json\/wp\/v2\/posts\/201979\/revisions"}],"predecessor-version":[{"id":201980,"href":"https:\/\/www.enerjigazetesi.ist\/en\/wp-json\/wp\/v2\/posts\/201979\/revisions\/201980"}],"wp:featuredmedia":[{"embeddable":true,"href":"https:\/\/www.enerjigazetesi.ist\/en\/wp-json\/wp\/v2\/media\/201984"}],"wp:attachment":[{"href":"https:\/\/www.enerjigazetesi.ist\/en\/wp-json\/wp\/v2\/media?parent=201979"}],"wp:term":[{"taxonomy":"category","embeddable":true,"href":"https:\/\/www.enerjigazetesi.ist\/en\/wp-json\/wp\/v2\/categories?post=201979"},{"taxonomy":"post_tag","embeddable":true,"href":"https:\/\/www.enerjigazetesi.ist\/en\/wp-json\/wp\/v2\/tags?post=201979"}],"curies":[{"name":"wp","href":"https:\/\/api.w.org\/{rel}","templated":true}]}}