{"id":201975,"date":"2023-12-17T12:06:30","date_gmt":"2023-12-17T09:06:30","guid":{"rendered":"https:\/\/www.enerjigazetesi.ist\/?p=201975"},"modified":"2025-12-17T12:16:29","modified_gmt":"2025-12-17T09:16:29","slug":"mehmet-ata-ceylan-gunes-enerjisi-ve-depolama-iklim-degisikligiyle-mucadelede-stratejik-oneme-sahip","status":"publish","type":"post","link":"https:\/\/www.enerjigazetesi.ist\/en\/mehmet-ata-ceylan-gunes-enerjisi-ve-depolama-iklim-degisikligiyle-mucadelede-stratejik-oneme-sahip\/","title":{"rendered":"(Turkish) Mehmet Ata Ceylan: G\u00fcne\u015f Enerjisi ve Depolama, \u0130klim De\u011fi\u015fikli\u011fiyle M\u00fccadelede Stratejik \u00d6neme Sahip"},"content":{"rendered":"<p class=\"qtranxs-available-languages-message qtranxs-available-languages-message-en\">Sorry, this entry is only available in <a href=\"https:\/\/www.enerjigazetesi.ist\/tr\/wp-json\/wp\/v2\/posts\/201975\" class=\"qtranxs-available-language-link qtranxs-available-language-link-tr\" title=\"Turkish\">Turkish<\/a>. For the sake of viewer convenience, the content is shown below in the alternative language. You may click the link to switch the active language.<\/p><p><\/p>\n<h2>TEK Enerji Y\u00f6netim Kurulu \u00dcyesi ve Enerji Yat\u0131r\u0131mlar\u0131 Platformu ENERFORM Ba\u015fkan\u0131 Mehmet Ata Ceylan, g\u00fcne\u015f enerjisi ve enerji depolama sistemlerinin iklim de\u011fi\u015fikli\u011fiyle m\u00fccadelede hem d\u00fcnyada hem de T\u00fcrkiye\u2019de kritik bir do\u011fal kaynak haline geldi\u011fini vurgulad\u0131.<\/h2>\n<div id=\"attachment_201977\" style=\"width: 510px\" class=\"wp-caption aligncenter\"><img aria-describedby=\"caption-attachment-201977\" loading=\"lazy\" class=\"wp-image-201977\" src=\"https:\/\/www.enerjigazetesi.ist\/wp-content\/uploads\/2023\/12\/mehmet-ata-ceylan-gunes-enerjisi-ve-depolama-iklim-degisikligiyle-mucadelede-stratejik-oneme-sahip.jpg\" alt=\"\" width=\"500\" height=\"355\" srcset=\"https:\/\/www.enerjigazetesi.ist\/wp-content\/uploads\/2023\/12\/mehmet-ata-ceylan-gunes-enerjisi-ve-depolama-iklim-degisikligiyle-mucadelede-stratejik-oneme-sahip.jpg 550w, https:\/\/www.enerjigazetesi.ist\/wp-content\/uploads\/2023\/12\/mehmet-ata-ceylan-gunes-enerjisi-ve-depolama-iklim-degisikligiyle-mucadelede-stratejik-oneme-sahip-300x213.jpg 300w, https:\/\/www.enerjigazetesi.ist\/wp-content\/uploads\/2023\/12\/mehmet-ata-ceylan-gunes-enerjisi-ve-depolama-iklim-degisikligiyle-mucadelede-stratejik-oneme-sahip-500x355.jpg 500w, https:\/\/www.enerjigazetesi.ist\/wp-content\/uploads\/2023\/12\/mehmet-ata-ceylan-gunes-enerjisi-ve-depolama-iklim-degisikligiyle-mucadelede-stratejik-oneme-sahip-70x50.jpg 70w\" sizes=\"(max-width: 500px) 100vw, 500px\" \/><p id=\"caption-attachment-201977\" class=\"wp-caption-text\">TEK Enerji Y\u00f6netim Kurulu \u00dcyesi ve Enerji Yat\u0131r\u0131mlar\u0131 Platformu ENERFORM Ba\u015fkan\u0131 Mehmet Ata Ceylan<\/p><\/div>\n<p>Ceylan yapt\u0131\u011f\u0131 a\u00e7\u0131klamada, g\u00fcne\u015f enerji santrallerinin iklim de\u011fi\u015fikli\u011fiyle m\u00fccadelede en etkili \u00e7\u00f6z\u00fcmlerden biri olarak \u00f6ne \u00e7\u0131kt\u0131\u011f\u0131n\u0131 belirtti. Fosil yak\u0131tlarla kar\u015f\u0131la\u015ft\u0131r\u0131ld\u0131\u011f\u0131nda g\u00fcne\u015f enerjisinin elektrik \u00fcretimi s\u0131ras\u0131nda sera gaz\u0131 ve hava kirleticiler salmad\u0131\u011f\u0131n\u0131 ifade eden Ceylan, bu sayede atmosferde biriken karbon miktar\u0131n\u0131n azalt\u0131ld\u0131\u011f\u0131n\u0131 s\u00f6yledi.<\/p>\n<p>Her bir g\u00fcne\u015f paneli sisteminin, \u00fcretim s\u00fcrecinde harcanan enerjiyi kullan\u0131m\u0131n\u0131n ilk y\u0131llar\u0131nda telafi etti\u011fine dikkat \u00e7eken Ceylan, yakla\u015f\u0131k 25 y\u0131la varan kullan\u0131m s\u00fcresi boyunca k\u00f6m\u00fcr veya do\u011falgaz gibi fosil yak\u0131tl\u0131 santrallerin yerini alarak karbon emisyonlar\u0131n\u0131 \u00f6nemli \u00f6l\u00e7\u00fcde d\u00fc\u015f\u00fcrd\u00fc\u011f\u00fcn\u00fc belirtti. Bu katk\u0131n\u0131n, k\u00fcresel \u0131s\u0131nman\u0131n yava\u015flat\u0131lmas\u0131na ve iklim hedeflerine ula\u015f\u0131lmas\u0131na do\u011frudan destek sa\u011flad\u0131\u011f\u0131n\u0131 ifade etti.<\/p>\n<p>Enerji depolama sistemlerinin \u00f6nemine de de\u011finen Ceylan, g\u00fcne\u015f enerjisi \u00fcretiminin yaln\u0131zca g\u00fcn \u0131\u015f\u0131\u011f\u0131 oldu\u011funda ger\u00e7ekle\u015fti\u011fini hat\u0131rlatt\u0131. Bu nedenle depolama \u00e7\u00f6z\u00fcmlerinin, g\u00fcne\u015fin olmad\u0131\u011f\u0131 saatlerde veya enerji talebinin y\u00fcksek oldu\u011fu d\u00f6nemlerde temiz enerji kullan\u0131m\u0131n\u0131n devam\u0131 a\u00e7\u0131s\u0131ndan kritik rol oynad\u0131\u011f\u0131n\u0131 s\u00f6yledi. Batarya gibi depolama teknolojilerinin, g\u00fcn i\u00e7inde \u00fcretilen fazla elektri\u011fi saklayarak ak\u015fam saatlerinde veya kapal\u0131 hava ko\u015fullar\u0131nda kullan\u0131lmas\u0131n\u0131 m\u00fcmk\u00fcn k\u0131ld\u0131\u011f\u0131n\u0131 belirtti.<\/p>\n<p>Depolama sistemlerinin, yenilenebilir enerji kaynaklar\u0131n\u0131n s\u00fcreklili\u011fini sa\u011flad\u0131\u011f\u0131n\u0131 vurgulayan Ceylan, bu sayede k\u00f6m\u00fcr ve do\u011falgaz gibi karbon yo\u011fun \u00fcretim kaynaklar\u0131na olan ihtiyac\u0131n azald\u0131\u011f\u0131n\u0131 ifade etti. Ayr\u0131ca depolama \u00e7\u00f6z\u00fcmlerinin, elektrik \u015febekesinin dengesini koruyarak enerji arz\u0131nda ya\u015fanabilecek kesintilerin \u00f6n\u00fcne ge\u00e7ti\u011fini ve sistemin genel verimlili\u011fini art\u0131rd\u0131\u011f\u0131n\u0131 s\u00f6yledi.<\/p>\n<p>T\u00fcrkiye ve \u0130talya gibi \u00fclkelerin Avrupa\u2019da g\u00fcne\u015f enerjisi kapasitesini aktif bi\u00e7imde art\u0131ran \u00fclkeler aras\u0131nda yer ald\u0131\u011f\u0131n\u0131 belirten Ceylan, iklim de\u011fi\u015fikli\u011finin yol a\u00e7t\u0131\u011f\u0131 ekstrem hava olaylar\u0131na kar\u015f\u0131 enerji sistemlerinin dayan\u0131kl\u0131l\u0131\u011f\u0131n\u0131 art\u0131rmak amac\u0131yla g\u00fcne\u015f enerjisi yat\u0131r\u0131mlar\u0131n\u0131n depolama \u00e7\u00f6z\u00fcmleriyle birlikte ele al\u0131nd\u0131\u011f\u0131n\u0131 ifade etti. Bu yakla\u015f\u0131m\u0131n, karbon emisyonlar\u0131n\u0131 azaltman\u0131n yan\u0131 s\u0131ra \u015febeke esnekli\u011fi ve g\u00fcvenilirli\u011fi a\u00e7\u0131s\u0131ndan da \u00f6nemli faydalar sa\u011flad\u0131\u011f\u0131n\u0131 dile getirdi.<\/p>\n<p>\u0130ngiltere\u2019nin 2050 net s\u0131f\u0131r karbon hedefi do\u011frultusunda g\u00fcne\u015f enerjisini \u00f6nemli bir enerji kayna\u011f\u0131 olarak konumland\u0131rd\u0131\u011f\u0131n\u0131 belirten Ceylan, \u00fclkede g\u00fcne\u015f panellerinin y\u0131l i\u00e7inde \u00fcretilen elektri\u011fin \u00f6nemli bir b\u00f6l\u00fcm\u00fcn\u00fc kar\u015f\u0131lad\u0131\u011f\u0131n\u0131 s\u00f6yledi. Depolama sistemlerinin ise bu temiz enerjinin gece ve bulutlu g\u00fcnlerde de kullan\u0131labilmesine olanak tan\u0131yarak \u015febeke stabilitesine katk\u0131 sundu\u011funu ifade etti. G\u00fcne\u015f enerjisi ile depolama entegrasyonunun, \u0130ngiltere\u2019nin iklim politikalar\u0131n\u0131n merkezinde yer ald\u0131\u011f\u0131n\u0131 belirtti.<\/p>\n<p>A\u00e7\u0131klamas\u0131n\u0131n sonunda Ceylan, g\u00fcne\u015f enerji santralleri ile depolama sistemlerinin birlikte kullan\u0131lmas\u0131n\u0131n iklim de\u011fi\u015fikli\u011fiyle m\u00fccadelede g\u00fc\u00e7l\u00fc bir ara\u00e7 sundu\u011funu vurgulad\u0131. Fosil yak\u0131ts\u0131z \u00fcretim sayesinde sera gaz\u0131 emisyonlar\u0131n\u0131n d\u00fc\u015f\u00fcr\u00fcld\u00fc\u011f\u00fcn\u00fc, depolama \u00e7\u00f6z\u00fcmleriyle ise temiz enerjinin s\u00fcreklili\u011finin sa\u011fland\u0131\u011f\u0131n\u0131 ifade eden Ceylan, T\u00fcrkiye, \u0130talya ve \u0130ngiltere gibi \u00fclkelerde artan g\u00fcne\u015f enerjisi yat\u0131r\u0131mlar\u0131n\u0131n s\u00fcrd\u00fcr\u00fclebilir b\u00fcy\u00fcme, enerji g\u00fcvenli\u011fi ve iklim hedeflerine ula\u015fma yolunda \u00f6nemli ad\u0131mlar oldu\u011funu s\u00f6yledi. Bu d\u00f6n\u00fc\u015f\u00fcm\u00fcn, gelecek nesiller i\u00e7in daha temiz ve daha diren\u00e7li bir enerji sistemine ge\u00e7i\u015fi destekledi\u011fini s\u00f6zlerine ekledi.<\/p>","protected":false},"excerpt":{"rendered":"<p>Sorry, this entry is only available in Turkish. For the sake of viewer convenience, the content is shown below in the alternative language. You may click the link to switch the active language. TEK Enerji Y\u00f6netim Kurulu \u00dcyesi ve Enerji Yat\u0131r\u0131mlar\u0131 Platformu ENERFORM Ba\u015fkan\u0131 Mehmet Ata Ceylan, g\u00fcne\u015f enerjisi ve enerji depolama sistemlerinin iklim de\u011fi\u015fikli\u011fiyle [&hellip;]<\/p>\n","protected":false},"author":1,"featured_media":201977,"comment_status":"open","ping_status":"open","sticky":false,"template":"","format":"standard","meta":[],"categories":[51,53,49],"tags":[19,117634,38213,2625,117633,2326,944,2569,5982,117639,98998,842],"views":19,"_links":{"self":[{"href":"https:\/\/www.enerjigazetesi.ist\/en\/wp-json\/wp\/v2\/posts\/201975"}],"collection":[{"href":"https:\/\/www.enerjigazetesi.ist\/en\/wp-json\/wp\/v2\/posts"}],"about":[{"href":"https:\/\/www.enerjigazetesi.ist\/en\/wp-json\/wp\/v2\/types\/post"}],"author":[{"embeddable":true,"href":"https:\/\/www.enerjigazetesi.ist\/en\/wp-json\/wp\/v2\/users\/1"}],"replies":[{"embeddable":true,"href":"https:\/\/www.enerjigazetesi.ist\/en\/wp-json\/wp\/v2\/comments?post=201975"}],"version-history":[{"count":0,"href":"https:\/\/www.enerjigazetesi.ist\/en\/wp-json\/wp\/v2\/posts\/201975\/revisions"}],"wp:featuredmedia":[{"embeddable":true,"href":"https:\/\/www.enerjigazetesi.ist\/en\/wp-json\/wp\/v2\/media\/201977"}],"wp:attachment":[{"href":"https:\/\/www.enerjigazetesi.ist\/en\/wp-json\/wp\/v2\/media?parent=201975"}],"wp:term":[{"taxonomy":"category","embeddable":true,"href":"https:\/\/www.enerjigazetesi.ist\/en\/wp-json\/wp\/v2\/categories?post=201975"},{"taxonomy":"post_tag","embeddable":true,"href":"https:\/\/www.enerjigazetesi.ist\/en\/wp-json\/wp\/v2\/tags?post=201975"}],"curies":[{"name":"wp","href":"https:\/\/api.w.org\/{rel}","templated":true}]}}