{"id":201970,"date":"2023-12-17T12:00:27","date_gmt":"2023-12-17T09:00:27","guid":{"rendered":"https:\/\/www.enerjigazetesi.ist\/?p=201970"},"modified":"2026-01-06T18:44:19","modified_gmt":"2026-01-06T15:44:19","slug":"mehmet-ata-ceylan-kucuk-moduler-reaktorler-turkiye-ve-dunyada-enerji-politikalarinin-yeni-odak-noktasi","status":"publish","type":"post","link":"https:\/\/www.enerjigazetesi.ist\/en\/mehmet-ata-ceylan-kucuk-moduler-reaktorler-turkiye-ve-dunyada-enerji-politikalarinin-yeni-odak-noktasi\/","title":{"rendered":"(Turkish) Mehmet Ata Ceylan: K\u00fc\u00e7\u00fck Mod\u00fcler Reakt\u00f6rler, T\u00fcrkiye ve D\u00fcnyada Enerji Politikalar\u0131n\u0131n Yeni Odak Noktas\u0131"},"content":{"rendered":"<p class=\"qtranxs-available-languages-message qtranxs-available-languages-message-en\">Sorry, this entry is only available in <a href=\"https:\/\/www.enerjigazetesi.ist\/tr\/wp-json\/wp\/v2\/posts\/201970\" class=\"qtranxs-available-language-link qtranxs-available-language-link-tr\" title=\"Turkish\">Turkish<\/a>. For the sake of viewer convenience, the content is shown below in the alternative language. You may click the link to switch the active language.<\/p><p><\/p>\n<h2>Last Energy RockVale T\u00fcrkiye Projeleri Direkt\u00f6r\u00fc ve Enerji Yat\u0131r\u0131mlar\u0131 Platformu ENERFORM Ba\u015fkan\u0131 Mehmet Ata Ceylan, K\u00fc\u00e7\u00fck Mod\u00fcler Reakt\u00f6rlerin (SMR) T\u00fcrkiye ve d\u00fcnyada enerji politikalar\u0131n\u0131n \u00f6nemli bir bile\u015feni haline geldi\u011fini belirtti.<\/h2>\n<div id=\"attachment_201972\" style=\"width: 510px\" class=\"wp-caption aligncenter\"><img aria-describedby=\"caption-attachment-201972\" loading=\"lazy\" class=\"wp-image-201972\" src=\"https:\/\/www.enerjigazetesi.ist\/wp-content\/uploads\/2025\/12\/mehmet-ata-ceylan-kucuk-moduler-reaktorler-turkiye-ve-dunyada-enerji-politikalarinin-yeni-odak-noktasi.jpg\" alt=\"\" width=\"500\" height=\"313\" srcset=\"https:\/\/www.enerjigazetesi.ist\/wp-content\/uploads\/2025\/12\/mehmet-ata-ceylan-kucuk-moduler-reaktorler-turkiye-ve-dunyada-enerji-politikalarinin-yeni-odak-noktasi.jpg 550w, https:\/\/www.enerjigazetesi.ist\/wp-content\/uploads\/2025\/12\/mehmet-ata-ceylan-kucuk-moduler-reaktorler-turkiye-ve-dunyada-enerji-politikalarinin-yeni-odak-noktasi-300x188.jpg 300w, https:\/\/www.enerjigazetesi.ist\/wp-content\/uploads\/2025\/12\/mehmet-ata-ceylan-kucuk-moduler-reaktorler-turkiye-ve-dunyada-enerji-politikalarinin-yeni-odak-noktasi-500x313.jpg 500w, https:\/\/www.enerjigazetesi.ist\/wp-content\/uploads\/2025\/12\/mehmet-ata-ceylan-kucuk-moduler-reaktorler-turkiye-ve-dunyada-enerji-politikalarinin-yeni-odak-noktasi-80x50.jpg 80w\" sizes=\"(max-width: 500px) 100vw, 500px\" \/><p id=\"caption-attachment-201972\" class=\"wp-caption-text\">Last Energy RockVale T\u00fcrkiye Projeleri Direkt\u00f6r\u00fc ve Enerji Yat\u0131r\u0131mlar\u0131 Platformu ENERFORM Ba\u015fkan\u0131 Mehmet Ata Ceylan<\/p><\/div>\n<p>Ceylan yapt\u0131\u011f\u0131 a\u00e7\u0131klamada, SMR teknolojisinin geleneksel b\u00fcy\u00fck \u00f6l\u00e7ekli n\u00fckleer santrallere k\u0131yasla daha kompakt, mod\u00fcler ve esnek bir yap\u0131 sundu\u011funu ifade etti. Standart fabrika \u00fcretimiyle geli\u015ftirilen SMR\u2019lerin sahada h\u0131zl\u0131 \u015fekilde monte edilebilmesinin yat\u0131r\u0131m s\u00fcrelerini k\u0131saltt\u0131\u011f\u0131n\u0131 ve maliyetleri d\u00fc\u015f\u00fcrd\u00fc\u011f\u00fcn\u00fc vurgulad\u0131. Bu \u00f6zelliklerin, d\u00fc\u015f\u00fck karbonlu ve kesintisiz enerji \u00fcretimini hedefleyen \u00fclkeler i\u00e7in SMR\u2019leri cazip bir se\u00e7enek haline getirdi\u011fini s\u00f6yledi.<\/p>\n<p>Bir\u00e7ok geli\u015fmi\u015f ekonominin SMR\u2019leri gelece\u011fin n\u00fckleer kapasitesinin temel unsurlar\u0131ndan biri olarak de\u011ferlendirdi\u011fini belirten Ceylan, bu alanda stratejik yat\u0131r\u0131mlar\u0131n h\u0131z kazand\u0131\u011f\u0131n\u0131 ifade etti. SMR\u2019lerin yenilenebilir enerji kaynaklar\u0131yla entegre edildi\u011finde enerji arz g\u00fcvenli\u011fini g\u00fc\u00e7lendirdi\u011fini ve karbon emisyonlar\u0131n\u0131n azalt\u0131lmas\u0131na katk\u0131 sa\u011flad\u0131\u011f\u0131n\u0131 dile getirdi. Bu e\u011filimin, k\u00fcresel enerji d\u00f6n\u00fc\u015f\u00fcm\u00fcnde n\u00fckleer enerjinin yeniden merkezi bir konuma ta\u015f\u0131nmas\u0131na yol a\u00e7t\u0131\u011f\u0131n\u0131 s\u00f6yledi.<\/p>\n<p>D\u00fcnya genelinde enerji g\u00fcvenli\u011fini art\u0131rmak, d\u0131\u015fa ba\u011f\u0131ml\u0131l\u0131\u011f\u0131 azaltmak ve s\u00fcrd\u00fcr\u00fclebilir enerji hedeflerine ula\u015fmak amac\u0131yla SMR teknolojisine yo\u011fun bir ilgi oldu\u011funu belirten Ceylan, ABD, \u0130ngiltere ve T\u00fcrkiye\u2019nin bu alanda b\u00fcy\u00fck \u00f6l\u00e7ekli yat\u0131r\u0131mlar planlad\u0131\u011f\u0131n\u0131 ve yeni d\u00fczenlemelere haz\u0131rland\u0131\u011f\u0131n\u0131 ifade etti. T\u00fcrkiye\u2019nin SMR kapasitesini art\u0131rarak enerji portf\u00f6y\u00fcn\u00fc \u00e7e\u015fitlendirmeyi ve n\u00fckleer enerjinin elektrik \u00fcretimindeki pay\u0131n\u0131 y\u00fckseltmeyi hedefledi\u011fini s\u00f6yledi. Bu kapsamda, 2050 y\u0131l\u0131na kadar en az 5 GW d\u00fczeyinde SMR kapasitesinin devreye al\u0131nmas\u0131n\u0131n planland\u0131\u011f\u0131n\u0131 aktard\u0131.<\/p>\n<p>Ceylan, Last Energy taraf\u0131ndan geli\u015ftirilen PWR20 \u00e7\u00f6z\u00fcm\u00fcn\u00fcn Birle\u015fik Krall\u0131k\u2019ta Office for Nuclear Regulation nezdinde lisans s\u00fcrecini y\u00fcr\u00fcten nadir projelerden biri oldu\u011funu belirtti. 20 MWe g\u00fcc\u00fcndeki PWR20 mikro reakt\u00f6rlerinin d\u00fcnyadaki ilk \u00f6rneklerden biri oldu\u011funa dikkat \u00e7eken Ceylan, G\u00fcney Galler\u2019de d\u00f6rt adet reakt\u00f6r kurulmas\u0131na y\u00f6nelik lisans ba\u015fvurusunun yap\u0131ld\u0131\u011f\u0131n\u0131 ifade etti. Toplam 300 milyon sterlin b\u00fcy\u00fckl\u00fc\u011f\u00fcndeki bu yat\u0131r\u0131m\u0131n, d\u00f6rt adet PWR20 tipi mikro reakt\u00f6rden olu\u015ftu\u011funu ve projenin \u201cLlynfi Clean Energy Projesi\u201d ad\u0131yla hayata ge\u00e7irilmesinin planland\u0131\u011f\u0131n\u0131 s\u00f6yledi.<\/p>\n<p>SMR\u2019lerin yaln\u0131zca bir enerji \u00fcretim teknolojisi olarak de\u011fil, ayn\u0131 zamanda stratejik enerji ba\u011f\u0131ms\u0131zl\u0131\u011f\u0131, ekonomik verimlilik ve iklim hedefleriyle uyumlu bir ara\u00e7 olarak de\u011ferlendirildi\u011fini vurgulayan Ceylan, artan enerji ihtiyac\u0131 kar\u015f\u0131s\u0131nda bu teknolojinin d\u0131\u015fa ba\u011f\u0131ml\u0131l\u0131\u011f\u0131 azaltma ve enerji maliyetlerini daha y\u00f6netilebilir hale getirme a\u00e7\u0131s\u0131ndan \u00f6nemli avantajlar sundu\u011funu belirtti. SMR\u2019lerin yerel \u00f6l\u00e7ekte enerji \u00fcretimini m\u00fcmk\u00fcn k\u0131lan esnek yap\u0131s\u0131yla, farkl\u0131 b\u00f6lgesel ihtiya\u00e7lara cevap verebilecek bir \u00e7\u00f6z\u00fcm sundu\u011funu ifade etti.<\/p>\n<p>K\u00fc\u00e7\u00fck Mod\u00fcler Reakt\u00f6rlerin modern enerji sistemleri i\u00e7in giderek daha kritik bir teknoloji haline geldi\u011fini belirten Ceylan, d\u00fcnya genelinde SMR\u2019lerin y\u00fckseli\u015finin d\u00fc\u015f\u00fck karbonlu ve g\u00fcvenilir enerji \u00fcretimi hedefleriyle paralel ilerledi\u011fini s\u00f6yledi. SMR stratejisinin enerji g\u00fcvenli\u011fini g\u00fc\u00e7lendirme, yerli teknoloji kapasitesini art\u0131rma ve s\u00fcrd\u00fcr\u00fclebilir b\u00fcy\u00fcmeyi destekleme gibi \u00e7ok boyutlu hedeflere hizmet etti\u011fini dile getirdi.<\/p>\n<p>A\u00e7\u0131klamas\u0131n\u0131n sonunda Ceylan, ihracat\u00e7\u0131lar\u0131n Avrupa Birli\u011fi S\u0131n\u0131rda Karbon D\u00fczenleme Mekanizmas\u0131na tak\u0131lmamas\u0131, veri merkezlerinin T\u00fcrkiye\u2019de yayg\u0131nla\u015fabilmesi ve s\u00fcrd\u00fcr\u00fclebilir enerji arz g\u00fcvenli\u011finin sa\u011flanabilmesi i\u00e7in SMR ve MMR teknolojilerine h\u0131zla odaklan\u0131lmas\u0131 gerekti\u011fini vurgulad\u0131. Bu s\u00fcre\u00e7te Enerji ve Tabii Kaynaklar Bakanl\u0131\u011f\u0131, N\u00fckleer Enerji Genel M\u00fcd\u00fcrl\u00fc\u011f\u00fc, N\u00fckleer D\u00fczenleme Kurumu ve TENMAK\u2019\u0131n stratejik \u00f6nc\u00fcl\u00fc\u011f\u00fcnde at\u0131lacak ad\u0131mlar\u0131n b\u00fcy\u00fck \u00f6nem ta\u015f\u0131d\u0131\u011f\u0131n\u0131 ifade etti.<\/p>","protected":false},"excerpt":{"rendered":"<p>Sorry, this entry is only available in Turkish. For the sake of viewer convenience, the content is shown below in the alternative language. You may click the link to switch the active language. Last Energy RockVale T\u00fcrkiye Projeleri Direkt\u00f6r\u00fc ve Enerji Yat\u0131r\u0131mlar\u0131 Platformu ENERFORM Ba\u015fkan\u0131 Mehmet Ata Ceylan, K\u00fc\u00e7\u00fck Mod\u00fcler Reakt\u00f6rlerin (SMR) T\u00fcrkiye ve d\u00fcnyada [&hellip;]<\/p>\n","protected":false},"author":1,"featured_media":201972,"comment_status":"open","ping_status":"open","sticky":false,"template":"","format":"standard","meta":[],"categories":[53,43],"tags":[117634,117633,99818,117636,14056,1597,117637,117638,50033,117635,100365],"views":7,"_links":{"self":[{"href":"https:\/\/www.enerjigazetesi.ist\/en\/wp-json\/wp\/v2\/posts\/201970"}],"collection":[{"href":"https:\/\/www.enerjigazetesi.ist\/en\/wp-json\/wp\/v2\/posts"}],"about":[{"href":"https:\/\/www.enerjigazetesi.ist\/en\/wp-json\/wp\/v2\/types\/post"}],"author":[{"embeddable":true,"href":"https:\/\/www.enerjigazetesi.ist\/en\/wp-json\/wp\/v2\/users\/1"}],"replies":[{"embeddable":true,"href":"https:\/\/www.enerjigazetesi.ist\/en\/wp-json\/wp\/v2\/comments?post=201970"}],"version-history":[{"count":0,"href":"https:\/\/www.enerjigazetesi.ist\/en\/wp-json\/wp\/v2\/posts\/201970\/revisions"}],"wp:featuredmedia":[{"embeddable":true,"href":"https:\/\/www.enerjigazetesi.ist\/en\/wp-json\/wp\/v2\/media\/201972"}],"wp:attachment":[{"href":"https:\/\/www.enerjigazetesi.ist\/en\/wp-json\/wp\/v2\/media?parent=201970"}],"wp:term":[{"taxonomy":"category","embeddable":true,"href":"https:\/\/www.enerjigazetesi.ist\/en\/wp-json\/wp\/v2\/categories?post=201970"},{"taxonomy":"post_tag","embeddable":true,"href":"https:\/\/www.enerjigazetesi.ist\/en\/wp-json\/wp\/v2\/tags?post=201970"}],"curies":[{"name":"wp","href":"https:\/\/api.w.org\/{rel}","templated":true}]}}