{"id":201928,"date":"2025-11-25T13:56:35","date_gmt":"2025-11-25T10:56:35","guid":{"rendered":"https:\/\/www.enerjigazetesi.ist\/?p=201928"},"modified":"2025-11-25T13:56:35","modified_gmt":"2025-11-25T10:56:35","slug":"vakif-katilim-gaziantepe-oz-tuketim-gunes-enerjisi-santrali-kurdu","status":"publish","type":"post","link":"https:\/\/www.enerjigazetesi.ist\/en\/vakif-katilim-gaziantepe-oz-tuketim-gunes-enerjisi-santrali-kurdu\/","title":{"rendered":"(Turkish) &#8217;Vak\u0131f Kat\u0131l\u0131m&#8217; Gaziantep\u2019e \u00d6z T\u00fcketim G\u00fcne\u015f Enerjisi Santrali Kurdu"},"content":{"rendered":"<p class=\"qtranxs-available-languages-message qtranxs-available-languages-message-en\">Sorry, this entry is only available in <a href=\"https:\/\/www.enerjigazetesi.ist\/tr\/wp-json\/wp\/v2\/posts\/201928\" class=\"qtranxs-available-language-link qtranxs-available-language-link-tr\" title=\"Turkish\">Turkish<\/a>. For the sake of viewer convenience, the content is shown below in the alternative language. You may click the link to switch the active language.<\/p><p><\/p>\n<h2><strong>S\u00fcrd\u00fcr\u00fclebilir bir gelecek in\u015fa etme hedefiyle \u00e7al\u0131\u015fmalar\u0131n\u0131 kararl\u0131l\u0131kla s\u00fcrd\u00fcren Vak\u0131f Kat\u0131l\u0131m, Gaziantep\u2019in Nizip il\u00e7esinde 8,5 MWp kapasiteli G\u00fcne\u015f Enerjisi Santrali\u2019ni hayata ge\u00e7irdi. \u00dclkemizin yenilenebilir enerji hedeflerine katk\u0131 sunan bu projeyle, Vak\u0131f Kat\u0131l\u0131m\u2019\u0131n Genel M\u00fcd\u00fcrl\u00fck binas\u0131 ve t\u00fcm \u015fubelerinin enerji ihtiyac\u0131 yenilenebilir kaynaklardan kar\u015f\u0131lanacak.<\/strong><\/h2>\n<p style=\"text-align: center;\"><img loading=\"lazy\" class=\"aligncenter wp-image-201931\" src=\"https:\/\/www.enerjigazetesi.ist\/wp-content\/uploads\/2025\/11\/vakif-katilim-gaziantepe-oz-tuketim-gunes-enerjisi-santrali-kurdu.jpg\" alt=\"\" width=\"500\" height=\"318\" srcset=\"https:\/\/www.enerjigazetesi.ist\/wp-content\/uploads\/2025\/11\/vakif-katilim-gaziantepe-oz-tuketim-gunes-enerjisi-santrali-kurdu.jpg 550w, https:\/\/www.enerjigazetesi.ist\/wp-content\/uploads\/2025\/11\/vakif-katilim-gaziantepe-oz-tuketim-gunes-enerjisi-santrali-kurdu-300x191.jpg 300w, https:\/\/www.enerjigazetesi.ist\/wp-content\/uploads\/2025\/11\/vakif-katilim-gaziantepe-oz-tuketim-gunes-enerjisi-santrali-kurdu-500x318.jpg 500w, https:\/\/www.enerjigazetesi.ist\/wp-content\/uploads\/2025\/11\/vakif-katilim-gaziantepe-oz-tuketim-gunes-enerjisi-santrali-kurdu-80x50.jpg 80w\" sizes=\"(max-width: 500px) 100vw, 500px\" \/><\/p>\n<p>Vak\u0131f Kat\u0131l\u0131m, elektrik t\u00fcketimini tamamen yenilenebilir enerji kaynaklar\u0131ndan kar\u015f\u0131lama hedefiyle Gaziantep\u2019te bir G\u00fcne\u015f Enerjisi Santrali (GES) hayata ge\u00e7irdi. Nizip il\u00e7esinde, 93 bin metrekarelik bir arazi \u00fczerinde kurulan ve 8,5 MWp kurulu g\u00fcce sahip olan santralin, y\u0131lda 15 milyon kWh elektrik \u00fcretmesi ve 7.380 ton karbon emisyonu azalt\u0131m\u0131 sa\u011flamas\u0131 hedefleniyor.<\/p>\n<p>Toplam 14.612 adet, her biri 585 Wp g\u00fcc\u00fcnde g\u00fcne\u015f paneli kullan\u0131larak ger\u00e7ekle\u015ftirilen bu proje; y\u0131lda yakla\u015f\u0131k 18 bin a\u011faca e\u015f de\u011fer sera gaz\u0131 dengelemesi sa\u011flayarak \u00e7evresel s\u00fcrd\u00fcr\u00fclebilirli\u011fe \u00f6nemli katk\u0131 sunacak.<\/p>\n<h3><strong>Mehmet Ali Akben: \u201cGenel M\u00fcd\u00fcrl\u00fck binam\u0131z ve t\u00fcm \u015fubelerimizin operasyonel enerji ihtiyac\u0131n\u0131 kar\u015f\u0131layacak\u201d<\/strong><\/h3>\n<div id=\"attachment_201930\" style=\"width: 510px\" class=\"wp-caption aligncenter\"><img aria-describedby=\"caption-attachment-201930\" loading=\"lazy\" class=\"wp-image-201930\" src=\"https:\/\/www.enerjigazetesi.ist\/wp-content\/uploads\/2025\/11\/vakif-katilim-gaziantepe-oz-tuketim-gunes-enerjisi-santrali-kurdu-1.jpg\" alt=\"\" width=\"500\" height=\"334\" srcset=\"https:\/\/www.enerjigazetesi.ist\/wp-content\/uploads\/2025\/11\/vakif-katilim-gaziantepe-oz-tuketim-gunes-enerjisi-santrali-kurdu-1.jpg 550w, https:\/\/www.enerjigazetesi.ist\/wp-content\/uploads\/2025\/11\/vakif-katilim-gaziantepe-oz-tuketim-gunes-enerjisi-santrali-kurdu-1-300x200.jpg 300w, https:\/\/www.enerjigazetesi.ist\/wp-content\/uploads\/2025\/11\/vakif-katilim-gaziantepe-oz-tuketim-gunes-enerjisi-santrali-kurdu-1-500x334.jpg 500w, https:\/\/www.enerjigazetesi.ist\/wp-content\/uploads\/2025\/11\/vakif-katilim-gaziantepe-oz-tuketim-gunes-enerjisi-santrali-kurdu-1-75x50.jpg 75w, https:\/\/www.enerjigazetesi.ist\/wp-content\/uploads\/2025\/11\/vakif-katilim-gaziantepe-oz-tuketim-gunes-enerjisi-santrali-kurdu-1-450x300.jpg 450w\" sizes=\"(max-width: 500px) 100vw, 500px\" \/><p id=\"caption-attachment-201930\" class=\"wp-caption-text\">Vak\u0131f Kat\u0131l\u0131m Genel M\u00fcd\u00fcr\u00fc Mehmet Ali Akben<\/p><\/div>\n<p>Hayata ge\u00e7irdikleri G\u00fcne\u015f Enerjisi Santrali\u2019nin, kurumun s\u00fcrd\u00fcr\u00fclebilir finans politikalar\u0131 do\u011frultusunda d\u00fc\u015f\u00fck karbon ekonomisine ge\u00e7i\u015f s\u00fcrecini h\u0131zland\u0131raca\u011f\u0131n\u0131 vurgulayan<strong>\u00a0Vak\u0131f Kat\u0131l\u0131m Genel M\u00fcd\u00fcr\u00fc Mehmet Ali Akben,<\/strong>\u00a0projenin ye\u015fil finans ve enerji d\u00f6n\u00fc\u015f\u00fcm\u00fcne katk\u0131 sa\u011flayaca\u011f\u0131n\u0131 belirtti. Yeni projelerine ili\u015fkin de\u011ferlendirmede bulunan\u00a0<strong>Akben<\/strong>, \u015fu ifadeleri kulland\u0131: \u201cS\u00fcrd\u00fcr\u00fclebilirlik, Vak\u0131f Kat\u0131l\u0131m olarak t\u00fcm bankac\u0131l\u0131k faaliyetlerimizde \u00fczerinde titizlikle durdu\u011fumuz ve b\u00fcy\u00fck \u00f6nem verdi\u011fimiz bir konu. Bu vizyon do\u011frultusunda ger\u00e7ekle\u015ftirdi\u011fimiz detayl\u0131 fizibilite ve planlama \u00e7al\u0131\u015fmalar\u0131 sonucunda, Gaziantep Nizip\u2019te bir GES projesini hayata ge\u00e7irmekten ve \u00e7evre a\u00e7\u0131s\u0131ndan \u00f6nemli bir enerji yat\u0131r\u0131m\u0131na imza atmaktan b\u00fcy\u00fck mutluluk duyuyoruz. Enerji arz g\u00fcvenli\u011fini art\u0131rmay\u0131 ve karbon ayak izimizi minimize etmeyi ama\u00e7lad\u0131\u011f\u0131m\u0131z bu projemiz, Genel M\u00fcd\u00fcrl\u00fck binam\u0131z ve t\u00fcm \u015fubelerimizin operasyonel enerji ihtiyac\u0131n\u0131 kar\u015f\u0131layacak.\u201d<\/p>\n<h3><strong>\u201cProjeyi kurum i\u00e7i m\u00fchendislik ve planlama \u00e7al\u0131\u015fmalar\u0131yla \u015fekillendirdik\u201d<\/strong><\/h3>\n<p>Hizmete giren santralin, y\u0131ll\u0131k yakla\u015f\u0131k 15 milyon kWh elektrik \u00fcretimiyle bankan\u0131n operasyonel enerji ihtiyac\u0131n\u0131 kar\u015f\u0131layaca\u011f\u0131na dikkat \u00e7eken Akben, <em>\u201cKurum i\u00e7i m\u00fchendislik ve planlama \u00e7al\u0131\u015fmalar\u0131yla \u015fekillenen bu proje ile ayn\u0131 zamanda, y\u00fcksek verimli fotovoltaik paneller ve ileri teknoloji invert\u00f6r sistemleri kullan\u0131larak enerji \u00fcretim kapasitesinin optimize edilmesi hedefleniyor. GES yat\u0131r\u0131mlar\u0131n\u0131n yaln\u0131zca enerji \u00fcretimiyle s\u0131n\u0131rl\u0131 kalmamas\u0131; kat\u0131l\u0131m bankac\u0131l\u0131\u011f\u0131 modeli \u00e7er\u00e7evesinde i\u015ftiraklerimiz arac\u0131l\u0131\u011f\u0131yla s\u00fcrd\u00fcr\u00fclebilir gelir kaynaklar\u0131na d\u00f6n\u00fc\u015ft\u00fcr\u00fclmesi ise bizim i\u00e7in b\u00fcy\u00fck \u00f6nem ta\u015f\u0131yor\u201d<\/em> dedi.<\/p>\n<p>Kaynak: <a href=\"https:\/\/www.vakifkatilim.com.tr\/tr\/hakkimizda\/medya-merkezi\/duyurular\/duyuru-detay\/vakif-katilimdan-surdurulebilir-enerji-hamlesi\" target=\"_blank\" rel=\"noopener\">Vak\u0131f Kat\u0131l\u0131m<\/a><\/p>","protected":false},"excerpt":{"rendered":"<p>Sorry, this entry is only available in Turkish. For the sake of viewer convenience, the content is shown below in the alternative language. You may click the link to switch the active language. S\u00fcrd\u00fcr\u00fclebilir bir gelecek in\u015fa etme hedefiyle \u00e7al\u0131\u015fmalar\u0131n\u0131 kararl\u0131l\u0131kla s\u00fcrd\u00fcren Vak\u0131f Kat\u0131l\u0131m, Gaziantep\u2019in Nizip il\u00e7esinde 8,5 MWp kapasiteli G\u00fcne\u015f Enerjisi Santrali\u2019ni hayata ge\u00e7irdi. [&hellip;]<\/p>\n","protected":false},"author":1,"featured_media":201931,"comment_status":"open","ping_status":"open","sticky":false,"template":"","format":"standard","meta":[],"categories":[51,53,49],"tags":[984,2569,45418,117614,83535],"views":17,"_links":{"self":[{"href":"https:\/\/www.enerjigazetesi.ist\/en\/wp-json\/wp\/v2\/posts\/201928"}],"collection":[{"href":"https:\/\/www.enerjigazetesi.ist\/en\/wp-json\/wp\/v2\/posts"}],"about":[{"href":"https:\/\/www.enerjigazetesi.ist\/en\/wp-json\/wp\/v2\/types\/post"}],"author":[{"embeddable":true,"href":"https:\/\/www.enerjigazetesi.ist\/en\/wp-json\/wp\/v2\/users\/1"}],"replies":[{"embeddable":true,"href":"https:\/\/www.enerjigazetesi.ist\/en\/wp-json\/wp\/v2\/comments?post=201928"}],"version-history":[{"count":0,"href":"https:\/\/www.enerjigazetesi.ist\/en\/wp-json\/wp\/v2\/posts\/201928\/revisions"}],"wp:featuredmedia":[{"embeddable":true,"href":"https:\/\/www.enerjigazetesi.ist\/en\/wp-json\/wp\/v2\/media\/201931"}],"wp:attachment":[{"href":"https:\/\/www.enerjigazetesi.ist\/en\/wp-json\/wp\/v2\/media?parent=201928"}],"wp:term":[{"taxonomy":"category","embeddable":true,"href":"https:\/\/www.enerjigazetesi.ist\/en\/wp-json\/wp\/v2\/categories?post=201928"},{"taxonomy":"post_tag","embeddable":true,"href":"https:\/\/www.enerjigazetesi.ist\/en\/wp-json\/wp\/v2\/tags?post=201928"}],"curies":[{"name":"wp","href":"https:\/\/api.w.org\/{rel}","templated":true}]}}