{"id":201915,"date":"2025-11-25T12:13:41","date_gmt":"2025-11-25T09:13:41","guid":{"rendered":"https:\/\/www.enerjigazetesi.ist\/?p=201915"},"modified":"2025-11-25T12:20:09","modified_gmt":"2025-11-25T09:20:09","slug":"genc-enerji-liderleri-yel26-programinin-basvurulari-devam-ediyor","status":"publish","type":"post","link":"https:\/\/www.enerjigazetesi.ist\/en\/genc-enerji-liderleri-yel26-programinin-basvurulari-devam-ediyor\/","title":{"rendered":"(Turkish) Gen\u00e7 Enerji Liderleri (YEL&#8217;26) Program\u0131n\u0131n Ba\u015fvurular\u0131 Devam Ediyor"},"content":{"rendered":"<p class=\"qtranxs-available-languages-message qtranxs-available-languages-message-en\">Sorry, this entry is only available in <a href=\"https:\/\/www.enerjigazetesi.ist\/tr\/wp-json\/wp\/v2\/posts\/201915\" class=\"qtranxs-available-language-link qtranxs-available-language-link-tr\" title=\"Turkish\">Turkish<\/a>. For the sake of viewer convenience, the content is shown below in the alternative language. You may click the link to switch the active language.<\/p><p><\/p>\n<h2>D\u00fcnya Enerji Konseyi T\u00fcrk Milli Komitesi olan WEC T\u00fcrkiye\u2019nin y\u00fcr\u00fctt\u00fc\u011f\u00fc \u201cGen\u00e7 Enerji Liderleri 2026 (YEL\u201926) Program\u0131\u201d ba\u015fvurular\u0131 ba\u015flat\u0131lm\u0131\u015ft\u0131r. Ge\u00e7ti\u011fimiz y\u0131l oldu\u011fu gibi bu y\u0131l da program, enerji sekt\u00f6r\u00fcne ilgi duyan ve gelece\u011fin liderleri aras\u0131nda yer almay\u0131 hedefleyen gen\u00e7 profesyonellerin kat\u0131l\u0131m\u0131na a\u00e7\u0131kt\u0131r.<\/h2>\n<p style=\"text-align: center;\"><img loading=\"lazy\" class=\"aligncenter wp-image-201917\" src=\"https:\/\/www.enerjigazetesi.ist\/wp-content\/uploads\/2025\/11\/genc-enerji-liderleri-yel26-programinin-basvurulari-devam-ediyor.jpg\" alt=\"\" width=\"500\" height=\"296\" srcset=\"https:\/\/www.enerjigazetesi.ist\/wp-content\/uploads\/2025\/11\/genc-enerji-liderleri-yel26-programinin-basvurulari-devam-ediyor.jpg 550w, https:\/\/www.enerjigazetesi.ist\/wp-content\/uploads\/2025\/11\/genc-enerji-liderleri-yel26-programinin-basvurulari-devam-ediyor-300x178.jpg 300w, https:\/\/www.enerjigazetesi.ist\/wp-content\/uploads\/2025\/11\/genc-enerji-liderleri-yel26-programinin-basvurulari-devam-ediyor-500x296.jpg 500w, https:\/\/www.enerjigazetesi.ist\/wp-content\/uploads\/2025\/11\/genc-enerji-liderleri-yel26-programinin-basvurulari-devam-ediyor-80x47.jpg 80w\" sizes=\"(max-width: 500px) 100vw, 500px\" \/><\/p>\n<p>YEL\u201926 Program\u0131, WEC T\u00fcrkiye taraf\u0131ndan y\u00fcr\u00fct\u00fclmekte olup, ilk uygulamas\u0131 ge\u00e7ti\u011fimiz y\u0131l ba\u015far\u0131yla ger\u00e7ekle\u015ftirilen bu program gen\u00e7 profesyonellerin sekt\u00f6r\u00fc ilgilendiren konulara aktif kat\u0131l\u0131m\u0131n\u0131 te\u015fvik etmekte, yenilik\u00e7i, s\u00fcrd\u00fcr\u00fclebilir ve teknoloji odakl\u0131 \u00e7\u00f6z\u00fcm \u00f6nerilerinin geli\u015ftirilmesine katk\u0131 sa\u011flamaktad\u0131r.<\/p>\n<p>D\u00fcnya Enerji Konseyi\u2019nin k\u00fcresel \u201cHumanising Energy\u201d vizyonu ile \u201cEnerji Trilemma\u201d ba\u015fl\u0131klar\u0131 (enerji g\u00fcvenli\u011fi, eri\u015filebilirlik ve s\u00fcrd\u00fcr\u00fclebilirlik) do\u011frultusunda \u015fekillenen program, T\u00fcrkiye\u2019nin enerji ekosistemine gen\u00e7lerin dinamizmini, yenilik\u00e7i d\u00fc\u015f\u00fcnce yap\u0131s\u0131n\u0131 ve \u00e7ok boyutlu bak\u0131\u015f a\u00e7\u0131s\u0131n\u0131 kazand\u0131rmay\u0131 hedeflemektedir. Kat\u0131l\u0131mc\u0131lar\u0131n ulusal ve uluslararas\u0131 toplant\u0131lar, programlar ve \u00e7al\u0131\u015ftaylar ile bilgi, vizyon ve analiz yetkinliklerini geli\u015ftirme imk\u00e2n\u0131 bulmalar\u0131 ama\u00e7lanmaktad\u0131r.<\/p>\n<p>YEL\u201925 ekibi, T\u00fcrkiye\u2019nin enerji alan\u0131n\u0131n farkl\u0131 boyutlar\u0131na odaklanan pek \u00e7ok \u00e7al\u0131\u015fma ger\u00e7ekle\u015ftirdi. Ekip, Avrupa B\u00f6lgesel Toplant\u0131s\u0131\u2019na ev sahipli\u011fi s\u00fcrecinde kilit rol \u00fcstlenerek D\u00fcnya Enerji Konseyi ve T\u00fcrkiye enerji sekt\u00f6r\u00fc liderleriyle bir araya geldi, global enerji g\u00fcndemine ili\u015fkin \u00e7al\u0131\u015ftaylarda da aktif g\u00f6rev ald\u0131. YEL\u201925 \u00fcyeleri, k\u00fcresel \u201cIssues Monitor\u201d ve \u201cEnerji Trilemma\u201d gibi D\u00fcnya Enerji Konseyi\u2019nin \u00f6nemli rapor ve \u00e7al\u0131\u015fmalar\u0131na katk\u0131 sundu. Enerjinin farkl\u0131 alanlar\u0131 \u00fczerine \u00e7al\u0131\u015fma gruplar\u0131 olu\u015fturarak rapor haz\u0131rl\u0131k s\u00fcre\u00e7lerini y\u00fcr\u00fctt\u00fc, ayr\u0131ca saha ziyaretleri ve e\u011fitim programlar\u0131 arac\u0131l\u0131\u011f\u0131yla sekt\u00f6r bilgilerini geli\u015ftirme f\u0131rsat\u0131 buldu. Y\u0131l boyunca d\u00fczenlenen \u00e7evrimi\u00e7i webinar serileri ise kat\u0131l\u0131mc\u0131lara enerji alan\u0131ndaki g\u00fcncel geli\u015fmeleri takip etme ve uzmanlarla etkile\u015fim kurma imk\u00e2n\u0131 sa\u011flad\u0131.<\/p>\n<p>Program, enerji sekt\u00f6r\u00fcnde yenilik\u00e7i d\u00fc\u015f\u00fcnceye sahip gen\u00e7 profesyonellerin kat\u0131l\u0131m\u0131na a\u00e7\u0131k olup, ba\u015fvurular WEC T\u00fcrkiye\u2019nin resmi internet sitesi \u00fczerinden kabul edilmektedir.<\/p>\n<p><a href=\"https:\/\/dunyaenerji.org.tr\/yel26-basvurulari\/\" target=\"_blank\" rel=\"noopener\">Ba\u015fvurular \u0130\u00e7in TIKLAYIN&gt;&gt;<\/a><\/p>","protected":false},"excerpt":{"rendered":"<p>Sorry, this entry is only available in Turkish. For the sake of viewer convenience, the content is shown below in the alternative language. You may click the link to switch the active language. D\u00fcnya Enerji Konseyi T\u00fcrk Milli Komitesi olan WEC T\u00fcrkiye\u2019nin y\u00fcr\u00fctt\u00fc\u011f\u00fc \u201cGen\u00e7 Enerji Liderleri 2026 (YEL\u201926) Program\u0131\u201d ba\u015fvurular\u0131 ba\u015flat\u0131lm\u0131\u015ft\u0131r. Ge\u00e7ti\u011fimiz y\u0131l oldu\u011fu gibi [&hellip;]<\/p>\n","protected":false},"author":1,"featured_media":201917,"comment_status":"open","ping_status":"open","sticky":false,"template":"","format":"standard","meta":[],"categories":[51,53],"tags":[232,117608,117609,117605,113159,59536,117606,117607],"views":23,"_links":{"self":[{"href":"https:\/\/www.enerjigazetesi.ist\/en\/wp-json\/wp\/v2\/posts\/201915"}],"collection":[{"href":"https:\/\/www.enerjigazetesi.ist\/en\/wp-json\/wp\/v2\/posts"}],"about":[{"href":"https:\/\/www.enerjigazetesi.ist\/en\/wp-json\/wp\/v2\/types\/post"}],"author":[{"embeddable":true,"href":"https:\/\/www.enerjigazetesi.ist\/en\/wp-json\/wp\/v2\/users\/1"}],"replies":[{"embeddable":true,"href":"https:\/\/www.enerjigazetesi.ist\/en\/wp-json\/wp\/v2\/comments?post=201915"}],"version-history":[{"count":0,"href":"https:\/\/www.enerjigazetesi.ist\/en\/wp-json\/wp\/v2\/posts\/201915\/revisions"}],"wp:featuredmedia":[{"embeddable":true,"href":"https:\/\/www.enerjigazetesi.ist\/en\/wp-json\/wp\/v2\/media\/201917"}],"wp:attachment":[{"href":"https:\/\/www.enerjigazetesi.ist\/en\/wp-json\/wp\/v2\/media?parent=201915"}],"wp:term":[{"taxonomy":"category","embeddable":true,"href":"https:\/\/www.enerjigazetesi.ist\/en\/wp-json\/wp\/v2\/categories?post=201915"},{"taxonomy":"post_tag","embeddable":true,"href":"https:\/\/www.enerjigazetesi.ist\/en\/wp-json\/wp\/v2\/tags?post=201915"}],"curies":[{"name":"wp","href":"https:\/\/api.w.org\/{rel}","templated":true}]}}