{"id":201906,"date":"2025-11-24T16:48:43","date_gmt":"2025-11-24T13:48:43","guid":{"rendered":"https:\/\/www.enerjigazetesi.ist\/?p=201906"},"modified":"2025-11-24T16:48:43","modified_gmt":"2025-11-24T13:48:43","slug":"tedasin-canli-hat-bakim-projesi-ihaleye-cikti","status":"publish","type":"post","link":"https:\/\/www.enerjigazetesi.ist\/en\/tedasin-canli-hat-bakim-projesi-ihaleye-cikti\/","title":{"rendered":"(Turkish) TEDA\u015e&#8217;\u0131n Canl\u0131 Hat Bak\u0131m Projesi \u0130haleye \u00c7\u0131kt\u0131"},"content":{"rendered":"<p class=\"qtranxs-available-languages-message qtranxs-available-languages-message-en\">Sorry, this entry is only available in <a href=\"https:\/\/www.enerjigazetesi.ist\/tr\/wp-json\/wp\/v2\/posts\/201906\" class=\"qtranxs-available-language-link qtranxs-available-language-link-tr\" title=\"Turkish\">Turkish<\/a>. For the sake of viewer convenience, the content is shown below in the alternative language. You may click the link to switch the active language.<\/p><p><\/p>\n<h2>Hazine ve Maliye Bakanl\u0131\u011f\u0131 Merkezi Finans ve \u0130hale Birimi (CFCU), T\u00fcrkiye Elektrik Da\u011f\u0131t\u0131m A.\u015e\u2019nin (TEDA\u015e) Canl\u0131 Hat Bak\u0131m Projesi i\u00e7in ihale s\u00fcrecini ba\u015flatt\u0131. Toplam 2 milyon 100 bin Avro b\u00fct\u00e7eli proje, T\u00fcrkiye\u2019nin elektrik da\u011f\u0131t\u0131m sisteminin g\u00fcvenilirli\u011fini art\u0131rmay\u0131 ve teknik personelin yetkinliklerini AB standartlar\u0131na ta\u015f\u0131may\u0131 ama\u00e7l\u0131yor.<\/h2>\n<p style=\"text-align: center;\"><img loading=\"lazy\" class=\"aligncenter wp-image-201908\" src=\"https:\/\/www.enerjigazetesi.ist\/wp-content\/uploads\/2025\/11\/tedasin-canli-hat-bakim-projesi-ihaleye-cikti.jpg\" alt=\"\" width=\"500\" height=\"296\" srcset=\"https:\/\/www.enerjigazetesi.ist\/wp-content\/uploads\/2025\/11\/tedasin-canli-hat-bakim-projesi-ihaleye-cikti.jpg 550w, https:\/\/www.enerjigazetesi.ist\/wp-content\/uploads\/2025\/11\/tedasin-canli-hat-bakim-projesi-ihaleye-cikti-300x178.jpg 300w, https:\/\/www.enerjigazetesi.ist\/wp-content\/uploads\/2025\/11\/tedasin-canli-hat-bakim-projesi-ihaleye-cikti-500x296.jpg 500w, https:\/\/www.enerjigazetesi.ist\/wp-content\/uploads\/2025\/11\/tedasin-canli-hat-bakim-projesi-ihaleye-cikti-80x47.jpg 80w\" sizes=\"(max-width: 500px) 100vw, 500px\" \/><\/p>\n<p>TEDA\u015e taraf\u0131ndan IPA III 2024 Programlama Y\u0131l\u0131 kapsam\u0131nda ba\u015fvurusu yap\u0131lan<em> \u201cT\u00fcrkiye Elektrik Da\u011f\u0131t\u0131m Anonim \u015eirketi&#8217;nin Canl\u0131 Hat Bak\u0131m\u0131 Konusundaki Kurumsal Kapasitesinin AB Standartlar\u0131 ve Uygulamalar\u0131 Do\u011frultusunda Geli\u015ftirilmesi\u201d<\/em> konulu proje, 17 Aral\u0131k 2024 tarihinde Avrupa Birli\u011fi (AB) Komisyonu taraf\u0131ndan resmen finansman onay\u0131 ald\u0131.<\/p>\n<p>Finansman karar\u0131n\u0131n ard\u0131ndan Hazine ve Maliye Bakanl\u0131\u011f\u0131 Merkezi Finans ve \u0130hale Birimi (CFCU) ile TEDA\u015e\u2019\u0131n y\u00fcr\u00fctt\u00fc\u011f\u00fc ortak \u00e7al\u0131\u015fmalar sonucunda proje, 14 Kas\u0131m 2025\u2019te AB Delegasyonu taraf\u0131ndan da onayland\u0131 ve ihale duyurusu CFCU\u2019nun internet sitesinde yay\u0131mland\u0131.<\/p>\n<h3><strong>Canl\u0131 Hat Bak\u0131m\u0131nda AB Uyumlu Yeni D\u00f6nem<br \/>\n<\/strong><\/h3>\n<p>Canl\u0131 hat bak\u0131m\u0131n\u0131n yayg\u0131nla\u015ft\u0131r\u0131lmas\u0131yla birlikte, elektrik kesintilerinin azalt\u0131lmas\u0131 ve i\u015fletmeler ile vatanda\u015flara kesintisiz enerji sunulmas\u0131 hedefleniyor. Ayr\u0131ca enerji arz\u0131ndaki aksamalar\u0131n sebep oldu\u011fu ekonomik kay\u0131plar\u0131n \u00f6n\u00fcne ge\u00e7ilmesi ve elektrik da\u011f\u0131t\u0131mdaki operasyonel s\u00fcre\u00e7lerin AB\u2019nin teknik ve g\u00fcvenlik standartlar\u0131yla uyumlu h\u00e2le getirilmesi ama\u00e7lan\u0131yor.<\/p>\n<h3><strong>TEDA\u015e\u2019a Canl\u0131 Bak\u0131m E\u011fitim Merkezi Geliyor<br \/>\n<\/strong><\/h3>\n<p>Projenin \u00f6nemli bile\u015fenlerinden biri, TEDA\u015e b\u00fcnyesinde kurulmas\u0131 planlanan Canl\u0131 Bak\u0131m E\u011fitim Merkezi olacak. Merkez, canl\u0131 hat bak\u0131m\u0131na y\u00f6nelik teorik ve uygulamal\u0131 e\u011fitimler vererek teknik personelin niteliklerini art\u0131racak ve bu alandaki uygulamalar\u0131n \u00fclke genelinde yayg\u0131nla\u015ft\u0131r\u0131lmas\u0131na katk\u0131 sa\u011flayacak.<\/p>\n<h3><strong>Son Teklif Tarihi 18 Aral\u0131k 2025<br \/>\n<\/strong><\/h3>\n<p>CFCU taraf\u0131ndan y\u00fcr\u00fct\u00fclen hizmet ihalesine 18 Aral\u0131k 2025 saat 17.00\u2019ye kadar teklif verilebilecek. \u0130hale dok\u00fcmanlar\u0131 ve ba\u015fvuru \u015fartlar\u0131na CFCU\u2019nun resm\u00ee internet sitesinden ula\u015f\u0131labilir.<\/p>","protected":false},"excerpt":{"rendered":"<p>Sorry, this entry is only available in Turkish. For the sake of viewer convenience, the content is shown below in the alternative language. You may click the link to switch the active language. Hazine ve Maliye Bakanl\u0131\u011f\u0131 Merkezi Finans ve \u0130hale Birimi (CFCU), T\u00fcrkiye Elektrik Da\u011f\u0131t\u0131m A.\u015e\u2019nin (TEDA\u015e) Canl\u0131 Hat Bak\u0131m Projesi i\u00e7in ihale s\u00fcrecini [&hellip;]<\/p>\n","protected":false},"author":1,"featured_media":201908,"comment_status":"open","ping_status":"open","sticky":false,"template":"","format":"standard","meta":[],"categories":[51,53],"tags":[117599,117597,117598,35579,1216,2730],"views":29,"_links":{"self":[{"href":"https:\/\/www.enerjigazetesi.ist\/en\/wp-json\/wp\/v2\/posts\/201906"}],"collection":[{"href":"https:\/\/www.enerjigazetesi.ist\/en\/wp-json\/wp\/v2\/posts"}],"about":[{"href":"https:\/\/www.enerjigazetesi.ist\/en\/wp-json\/wp\/v2\/types\/post"}],"author":[{"embeddable":true,"href":"https:\/\/www.enerjigazetesi.ist\/en\/wp-json\/wp\/v2\/users\/1"}],"replies":[{"embeddable":true,"href":"https:\/\/www.enerjigazetesi.ist\/en\/wp-json\/wp\/v2\/comments?post=201906"}],"version-history":[{"count":0,"href":"https:\/\/www.enerjigazetesi.ist\/en\/wp-json\/wp\/v2\/posts\/201906\/revisions"}],"wp:featuredmedia":[{"embeddable":true,"href":"https:\/\/www.enerjigazetesi.ist\/en\/wp-json\/wp\/v2\/media\/201908"}],"wp:attachment":[{"href":"https:\/\/www.enerjigazetesi.ist\/en\/wp-json\/wp\/v2\/media?parent=201906"}],"wp:term":[{"taxonomy":"category","embeddable":true,"href":"https:\/\/www.enerjigazetesi.ist\/en\/wp-json\/wp\/v2\/categories?post=201906"},{"taxonomy":"post_tag","embeddable":true,"href":"https:\/\/www.enerjigazetesi.ist\/en\/wp-json\/wp\/v2\/tags?post=201906"}],"curies":[{"name":"wp","href":"https:\/\/api.w.org\/{rel}","templated":true}]}}