{"id":201892,"date":"2025-11-24T15:58:19","date_gmt":"2025-11-24T12:58:19","guid":{"rendered":"https:\/\/www.enerjigazetesi.ist\/?p=201892"},"modified":"2025-11-24T15:59:07","modified_gmt":"2025-11-24T12:59:07","slug":"elektrikli-ve-elektronik-esyalarimiz-ile-atiklari-kiymetli","status":"publish","type":"post","link":"https:\/\/www.enerjigazetesi.ist\/en\/elektrikli-ve-elektronik-esyalarimiz-ile-atiklari-kiymetli\/","title":{"rendered":"(Turkish) Elektrikli ve Elektronik E\u015fyalar\u0131m\u0131z ile At\u0131klar\u0131 K\u0131ymetli"},"content":{"rendered":"<p class=\"qtranxs-available-languages-message qtranxs-available-languages-message-en\">Sorry, this entry is only available in <a href=\"https:\/\/www.enerjigazetesi.ist\/tr\/wp-json\/wp\/v2\/posts\/201892\" class=\"qtranxs-available-language-link qtranxs-available-language-link-tr\" title=\"Turkish\">Turkish<\/a>. For the sake of viewer convenience, the content is shown below in the alternative language. You may click the link to switch the active language.<\/p><p><\/p>\n<h2><strong>S\u00fcrd\u00fcr\u00fclebilir \u00dcretim ve T\u00fcketim Derne\u011fi elektrikli ve elektronik e\u015fyalar\u0131n ya\u015fam\u0131m\u0131zdaki vazge\u00e7ilemez yerinde at\u0131klar\u0131n\u0131n en iyi y\u00f6netiminin \u00f6nemine dikkat \u00e7ekerek Avrupa At\u0131k Azalt\u0131m Haftas\u0131 a\u00e7\u0131klamas\u0131nda haydi \u201c\u0130sraf\u0131 Kapatal\u0131m, Fayday\u0131 A\u00e7al\u0131m, Tamir Kafe Hareketi Ba\u015flatal\u0131m\u201d \u00e7a\u011fr\u0131s\u0131 yapt\u0131.<\/strong><\/h2>\n<p style=\"text-align: center;\"><img loading=\"lazy\" class=\"aligncenter wp-image-201895\" src=\"https:\/\/www.enerjigazetesi.ist\/wp-content\/uploads\/2025\/11\/elektrikli-ve-elektronik-esyalarimiz-ile-atiklari-kiymetli.jpg\" alt=\"\" width=\"500\" height=\"500\" srcset=\"https:\/\/www.enerjigazetesi.ist\/wp-content\/uploads\/2025\/11\/elektrikli-ve-elektronik-esyalarimiz-ile-atiklari-kiymetli.jpg 480w, https:\/\/www.enerjigazetesi.ist\/wp-content\/uploads\/2025\/11\/elektrikli-ve-elektronik-esyalarimiz-ile-atiklari-kiymetli-300x300.jpg 300w, https:\/\/www.enerjigazetesi.ist\/wp-content\/uploads\/2025\/11\/elektrikli-ve-elektronik-esyalarimiz-ile-atiklari-kiymetli-150x150.jpg 150w, https:\/\/www.enerjigazetesi.ist\/wp-content\/uploads\/2025\/11\/elektrikli-ve-elektronik-esyalarimiz-ile-atiklari-kiymetli-400x400.jpg 400w, https:\/\/www.enerjigazetesi.ist\/wp-content\/uploads\/2025\/11\/elektrikli-ve-elektronik-esyalarimiz-ile-atiklari-kiymetli-50x50.jpg 50w, https:\/\/www.enerjigazetesi.ist\/wp-content\/uploads\/2025\/11\/elektrikli-ve-elektronik-esyalarimiz-ile-atiklari-kiymetli-100x100.jpg 100w\" sizes=\"(max-width: 500px) 100vw, 500px\" \/><\/p>\n<p>Konusunun en y\u00fcksek payda\u015f kat\u0131l\u0131ml\u0131 giri\u015fim ve kampanyas\u0131 olan Avrupa At\u0131k Azalt\u0131m Haftas\u0131 bu y\u0131l 22-30 Kas\u0131m 2025 tarihlerinde <em>\u201c\u0130sraf\u0131 Kapat, Fayday\u0131 A\u00e7\u201d temas\u0131 ile At\u0131k Elektrikli Elektronik E\u015fya (E-at\u0131k) odakl\u0131 ger\u00e7ekle\u015ftiriliyor. Bu haftada \u201cAzalt-Yeniden Kullan-Geri D\u00f6n\u00fc\u015ft\u00fcr-Geri Kazan-Bertaraf Et\u201d en iyi at\u0131k y\u00f6netimi hiyerar\u015fisinin ilk basama\u011f\u0131 olan at\u0131k azalt\u0131m\u0131 \u00f6ncelikli olmak \u00fczere yayg\u0131n fark\u0131ndal\u0131k yarat\u0131lmas\u0131 hedefleniyor bilgisini veren \u0130stanbul Teknik \u00dcniversitesi \u00d6\u011fretim \u00dcyesi ve S\u00fcrd\u00fcr\u00fclebilir \u00dcretim ve T\u00fcketim Derne\u011fi (S\u00dcT-D) Ba\u015fkan\u0131 Prof. Dr. Filiz Karaosmano\u011flu ulusal servetimiz olan E-at\u0131k en iyi y\u00f6netilmezse insan ve do\u011fa sa\u011fl\u0131\u011f\u0131na zarar verebilir. Hepimizin yapabilecekleri var. Haydi \u201c\u0130sraf\u0131 kapatal\u0131m, fayday\u0131 a\u00e7al\u0131m,Tamir Kafe Hareketi ba\u015flatal\u0131m\u201d<\/em> \u00e7a\u011fr\u0131s\u0131 yapt\u0131.<\/p>\n<h2><strong>\u0130sraf\u0131 Kapatal\u0131m, Fayday\u0131 A\u00e7al\u0131m<\/strong><\/h2>\n<div id=\"attachment_201894\" style=\"width: 510px\" class=\"wp-caption aligncenter\"><img aria-describedby=\"caption-attachment-201894\" loading=\"lazy\" class=\"wp-image-201894\" src=\"https:\/\/www.enerjigazetesi.ist\/wp-content\/uploads\/2025\/11\/elektrikli-ve-elektronik-esyalarimiz-ile-atiklari-kiymetli-1.jpg\" alt=\"\" width=\"500\" height=\"281\" srcset=\"https:\/\/www.enerjigazetesi.ist\/wp-content\/uploads\/2025\/11\/elektrikli-ve-elektronik-esyalarimiz-ile-atiklari-kiymetli-1.jpg 550w, https:\/\/www.enerjigazetesi.ist\/wp-content\/uploads\/2025\/11\/elektrikli-ve-elektronik-esyalarimiz-ile-atiklari-kiymetli-1-300x169.jpg 300w, https:\/\/www.enerjigazetesi.ist\/wp-content\/uploads\/2025\/11\/elektrikli-ve-elektronik-esyalarimiz-ile-atiklari-kiymetli-1-500x281.jpg 500w, https:\/\/www.enerjigazetesi.ist\/wp-content\/uploads\/2025\/11\/elektrikli-ve-elektronik-esyalarimiz-ile-atiklari-kiymetli-1-80x45.jpg 80w\" sizes=\"(max-width: 500px) 100vw, 500px\" \/><p id=\"caption-attachment-201894\" class=\"wp-caption-text\">S\u00dcT-D Ba\u015fkan\u0131 Prof. Dr. Filiz Karaosmano\u011flu<\/p><\/div>\n<p>S\u00dcT-D Ba\u015fkan\u0131 Prof. Dr. Filiz Karaosmano\u011flu <em>\u201cG\u00fcn boyu bulundu\u011fumuz yerlerde envai \u00e7e\u015fit, k\u00fc\u00e7\u00fck b\u00fcy\u00fck \u00a0elektrikli ve elektronik e\u015fya bizimledir. E\u015fyalar\u0131m\u0131z\u0131 sat\u0131n almadan ba\u015flayarak faydal\u0131 kullan\u0131m \u00f6mr\u00fcn\u00fc tamamlad\u0131 diyene dek ge\u00e7en s\u00fcrede yapacaklar\u0131m\u0131z var.\u00dcr\u00fcn sat\u0131n al\u0131rken enerji verimli, onar\u0131labilir, uzun \u00f6m\u00fcrl\u00fc se\u00e7imler yapmal\u0131y\u0131z.Bizim i\u00e7in bozuldu ya da \u00f6mr\u00fc bitti dedi\u011fimiz bir e\u015fya, \u00f6rne\u011fin bir ak\u0131ll\u0131 telefon onar\u0131ma, yeniden kullan\u0131ma mutlaka girmelidir. Yeniden kullan\u0131m\/onar\u0131m k\u00fclt\u00fcr\u00fc s\u00fcrd\u00fcr\u00fclebilir ya\u015fam\u0131n gere\u011fidir.B\u00f6ylece E-at\u0131k azalt\u0131m\u0131 yapar\u0131z. Ard\u0131ndan E-at\u0131k i\u015flenmek \u00fczere yerli ham madde olarak d\u00f6ng\u00fcsel ekonomide de\u011fer yaratmaya mevzuata uygun girmelidir. E-at\u0131k yap\u0131s\u0131nda insan ve do\u011fa sa\u011fl\u0131\u011f\u0131 i\u00e7in zararl\u0131 tehlikeli ve karma\u015f\u0131k bile\u015fenler i\u00e7erebilirken yap\u0131da geri d\u00f6n\u00fc\u015ft\u00fcr\u00fclebilir\/kazan\u0131labilir kritik ham maddeler ile nadir toprak elementleri bulunabilir.Bu nedenlerle E-at\u0131k i\u00e7in \u0130sraf\u0131 Kapatal\u0131m, Fayday\u0131 A\u00e7al\u0131m.Hem ekolojik hem de ekonomik kazanc\u0131m\u0131z olsun.Eyleme ge\u00e7meliyiz. Ayn\u0131 e\u015fyalar\u0131m\u0131z i\u00e7in elektrik a\u00e7\/kapa anahtar\u0131 kullan\u0131m\u0131 gibi. Kolay.Ba\u015farabiliriz.Ba\u015flamak gerek\u201d<\/em> vurgusu yapt\u0131.<\/p>\n<h2><strong>Tamir Kafe Hareketi Ba\u015flas\u0131n<\/strong><\/h2>\n<p>Dr. Karaosmano\u011flu <em>\u201cTamirciler giderek kayboluyor. K\u00fcresel Tamir Kafe Hareketi ile gen\u00e7lere e\u015fyalar\u0131na yeni bir g\u00f6zle bakma, tamir etme becerisi kazand\u0131r\u0131l\u0131yor. Hem ihtiya\u00e7 olan alet ve malzemelerin bulundu\u011fu kafelerde hem de okullardaki derslerde uzman g\u00f6n\u00fcll\u00fclerle e\u015fyalar\u0131n \u00f6mr\u00fc uzat\u0131l\u0131rken s\u00fcrd\u00fcr\u00fclebilir ya\u015fam k\u00fclt\u00fcr\u00fc kazand\u0131r\u0131l\u0131yor.Tamir Kafe\u2019de farkl\u0131 e\u015fya tipleri bir arada onar\u0131labilece\u011fi gibi elektrikli elektronik e\u015fya odakl\u0131 da kurulabilir.Halen Tamir Kafe Hareketi ile 3791 kafede 56865 g\u00f6n\u00fcll\u00fc ile ayda 68238 e\u015fya tamir edilmekte.<strong>\u00a0<\/strong>Marmara Belediyeler Birli\u011fi\u2019nin T\u00fcrkiye Koordinat\u00f6r\u00fc<strong>\u00a0<\/strong>oldu\u011fu<strong>\u00a0<\/strong>Avrupa At\u0131k Azalt\u0131m Haftas\u0131 s\u00fcrerken H\u0131rvatistan ve Portekiz\u2019de yenileri a\u00e7\u0131l\u0131yor. T\u00fcrkiye\u2019den kay\u0131tl\u0131 bir kat\u0131l\u0131m yok\u201d bilgisini vererek \u00fclkemizde de yeniden kullan\u0131m\/onar\u0131m yerel k\u00fclt\u00fcr\u00fcn\u00fcn yarat\u0131lmas\u0131 i\u00e7in muhtarlar\u0131m\u0131z, belediye ba\u015fkanlar\u0131m\u0131z, elektrikli elektronik e\u015fya \u00fcreticilerimiz, sekt\u00f6rel dernekler \u00f6nc\u00fcl\u00fck yapabilir vurgusu yaparak Tamir Kafe Hareketi ba\u015flatal\u0131m\u201d<\/em> dedi.<\/p>\n<p><strong>S\u00fcrd\u00fcr\u00fclebilir \u00dcretim ve T\u00fcketim Derne\u011fi(S\u00dcT-D):\u00a0<\/strong>S\u00dcT-D, s\u00fcrd\u00fcr\u00fclebilir \u00fcretim ve t\u00fcketim konusunda toplumda g\u00fc\u00e7l\u00fc etki yaratmak i\u00e7in faaliyetler yaparak, en iyi enerji, su, at\u0131k y\u00f6netimi ile kaynak verimli, mevcut en iyi teknolojilerin kullan\u0131lmas\u0131; \u00e7evre kirlili\u011fi,iklim de\u011fi\u015fikli\u011fi ve biyo\u00e7e\u015fitlilik kayb\u0131 ile m\u00fccadele edilmesi; \u00a0insan ve do\u011fa dostu s\u00fcrd\u00fcr\u00fclebilir ya\u015fam k\u00fclt\u00fcr\u00fc ile s\u00fcrd\u00fcr\u00fclebilir kalk\u0131nma fark\u0131ndal\u0131\u011f\u0131n\u0131n art\u0131r\u0131lmas\u0131 i\u00e7in \u00e7al\u0131\u015farak bilgi ve kapasite olu\u015fturmak hedefi ile 2013 y\u0131l\u0131nda kamu, i\u015f ve akademi temsilcilerince kuruldu. S\u00dcT-D etkinliklerinde akademi, e\u011fitim kurumlar\u0131,i\u015f d\u00fcnyas\u0131, medya, resmi erk, sivil toplum \u00f6rg\u00fctleri ve yerel y\u00f6netimler ile yak\u0131n i\u015f birli\u011finde olma, \u201cS\u00fcrd\u00fcr\u00fclebilirlik Y\u00f6netimi\u201d sosyal ve teknik y\u00f6nleriyle u\u011fra\u015f vermeyi \u00f6ncelikli g\u00f6rmekte, bug\u00fcn ve yar\u0131nda insano\u011flunun refah ve konforu i\u00e7in sivil toplum ye\u015fil ve mavi g\u00fcc\u00fcn\u00fc sunmaktad\u0131r.<\/p>","protected":false},"excerpt":{"rendered":"<p>Sorry, this entry is only available in Turkish. For the sake of viewer convenience, the content is shown below in the alternative language. You may click the link to switch the active language. S\u00fcrd\u00fcr\u00fclebilir \u00dcretim ve T\u00fcketim Derne\u011fi elektrikli ve elektronik e\u015fyalar\u0131n ya\u015fam\u0131m\u0131zdaki vazge\u00e7ilemez yerinde at\u0131klar\u0131n\u0131n en iyi y\u00f6netiminin \u00f6nemine dikkat \u00e7ekerek Avrupa At\u0131k Azalt\u0131m [&hellip;]<\/p>\n","protected":false},"author":1,"featured_media":201895,"comment_status":"open","ping_status":"open","sticky":false,"template":"","format":"standard","meta":[],"categories":[53],"tags":[117594,106327,72492,117593,18346,68741],"views":15,"_links":{"self":[{"href":"https:\/\/www.enerjigazetesi.ist\/en\/wp-json\/wp\/v2\/posts\/201892"}],"collection":[{"href":"https:\/\/www.enerjigazetesi.ist\/en\/wp-json\/wp\/v2\/posts"}],"about":[{"href":"https:\/\/www.enerjigazetesi.ist\/en\/wp-json\/wp\/v2\/types\/post"}],"author":[{"embeddable":true,"href":"https:\/\/www.enerjigazetesi.ist\/en\/wp-json\/wp\/v2\/users\/1"}],"replies":[{"embeddable":true,"href":"https:\/\/www.enerjigazetesi.ist\/en\/wp-json\/wp\/v2\/comments?post=201892"}],"version-history":[{"count":0,"href":"https:\/\/www.enerjigazetesi.ist\/en\/wp-json\/wp\/v2\/posts\/201892\/revisions"}],"wp:featuredmedia":[{"embeddable":true,"href":"https:\/\/www.enerjigazetesi.ist\/en\/wp-json\/wp\/v2\/media\/201895"}],"wp:attachment":[{"href":"https:\/\/www.enerjigazetesi.ist\/en\/wp-json\/wp\/v2\/media?parent=201892"}],"wp:term":[{"taxonomy":"category","embeddable":true,"href":"https:\/\/www.enerjigazetesi.ist\/en\/wp-json\/wp\/v2\/categories?post=201892"},{"taxonomy":"post_tag","embeddable":true,"href":"https:\/\/www.enerjigazetesi.ist\/en\/wp-json\/wp\/v2\/tags?post=201892"}],"curies":[{"name":"wp","href":"https:\/\/api.w.org\/{rel}","templated":true}]}}