{"id":201842,"date":"2025-11-14T19:03:06","date_gmt":"2025-11-14T16:03:06","guid":{"rendered":"https:\/\/www.enerjigazetesi.ist\/?p=201842"},"modified":"2025-11-14T19:03:06","modified_gmt":"2025-11-14T16:03:06","slug":"turkiyede-en-onemli-gorev-enerji-uzmanlarina-dusuyor","status":"publish","type":"post","link":"https:\/\/www.enerjigazetesi.ist\/en\/turkiyede-en-onemli-gorev-enerji-uzmanlarina-dusuyor\/","title":{"rendered":"(Turkish) T\u00fcrkiye&#8217;de En \u00d6nemli G\u00f6rev Enerji Uzmanlar\u0131na D\u00fc\u015f\u00fcyor"},"content":{"rendered":"<p class=\"qtranxs-available-languages-message qtranxs-available-languages-message-en\">Sorry, this entry is only available in <a href=\"https:\/\/www.enerjigazetesi.ist\/tr\/wp-json\/wp\/v2\/posts\/201842\" class=\"qtranxs-available-language-link qtranxs-available-language-link-tr\" title=\"Turkish\">Turkish<\/a>. For the sake of viewer convenience, the content is shown below in the alternative language. You may click the link to switch the active language.<\/p><p><\/p>\n<h2><strong>Enerji ve Tabii Kaynaklar Bakan\u0131 Alparslan Bayraktar, enerji sekt\u00f6r\u00fcnde en \u00f6nemli payda\u015flardan birinin enerji uzmanlar\u0131 oldu\u011funu belirterek \u201c\u2018Enerjide ba\u011f\u0131ms\u0131z bir T\u00fcrkiye\u2019 hedefiyle y\u00fcr\u00fcd\u00fc\u011f\u00fcm\u00fcz yolda en \u00f6nemli g\u00f6rev onlara d\u00fc\u015f\u00fcyor.\u201d dedi.<\/strong><\/h2>\n<p><img loading=\"lazy\" class=\"aligncenter wp-image-201843 size-full\" src=\"https:\/\/www.enerjigazetesi.ist\/wp-content\/uploads\/2025\/11\/ep3.jpg\" alt=\"\" width=\"550\" height=\"343\" srcset=\"https:\/\/www.enerjigazetesi.ist\/wp-content\/uploads\/2025\/11\/ep3.jpg 550w, https:\/\/www.enerjigazetesi.ist\/wp-content\/uploads\/2025\/11\/ep3-300x187.jpg 300w, https:\/\/www.enerjigazetesi.ist\/wp-content\/uploads\/2025\/11\/ep3-500x312.jpg 500w, https:\/\/www.enerjigazetesi.ist\/wp-content\/uploads\/2025\/11\/ep3-80x50.jpg 80w\" sizes=\"(max-width: 550px) 100vw, 550px\" \/><\/p>\n<p><strong>Bakan Bayraktar<\/strong>, Enerji Uzmanlar\u0131 Derne\u011fi b\u00fcnyesinde kurulmu\u015f ve faaliyetlerini Enerji Piyasas\u0131 D\u00fczenleme Kurumu (EPDK) \u00e7at\u0131s\u0131 alt\u0131nda s\u00fcrd\u00fcren d\u00fc\u015f\u00fcnce, payla\u015f\u0131m ve geli\u015fim platformu EPIX\u2019in (Enerji, Payla\u015f\u0131m, \u0130lham ve X) \u2018Enerji, Vizyon ve Bir Portre\u2019 temal\u0131 s\u00f6yle\u015fisinde enerji uzmanlar\u0131 ile bir araya geldi.<\/p>\n<h3><strong>Yo\u011fun Kat\u0131l\u0131m<\/strong><\/h3>\n<p><strong>EPDK Ba\u015fkan\u0131 Mustafa Y\u0131lmaz<\/strong>\u2019\u0131n da i\u015ftirak etti\u011fi programa, EPDK ba\u015fta olmak \u00fczere enerji sekt\u00f6r\u00fcnde \u00e7al\u0131\u015fan yakla\u015f\u0131k 700 gen\u00e7 enerji uzman\u0131 kat\u0131ld\u0131.<\/p>\n<h3><strong>Kesintisiz Enerji<\/strong><\/h3>\n<p>Bakan Bayraktar, 7\/24 T\u00fcrkiye\u2019deki 86 milyona kesintisiz elektrik ve do\u011fal gaz g\u00f6t\u00fcrebilmek, 32 milyon araca yak\u0131t sa\u011flamak i\u00e7in \u00e7al\u0131\u015ft\u0131klar\u0131n\u0131 ifade etti. T\u00fcrkiye\u2019nin enerji faturas\u0131n\u0131 d\u00fc\u015f\u00fcrmesi, katma de\u011ferli \u00fcr\u00fcn \u00fcretmesi ve karbon n\u00f6tr bir ekonomi olmas\u0131 gerekti\u011fine i\u015faret eden Bayraktar, t\u00fcm politikalar\u0131 bu hedeflere y\u00f6nelik olarak geli\u015ftirdiklerini anlatt\u0131.<\/p>\n<h3><strong>Enerjide T\u00fcrk Yolu<\/strong><\/h3>\n<p>Enerjide bir \u2018T\u00fcrk Yolu\u2019 geli\u015ftirdiklerini ifade eden Bayraktar, <em>\u201cBu modelin i\u00e7erisinde yenilenebilir enerji var. Yenilenebilir enerji kaynaklar\u0131n\u0131 maksimum d\u00fczeyde ekonomimize katmam\u0131z laz\u0131m. Enerjisini verimli kullanan bir T\u00fcrkiye var. Enerjimizi verimli kullanmam\u0131z laz\u0131m. Petrol ve do\u011fal gaz\u0131n\u0131 arayan, bulan, \u00fcreten bir T\u00fcrkiye var. Bunu hem T\u00fcrkiye&#8217;de, hem de yurt d\u0131\u015f\u0131nda yapan bir T\u00fcrkiye var. N\u00fckleeri mutlaka enerjine katm\u0131\u015f bir T\u00fcrkiye olmam\u0131z gerekiyor. Madenlerini de katma de\u011ferli bir \u015fekilde ekonomisine katan bir T\u00fcrkiye var; Vizyonumuz budur.\u201d<\/em> dedi. Bayraktar, T\u00fcrkiye\u2019nin dengeli, \u00e7ok katmanl\u0131 ve \u00e7ok boyutlu bir enerji politikas\u0131 y\u00fcr\u00fctt\u00fc\u011f\u00fcn\u00fc ifade etti.<\/p>\n<h3><strong>Gabar\u2019dan 80 Bin Varil \u00dcretim\u00a0<\/strong><\/h3>\n<p>2016\u2019da bir strateji de\u011fi\u015fikli\u011fine gittiklerini belirten Bayraktar, bu strateji de\u011fi\u015fikli\u011fi ile T\u00fcrkiye\u2019nin denizlerde kendi gemileri ve kendi m\u00fchendisleriyle petrol ve do\u011fal gaz aramaya ba\u015flad\u0131\u011f\u0131na, Gabar\u2019da petrol ke\u015ffetti\u011fine vurgu yapt\u0131. Bayraktar, <em>\u201cT\u00fcrkiye Petrolleri, 2016\u2019da g\u00fcnde 30-36 bin varil petrol \u00fcretirken sadece Gabar&#8217;dan bug\u00fcn 80 bin varil petrol \u00fcretilir hale geldik. Yani, 2,5 kat\u0131na \u00e7\u0131kard\u0131k\u201d<\/em> dedi.<\/p>\n<h3><strong>Gabar\u2019\u0131n \u00dczerine \u00c7\u0131kabilecek Potansiyel<\/strong><\/h3>\n<p>Kaya gaz\u0131 ve kaya petrol\u00fcyle ilgili \u00e7al\u0131\u015fmalar y\u00fcr\u00fctt\u00fcklerini de aktaran Bakan Bayraktar,<em> \u201cDiyarbak\u0131r\u2019da ve Trakya&#8217;da potansiyeline inand\u0131\u011f\u0131m\u0131z, piyasada \u2018kaya gaz\u0131, kaya petrol\u00fc\u2019 diye bilinen ve Amerika&#8217;y\u0131 d\u00fcnyan\u0131n bir numaral\u0131 petrol ve do\u011fal gaz \u00fcreticisi yapan alanda \u015fimdi yeni bir \u00e7al\u0131\u015fmam\u0131z var. Onu hayata ge\u00e7iriyoruz. Bu, yeni bir alan ve buradan \u00e7ok \u00fcmitli oldu\u011fumuzu s\u00f6yleyebilirim. Bu Gabar&#8217;\u0131n da \u00fczerine \u00e7\u0131kabilecek potansiyele sahip bir alan.<\/em>\u201d diye konu\u015ftu.<\/p>\n<h3><strong>Enerjide Merkez \u00dclke<\/strong><\/h3>\n<p>T\u00fcrkiye\u2019nin enerjide merkez \u00fclke olma hedefi bulundu\u011funa vurgu yapan Bayraktar, <em>\u201cNeden merkez \u00fclke olmayal\u0131m; buna co\u011frafyam\u0131z, enerji altyap\u0131m\u0131z, hukuki altyap\u0131m\u0131z, reg\u00fclasyon altyap\u0131m\u0131z, pazar\u0131m\u0131z m\u00fcsait.\u201d<\/em> a\u00e7\u0131klamas\u0131n\u0131 yapt\u0131. Gaz\u0131 gaz ile rekabet ettirebilecek bir altyap\u0131ya sahip olduklar\u0131n\u0131 ifade eden Bayraktar,<em> \u201cZaten bu altyap\u0131 bizi otomatik olarak enerjide merkez \u00fclke haline getiriyor. Bug\u00fcne kadar oldu\u011fu gibi, transitin \u00f6tesinde g\u00fcvenilir bir tedarik\u00e7i olma noktas\u0131nda da ad\u0131mlar at\u0131yoruz. Bu altyap\u0131ya sahibiz, bu insan kayna\u011f\u0131na sahibiz. Geli\u015fmi\u015f piyasam\u0131zla biz merkez \u00fclke olmay\u0131 hedefliyoruz. Elektrikte ayn\u0131 \u015feyi s\u00f6yleyebilirim. Elektrikte de T\u00fcrkiye, kom\u015fular\u0131yla enterkoneksiyonu artt\u0131rm\u0131\u015f, kendi \u00fcretim kapasitesi artm\u0131\u015f bir \u00fclke.\u201d<\/em> dedi.<\/p>\n<h3><strong>B\u00fcy\u00fck Resmi G\u00f6rmelisiniz<\/strong><\/h3>\n<p>Enerji sekt\u00f6r\u00fcnde en \u00f6nemli payda\u015flardan birinin enerji uzmanlar\u0131 oldu\u011funu belirten Bayraktar,<em> \u201c\u00c7\u00fcnk\u00fc i\u015fin hem strateji taraf\u0131nda hem bunlar\u0131 hayata ge\u00e7irme noktas\u0131nda, i\u015fin tasar\u0131m\u0131ndan projelerin hayata ge\u00e7mesine, onlar\u0131n denetimine bir\u00e7ok alanda \u00e7ok \u00f6nemli rolleri var. \u2018Enerjide ba\u011f\u0131ms\u0131z bir T\u00fcrkiye\u2019 hedefiyle y\u00fcr\u00fcd\u00fc\u011f\u00fcm\u00fcz yolda en \u00f6nemli g\u00f6rev onlara d\u00fc\u015f\u00fcyor.\u201d<\/em> dedi. Enerji uzmanlar\u0131n\u0131n verileri g\u00f6ren ve d\u00fcnyadaki geli\u015fmelere g\u00f6re politika \u00f6nerisi getirecek ki\u015filer oldu\u011funu aktaran Bayraktar, \u015fu mesajlar\u0131 verdi: \u201c<em>Onlar\u0131n b\u00fcy\u00fck resmi g\u00f6rmeleri benim i\u00e7in en de\u011ferli k\u0131s\u0131mlardan bir tanesi. D\u00fcnyan\u0131n nereye gitti\u011fini okumalar\u0131 laz\u0131m. Bu kadar \u00f6nemli yetkinli\u011fi olan bir ekiple bizim daha iyi i\u015fler \u00e7\u0131karmam\u0131z laz\u0131m, daha \u00e7ok \u00e7al\u0131\u015fmam\u0131z laz\u0131m.\u201d<\/em> dedi.<\/p>\n<p>Kaynak:\u00a0<a href=\"https:\/\/enerji.gov.tr\/haber-detay?id=31636\">ETKB<\/a><\/p>\n<p>Yay\u0131na Alan: Alperen ERTA\u015e-<a href=\"http:\/\/alperen.ertas@enerjigazetesi.ist\">alperen.ertas@enerjigazetesi.ist<\/a><\/p>","protected":false},"excerpt":{"rendered":"<p>Sorry, this entry is only available in Turkish. For the sake of viewer convenience, the content is shown below in the alternative language. You may click the link to switch the active language. Enerji ve Tabii Kaynaklar Bakan\u0131 Alparslan Bayraktar, enerji sekt\u00f6r\u00fcnde en \u00f6nemli payda\u015flardan birinin enerji uzmanlar\u0131 oldu\u011funu belirterek \u201c\u2018Enerjide ba\u011f\u0131ms\u0131z bir T\u00fcrkiye\u2019 hedefiyle [&hellip;]<\/p>\n","protected":false},"author":19,"featured_media":201843,"comment_status":"open","ping_status":"open","sticky":false,"template":"","format":"standard","meta":[],"categories":[46,51,53],"tags":[14004,226,61,1009,1635],"views":13,"_links":{"self":[{"href":"https:\/\/www.enerjigazetesi.ist\/en\/wp-json\/wp\/v2\/posts\/201842"}],"collection":[{"href":"https:\/\/www.enerjigazetesi.ist\/en\/wp-json\/wp\/v2\/posts"}],"about":[{"href":"https:\/\/www.enerjigazetesi.ist\/en\/wp-json\/wp\/v2\/types\/post"}],"author":[{"embeddable":true,"href":"https:\/\/www.enerjigazetesi.ist\/en\/wp-json\/wp\/v2\/users\/19"}],"replies":[{"embeddable":true,"href":"https:\/\/www.enerjigazetesi.ist\/en\/wp-json\/wp\/v2\/comments?post=201842"}],"version-history":[{"count":0,"href":"https:\/\/www.enerjigazetesi.ist\/en\/wp-json\/wp\/v2\/posts\/201842\/revisions"}],"wp:featuredmedia":[{"embeddable":true,"href":"https:\/\/www.enerjigazetesi.ist\/en\/wp-json\/wp\/v2\/media\/201843"}],"wp:attachment":[{"href":"https:\/\/www.enerjigazetesi.ist\/en\/wp-json\/wp\/v2\/media?parent=201842"}],"wp:term":[{"taxonomy":"category","embeddable":true,"href":"https:\/\/www.enerjigazetesi.ist\/en\/wp-json\/wp\/v2\/categories?post=201842"},{"taxonomy":"post_tag","embeddable":true,"href":"https:\/\/www.enerjigazetesi.ist\/en\/wp-json\/wp\/v2\/tags?post=201842"}],"curies":[{"name":"wp","href":"https:\/\/api.w.org\/{rel}","templated":true}]}}