{"id":201780,"date":"2025-11-12T17:54:29","date_gmt":"2025-11-12T14:54:29","guid":{"rendered":"https:\/\/www.enerjigazetesi.ist\/?p=201780"},"modified":"2025-11-12T17:54:29","modified_gmt":"2025-11-12T14:54:29","slug":"enerji-depolama-sistemleri-dernegi-munihte-turkiyeyi-temsil-etti","status":"publish","type":"post","link":"https:\/\/www.enerjigazetesi.ist\/en\/enerji-depolama-sistemleri-dernegi-munihte-turkiyeyi-temsil-etti\/","title":{"rendered":"(Turkish) &#8217;Enerji Depolama Sistemleri Derne\u011fi&#8217; M\u00fcnih&#8217;te T\u00fcrkiye\u2019yi Temsil Etti"},"content":{"rendered":"<p class=\"qtranxs-available-languages-message qtranxs-available-languages-message-en\">Sorry, this entry is only available in <a href=\"https:\/\/www.enerjigazetesi.ist\/tr\/wp-json\/wp\/v2\/posts\/201780\" class=\"qtranxs-available-language-link qtranxs-available-language-link-tr\" title=\"Turkish\">Turkish<\/a>. For the sake of viewer convenience, the content is shown below in the alternative language. You may click the link to switch the active language.<\/p><p><\/p>\n<h2><strong>Enerji depolama sekt\u00f6r\u00fcn\u00fcn k\u00fcresel yol haritas\u0131n\u0131 \u015fekillendiren Energy Storage Systems Summit Europe 2025, bu y\u0131l M\u00fcnih\u2019te ger\u00e7ekle\u015ftirildi. Avrupa\u2019n\u0131n \u00f6nde gelen teknoloji sa\u011flay\u0131c\u0131lar\u0131, yat\u0131r\u0131m gruplar\u0131 ve politika yap\u0131c\u0131lar\u0131n\u0131 bir araya getiren zirvede, enerji depolama teknolojilerinin Avrupa enerji d\u00f6n\u00fc\u015f\u00fcm\u00fcndeki rol\u00fc kapsaml\u0131 \u015fekilde masaya yat\u0131r\u0131ld\u0131.<\/strong><\/h2>\n<p><img loading=\"lazy\" class=\"aligncenter wp-image-201781 size-full\" src=\"https:\/\/www.enerjigazetesi.ist\/wp-content\/uploads\/2025\/11\/1762775967_EDSIS_GORSEL_BB.jpg\" alt=\"\" width=\"550\" height=\"412\" srcset=\"https:\/\/www.enerjigazetesi.ist\/wp-content\/uploads\/2025\/11\/1762775967_EDSIS_GORSEL_BB.jpg 550w, https:\/\/www.enerjigazetesi.ist\/wp-content\/uploads\/2025\/11\/1762775967_EDSIS_GORSEL_BB-300x225.jpg 300w, https:\/\/www.enerjigazetesi.ist\/wp-content\/uploads\/2025\/11\/1762775967_EDSIS_GORSEL_BB-500x375.jpg 500w, https:\/\/www.enerjigazetesi.ist\/wp-content\/uploads\/2025\/11\/1762775967_EDSIS_GORSEL_BB-67x50.jpg 67w\" sizes=\"(max-width: 550px) 100vw, 550px\" \/><\/p>\n<p>Enerji d\u00f6n\u00fc\u015f\u00fcm\u00fcn\u00fcn merkezinde yer alan depolama teknolojileri art\u0131k yaln\u0131zca kapasite olu\u015fturan sistemler olarak de\u011fil, esneklik, dengeleme ve s\u00fcrd\u00fcr\u00fclebilirlik stratejilerinin temel bile\u015feni olarak konumlan\u0131yor. Bu kapsamda s\u00fcrd\u00fcr\u00fclebilir bir gelecek i\u00e7in kritik \u00f6nem ta\u015f\u0131yan enerji depolama sistemleri, M\u00fcnih\u2019te ger\u00e7ekle\u015ftirilen zirvede teknoloji, yat\u0131r\u0131m e\u011filimleri ve politika vizyonlar\u0131 \u00e7er\u00e7evesinde kapsaml\u0131 bi\u00e7imde de\u011ferlendirildi.<\/p>\n<h3><strong>AVRUPA ENERJ\u0130 D\u00d6N\u00dc\u015e\u00dcM STRATEJ\u0130LER\u0130 \u201cUZUN S\u00dcREL\u0130 DEPOLAMA\u201d \u00dcZER\u0130NE KURULUYOR<\/strong><\/h3>\n<p>Zirveden elde edilen bulgularla ilgili de\u011ferlendirmelerde bulunan<strong> EDS\u0130S Y\u00f6netim Kurulu Ba\u015fkan\u0131 C. Can Tuta\u015f\u0131<\/strong>, \u201c<em>Bu y\u0131l M\u00fcnih\u2019te \u00e7ok net bir tablo vard\u0131; enerji depolama, Avrupa\u2019n\u0131n enerji d\u00f6n\u00fc\u015f\u00fcm stratejisinin merkezine yerle\u015fmi\u015f durumda. \u00dclkeler, enerji sistemini yaln\u0131zca saatlik de\u011fil; g\u00fcnler ve haftalar d\u00fczeyinde dengeleyebilen \u00e7\u00f6z\u00fcmler i\u00e7in yat\u0131r\u0131mlar\u0131n\u0131 art\u0131r\u0131yor. Zirvede, depolama teknolojilerinin enerji g\u00fcvenli\u011fi ve s\u00fcrd\u00fcr\u00fclebilirlik hedeflerindeki kritik rol\u00fc farkl\u0131 oturumlarda kapsaml\u0131 \u015fekilde ele al\u0131nd\u0131. Ayr\u0131ca enerji y\u00f6netiminde dijitalle\u015fme ve yapay zek\u00e2 uygulamalar\u0131n\u0131n giderek daha fazla \u00f6nem kazand\u0131\u011f\u0131 y\u00f6n\u00fcnde ortak bir g\u00f6r\u00fc\u015f h\u00e2kimdi\u201d<\/em> dedi.<\/p>\n<h3><strong>T\u00dcRK\u0130YE \u0130\u00c7\u0130N STRATEJ\u0130K B\u0130R D\u00d6N\u00dc\u015e\u00dcM E\u015e\u0130\u011e\u0130<\/strong><\/h3>\n<p>T\u00fcrkiye a\u00e7\u0131s\u0131ndan ortaya \u00e7\u0131kan tabloyu de\u011ferlendiren Tuta\u015f\u0131, \u201c<em>Enerji depolama art\u0131k yaln\u0131zca bir teknoloji de\u011fil; enerji sistemlerinin kaderini belirleyen stratejik bir kapasite. Depolamaya yat\u0131r\u0131m yapan \u00fclkeler d\u00f6n\u00fc\u015f\u00fcm\u00fc y\u00f6netecek, yapmayanlar geride kalacak. T\u00fcrkiye, do\u011fru ad\u0131mlar ve g\u00fc\u00e7l\u00fc bir sanayi yap\u0131lanmas\u0131yla bu d\u00f6n\u00fc\u015f\u00fcm\u00fcn yaln\u0131zca takip\u00e7isi de\u011fil, b\u00f6lgesel lideri olabilir. EDS\u0130S olarak hedefimiz T\u00fcrkiye\u2019nin depolama teknolojilerini sadece kullanan de\u011fil; geli\u015ftiren, \u00fcreten, ihra\u00e7 eden ve b\u00f6lgesine y\u00f6n veren bir g\u00fc\u00e7 haline gelmesine katk\u0131 sa\u011flamak. M\u00fcnih\u2019te elde etti\u011fimiz bilgi ve i\u015f birlikleri, \u00f6n\u00fcm\u00fczdeki on y\u0131l\u0131n yol haritas\u0131 a\u00e7\u0131s\u0131ndan b\u00fcy\u00fck \u00f6nem ta\u015f\u0131yor\u201d<\/em> ifadelerini kulland\u0131.<\/p>\n<p>Yay\u0131na Alan: Alperen ERTA\u015e-<a href=\"http:\/\/alperen.ertas@enerjigazetesi.ist\">alperen.ertas@enerjigazetesi.ist<\/a><\/p>","protected":false},"excerpt":{"rendered":"<p>Sorry, this entry is only available in Turkish. For the sake of viewer convenience, the content is shown below in the alternative language. You may click the link to switch the active language. Enerji depolama sekt\u00f6r\u00fcn\u00fcn k\u00fcresel yol haritas\u0131n\u0131 \u015fekillendiren Energy Storage Systems Summit Europe 2025, bu y\u0131l M\u00fcnih\u2019te ger\u00e7ekle\u015ftirildi. Avrupa\u2019n\u0131n \u00f6nde gelen teknoloji sa\u011flay\u0131c\u0131lar\u0131, [&hellip;]<\/p>\n","protected":false},"author":19,"featured_media":201781,"comment_status":"open","ping_status":"open","sticky":false,"template":"","format":"standard","meta":[],"categories":[51,53],"tags":[117571,61,100896,67,6942],"views":16,"_links":{"self":[{"href":"https:\/\/www.enerjigazetesi.ist\/en\/wp-json\/wp\/v2\/posts\/201780"}],"collection":[{"href":"https:\/\/www.enerjigazetesi.ist\/en\/wp-json\/wp\/v2\/posts"}],"about":[{"href":"https:\/\/www.enerjigazetesi.ist\/en\/wp-json\/wp\/v2\/types\/post"}],"author":[{"embeddable":true,"href":"https:\/\/www.enerjigazetesi.ist\/en\/wp-json\/wp\/v2\/users\/19"}],"replies":[{"embeddable":true,"href":"https:\/\/www.enerjigazetesi.ist\/en\/wp-json\/wp\/v2\/comments?post=201780"}],"version-history":[{"count":0,"href":"https:\/\/www.enerjigazetesi.ist\/en\/wp-json\/wp\/v2\/posts\/201780\/revisions"}],"wp:featuredmedia":[{"embeddable":true,"href":"https:\/\/www.enerjigazetesi.ist\/en\/wp-json\/wp\/v2\/media\/201781"}],"wp:attachment":[{"href":"https:\/\/www.enerjigazetesi.ist\/en\/wp-json\/wp\/v2\/media?parent=201780"}],"wp:term":[{"taxonomy":"category","embeddable":true,"href":"https:\/\/www.enerjigazetesi.ist\/en\/wp-json\/wp\/v2\/categories?post=201780"},{"taxonomy":"post_tag","embeddable":true,"href":"https:\/\/www.enerjigazetesi.ist\/en\/wp-json\/wp\/v2\/tags?post=201780"}],"curies":[{"name":"wp","href":"https:\/\/api.w.org\/{rel}","templated":true}]}}