{"id":201740,"date":"2025-11-12T16:15:38","date_gmt":"2025-11-12T13:15:38","guid":{"rendered":"https:\/\/www.enerjigazetesi.ist\/?p=201740"},"modified":"2025-11-12T16:16:05","modified_gmt":"2025-11-12T13:16:05","slug":"malatyaya-95-milyon-dolarlik-gunes-enerjisi-yatirimi","status":"publish","type":"post","link":"https:\/\/www.enerjigazetesi.ist\/en\/malatyaya-95-milyon-dolarlik-gunes-enerjisi-yatirimi\/","title":{"rendered":"(Turkish) Malatya&#8217;ya 9,5 Milyon Dolarl\u0131k G\u00fcne\u015f Enerjisi Yat\u0131r\u0131m\u0131"},"content":{"rendered":"<p class=\"qtranxs-available-languages-message qtranxs-available-languages-message-en\">Sorry, this entry is only available in <a href=\"https:\/\/www.enerjigazetesi.ist\/tr\/wp-json\/wp\/v2\/posts\/201740\" class=\"qtranxs-available-language-link qtranxs-available-language-link-tr\" title=\"Turkish\">Turkish<\/a>. For the sake of viewer convenience, the content is shown below in the alternative language. You may click the link to switch the active language.<\/p><p><\/p>\n<h2><strong>T\u00fcrkiye\u2019nin ba\u011flant\u0131 elemanlar\u0131 sekt\u00f6r\u00fcndeki \u00f6nde gelen \u00fcreticilerinden \u00c7etin C\u0131vata, s\u00fcrd\u00fcr\u00fclebilir \u00fcretim hedefi do\u011frultusunda Malatya Do\u011fan\u015fehir\u2019de 9,5 milyon dolarl\u0131k yat\u0131r\u0131mla dev bir g\u00fcne\u015f enerjisi santrali (GES) kurdu. 140 d\u00f6n\u00fcm arazi \u00fczerine in\u015fa edilen tesis, yakla\u015f\u0131k 12,5 megavatl\u0131k kurulu g\u00fcc\u00fcyle \u015firketin \u0130stanbul ve Malatya&#8217;daki tesislerinin toplam enerji ihtiyac\u0131n\u0131n y\u00fczde 50\u2019sinden fazlas\u0131n\u0131 kar\u015f\u0131layacak.<\/strong><\/h2>\n<p><img loading=\"lazy\" class=\"aligncenter wp-image-201741 size-full\" src=\"https:\/\/www.enerjigazetesi.ist\/wp-content\/uploads\/2025\/11\/Cetin-Civata_GES-2.jpg\" alt=\"\" width=\"550\" height=\"314\" srcset=\"https:\/\/www.enerjigazetesi.ist\/wp-content\/uploads\/2025\/11\/Cetin-Civata_GES-2.jpg 550w, https:\/\/www.enerjigazetesi.ist\/wp-content\/uploads\/2025\/11\/Cetin-Civata_GES-2-300x171.jpg 300w, https:\/\/www.enerjigazetesi.ist\/wp-content\/uploads\/2025\/11\/Cetin-Civata_GES-2-500x285.jpg 500w, https:\/\/www.enerjigazetesi.ist\/wp-content\/uploads\/2025\/11\/Cetin-Civata_GES-2-80x46.jpg 80w\" sizes=\"(max-width: 550px) 100vw, 550px\" \/><\/p>\n<p>\u00d6n\u00fcm\u00fczdeki d\u00f6nemde yeni g\u00fcne\u015f tarlalar\u0131 kurmak istediklerini de dile getiren <strong>\u00c7etin C\u0131vata Y\u00f6netim Kurulu Ba\u015fkan\u0131 Mustafa Tecdelio\u011flu,<\/strong><em> \u201cE\u011fer uygun arazi bulabilirsek 50 d\u00f6n\u00fcml\u00fck bir yat\u0131r\u0131m daha yapmay\u0131 planl\u0131yoruz. Hedefimiz, orta vadede enerji ihtiyac\u0131m\u0131z\u0131n tamam\u0131na yak\u0131n\u0131n\u0131 yenilenebilir kaynaklardan kar\u015f\u0131lamak.\u201d dedi. <\/em>Tecde Grup olarak Malatya&#8217;da 1917 y\u0131l\u0131nda ticari faaliyetlerinin ba\u015flad\u0131\u011f\u0131n\u0131 ve T\u00fcrkiye&#8217;de \u00f6mr\u00fc bir asr\u0131 ge\u00e7en nadir \u015firketlerden biri olduklar\u0131n\u0131 ifade eden \u00c7etin C\u0131vata Y\u00f6netim Kurulu Ba\u015fkan\u0131 Mustafa Tecdelio\u011flu, demir i\u015finin dedelerinden gelen bir meslek oldu\u011funu ifade etti. \u00c7etin C\u0131vata&#8217;y\u0131 \u0130stanbul&#8217;da 1976 y\u0131l\u0131nda kurduklar\u0131n\u0131 ve \u015fu anda biri Malatya&#8217;da olmak \u00fczere d\u00f6rd\u00fc \u00fcretim yapan toplam 5 tesisle faaliyet g\u00f6sterdiklerini anlatan Tecdelio\u011flu, <em>&#8220;Ba\u011flant\u0131 eleman\u0131 olarak ge\u00e7en c\u0131vatan\u0131n iki \u015feyin birbirine ba\u011fland\u0131\u011f\u0131 bir yerde olmas\u0131 ve s\u00f6k\u00fclebilir olmas\u0131 gerekiyor. Otomotiv, beyaz e\u015fya, mobilya, \u00e7elik konstr\u00fcksiyon ve in\u015faat gibi sanayinin her alan\u0131nda kullan\u0131l\u0131yor. Biz de bu alanlar\u0131n t\u00fcm\u00fcnde var\u0131z ve ayl\u0131k 2.500 ton \u00fcretimle otomotivden beyaz e\u015fyaya, in\u015faattan enerji sekt\u00f6r\u00fcne kadar bir\u00e7ok alana \u00fcr\u00fcn sa\u011fl\u0131yoruz. Mercedes, Volkswagen, Ford, Hyundai, BMC, T\u00fcrk Trakt\u00f6r, Vestel ve Ar\u00e7elik gibi global markalara ba\u011flant\u0131 elemanlar\u0131 tedarik ediyoruz. Yerli hammadde oran\u0131m\u0131z da y\u00fczde 95 seviyesinde.&#8221;<\/em> dedi.<\/p>\n<div id=\"attachment_201742\" style=\"width: 560px\" class=\"wp-caption aligncenter\"><img aria-describedby=\"caption-attachment-201742\" loading=\"lazy\" class=\"wp-image-201742 size-full\" src=\"https:\/\/www.enerjigazetesi.ist\/wp-content\/uploads\/2025\/11\/Mustafa-Tecdelioglu.jpg\" alt=\"\" width=\"550\" height=\"367\" srcset=\"https:\/\/www.enerjigazetesi.ist\/wp-content\/uploads\/2025\/11\/Mustafa-Tecdelioglu.jpg 550w, https:\/\/www.enerjigazetesi.ist\/wp-content\/uploads\/2025\/11\/Mustafa-Tecdelioglu-300x200.jpg 300w, https:\/\/www.enerjigazetesi.ist\/wp-content\/uploads\/2025\/11\/Mustafa-Tecdelioglu-500x334.jpg 500w, https:\/\/www.enerjigazetesi.ist\/wp-content\/uploads\/2025\/11\/Mustafa-Tecdelioglu-75x50.jpg 75w, https:\/\/www.enerjigazetesi.ist\/wp-content\/uploads\/2025\/11\/Mustafa-Tecdelioglu-450x300.jpg 450w\" sizes=\"(max-width: 550px) 100vw, 550px\" \/><p id=\"caption-attachment-201742\" class=\"wp-caption-text\">\u00c7etin C\u0131vata Y\u00f6netim Kurulu Ba\u015fkan\u0131 Mustafa Tecdelio\u011flu<\/p><\/div>\n<p>\u00c7etin C\u0131vata olarak halihaz\u0131rda 15 \u00fclkeye aktif olarak ihracat yapt\u0131klar\u0131n\u0131 ve bug\u00fcne kadar toplamda 42 \u00fclkeye \u00fcr\u00fcn g\u00f6nderdiklerini belirten Tecdelio\u011flu, otomotivdeki g\u00fc\u00e7leri nedeniyle en b\u00fcy\u00fck<\/p>\n<h3><strong> pazarlar\u0131n\u0131n Almanya oldu\u011funu kaydetti. Tecdelio\u011flu, \u015funlar\u0131 s\u00f6yledi: <\/strong><\/h3>\n<p><em>&#8220;Ba\u011flant\u0131 elemanlar\u0131 sekt\u00f6r\u00fcn\u00fcn geneline bakt\u0131\u011f\u0131m\u0131zda T\u00fcrkiye&#8217;de y\u0131ll\u0131k 1 milyon tonluk bir kapasite ve 800 bin tonluk bir \u00fcretim mevcut. Bu rakamlarla d\u00fcnyada en b\u00fcy\u00fck 7 \u00fcreticiden biriyiz. Ayr\u0131ca yakla\u015f\u0131k 200 bin ton ihracat ger\u00e7ekle\u015fiyor ve 800-900 milyon dolar aras\u0131 ihracat geliri yarat\u0131l\u0131yor. Kilogram ba\u015f\u0131 ihracat de\u011ferimiz 4,5 dolara y\u00fckselmi\u015f durumda. T\u00fcrkiye&#8217;nin genel ihracat ortalamas\u0131n\u0131n 1,5 dolar oldu\u011fu dikkate al\u0131nd\u0131\u011f\u0131nda ba\u011flant\u0131 elemanlar\u0131 sekt\u00f6r\u00fcn\u00fcn \u00fclkeye ciddi anlamda katma de\u011fer yaratan bir sekt\u00f6r oldu\u011funu s\u00f6yleyebiliriz. 2000&#8217;li y\u0131llar\u0131n ba\u015f\u0131nda yerli \u00fcretim sadece 80 bin ton, ithalat ise 60 bin ton civar\u0131ndayd\u0131. Gelinen noktada ithalat de\u011fi\u015fmezken yerli \u00fcretimin bu seviyelere y\u00fckselmesi sekt\u00f6r\u00fcn g\u00f6sterdi\u011fi ilerleme a\u00e7\u0131s\u0131ndan son derece \u00f6nemli.&#8221;<\/em> dedi.<\/p>\n<h3><strong>ENERJ\u0130M\u0130Z\u0130N YARISINI G\u00dcNE\u015eTEN ALACA\u011eIZ<\/strong><\/h3>\n<p>Mustafa Tecdelio\u011flu, Avrupa Birli\u011fi\u2019nin 2026 itibar\u0131yla y\u00fcr\u00fcrl\u00fc\u011fe girecek olan S\u0131n\u0131rda Karbon D\u00fczenleme Mekanizmas\u0131 (SKDM) ve Paris \u0130klim Anla\u015fmas\u0131 gerekliliklerinin sanayiye yeni bir sorumluluk getirdi\u011fini belirterek, \u201c<em>Art\u0131k \u00fcretim kadar \u00fcretim bi\u00e7imi de \u00f6nemli. Avrupa\u2019ya <\/em><em>ihracat yapan t\u00fcm sanayiciler gibi biz de karbon sal\u0131m\u0131n\u0131 d\u00fc\u015f\u00fcrmek, ye\u015fil enerji kullan\u0131m\u0131n\u0131 art\u0131rmak zorunday\u0131z. Aksi halde, karbon ayak izimizi azaltmad\u0131\u011f\u0131m\u0131z her ton \u00fcr\u00fcn i\u00e7in vergi \u00f6dememiz gerekecek. Biz bu s\u00fcreci beklemeden harekete ge\u00e7tik. G\u00fcne\u015f enerjisine yapt\u0131\u011f\u0131m\u0131z yat\u0131r\u0131mlar, sadece \u00e7evreye de\u011fil, rekabet g\u00fcc\u00fcm\u00fcze de katk\u0131 sa\u011flayacak.\u201d<\/em> diye konu\u015ftu.<\/p>\n<p>Malatya&#8217;daki fabrika i\u00e7in \u00f6nce \u00e7at\u0131ya GES yat\u0131r\u0131m\u0131 yapt\u0131klar\u0131n\u0131, arkas\u0131ndan da \u00e7ok daha b\u00fcy\u00fck bir ad\u0131m atarak g\u00fcne\u015f tarlas\u0131 kurduklar\u0131n\u0131 kaydeden Tecdelio\u011flu, \u015f\u00f6yle devam etti:<br \/>\n<em>\u201c\u0130ki y\u0131l \u00f6nce Malatya\u2019daki fabrikam\u0131z\u0131n \u00e7at\u0131s\u0131na 2,7 megavatl\u0131k bir g\u00fcne\u015f enerjisi sistemi kurduk. Ancak bu bizim i\u00e7in sadece bir ba\u015flang\u0131\u00e7t\u0131. Ard\u0131ndan Do\u011fan\u015fehir\u2019de, tamamen tar\u0131m d\u0131\u015f\u0131, kayal\u0131k ve verimsiz bir 140 d\u00f6n\u00fcml\u00fck arazide yeni bir g\u00fcne\u015f tarlas\u0131 kurduk. 1900 metre rak\u0131mdaki bu b\u00f6lge, g\u00fcne\u015flenme a\u00e7\u0131s\u0131ndan son derece elveri\u015fli. \u015eu anda 11,5 milyon yat\u0131r\u0131mla \u00e7at\u0131dan elde etti\u011fimiz enerjiyi de eklersek toplamda 15,5 megavatl\u0131k kapasiteye ula\u015ft\u0131k. Bu kapasite ile \u00c7etin C\u0131vata olarak enerjimizin y\u00fczde 50\u2019sinden fazlas\u0131n\u0131 g\u00fcne\u015ften sa\u011flayaca\u011f\u0131z.\u201d<\/em> dedi.<\/p>\n<h3><strong>YEN\u0130 ARAZ\u0130 BAKIYORUZ<\/strong><\/h3>\n<p>Tecdelio\u011flu, \u00f6n\u00fcm\u00fczdeki d\u00f6nemde yeni g\u00fcne\u015f tarlalar\u0131 kurmak istediklerini de dile getirerek, \u201c<em>E\u011fer uygun arazi bulabilirsek 50 d\u00f6n\u00fcml\u00fck bir yat\u0131r\u0131m daha yapmay\u0131 planl\u0131yoruz. Hedefimiz, orta vadede enerji ihtiyac\u0131m\u0131z\u0131n tamam\u0131na yak\u0131n\u0131n\u0131 yenilenebilir kaynaklardan kar\u015f\u0131lamak.<\/em>\u201d dedi.<\/p>\n<p>\u015eirketin Malatya GES projesinin kabul s\u00fcrecinin tamamlanmak \u00fczere oldu\u011funu aktaran Tecdelio\u011flu, sistemin devreye al\u0131nmas\u0131n\u0131n ard\u0131ndan y\u0131ll\u0131k elektrik giderlerinde \u00f6nemli bir tasarruf sa\u011flanaca\u011f\u0131n\u0131, ayn\u0131 zamanda karbon sal\u0131m\u0131n\u0131n ciddi \u00f6l\u00e7\u00fcde d\u00fc\u015fece\u011fini vurgulad\u0131. Tecdelio\u011flu, yat\u0131r\u0131m\u0131 Avrupa Ye\u015fil Mutabakat\u0131 ve Paris \u0130klim Anla\u015fmas\u0131 \u00e7er\u00e7evesinde att\u0131klar\u0131 stratejik bir ad\u0131m olarak nitelendirerek, \u201c<em>S\u00fcrd\u00fcr\u00fclebilir \u00fcretim art\u0131k bir tercih de\u011fil, zorunluluk. Biz de sanayici olarak \u00fczerimize d\u00fc\u015feni yap\u0131yoruz.\u201d<\/em> ifadelerini kulland\u0131.<\/p>\n<h3><strong>SANAY\u0130DE G\u00dcNE\u015e ENERJ\u0130S\u0130 YATIRIMLARI HIZLA ARTIYOR<\/strong><\/h3>\n<p>\u00c7etin C\u0131vata\u2019n\u0131n g\u00fcne\u015f enerjisine ge\u00e7i\u015finin T\u00fcrkiye sanayiinde y\u00fckselen bir trendin par\u00e7as\u0131 oldu\u011funa i\u015faret eden Tecdelio\u011flu, \u201c<em>Sanayiciler art\u0131k bu yat\u0131r\u0131m\u0131 bir l\u00fcks de\u011fil, zorunluluk olarak g\u00f6r\u00fcyor. G\u00fcne\u015f enerjisi tesislerine olan talep \u00e7ok h\u0131zl\u0131 art\u0131yor. Bu talep art\u0131\u015f\u0131 bizim sekt\u00f6r\u00fcm\u00fcz \u00f6zelinde de \u00e7ok \u00f6nemli \u00e7\u00fcnk\u00fc g\u00fcne\u015f paneli konstr\u00fcksiyonlar\u0131nda y\u00fcksek miktarda c\u0131vata kullan\u0131l\u0131yor. Dolay\u0131s\u0131yla hem \u00fcretici hem tedarik\u00e7i olarak bu d\u00f6n\u00fc\u015f\u00fcm\u00fcn tam merkezindeyiz. T\u00fcrkiye\u2019nin sanayide rekabet g\u00fcc\u00fc art\u0131k yaln\u0131zca \u00fcretim miktar\u0131yla de\u011fil, \u00fcretimin s\u00fcrd\u00fcr\u00fclebilirli\u011fiyle \u00f6l\u00e7\u00fcl\u00fcyor. Biz \u00c7etin C\u0131vata olarak, hem \u00e7evreye hem ekonomiye duyarl\u0131 \u00fcretim anlay\u0131\u015f\u0131m\u0131zla gelecek ku\u015faklara daha temiz bir sanayi miras\u0131 b\u0131rakmak istiyoruz.\u201d<\/em> ifadelerini kulland\u0131.<\/p>\n<p>Yay\u0131na Alan: Alperen ERTA\u015e-<a href=\"http:\/\/alperen.ertas@enerjigazetesi.ist\">alperen.ertas@enerjigazetesi.ist<\/a><\/p>","protected":false},"excerpt":{"rendered":"<p>Sorry, this entry is only available in Turkish. For the sake of viewer convenience, the content is shown below in the alternative language. You may click the link to switch the active language. T\u00fcrkiye\u2019nin ba\u011flant\u0131 elemanlar\u0131 sekt\u00f6r\u00fcndeki \u00f6nde gelen \u00fcreticilerinden \u00c7etin C\u0131vata, s\u00fcrd\u00fcr\u00fclebilir \u00fcretim hedefi do\u011frultusunda Malatya Do\u011fan\u015fehir\u2019de 9,5 milyon dolarl\u0131k yat\u0131r\u0131mla dev bir g\u00fcne\u015f [&hellip;]<\/p>\n","protected":false},"author":19,"featured_media":201741,"comment_status":"open","ping_status":"open","sticky":false,"template":"","format":"standard","meta":[],"categories":[53,49],"tags":[117562,67,93,2326,117563],"views":8,"_links":{"self":[{"href":"https:\/\/www.enerjigazetesi.ist\/en\/wp-json\/wp\/v2\/posts\/201740"}],"collection":[{"href":"https:\/\/www.enerjigazetesi.ist\/en\/wp-json\/wp\/v2\/posts"}],"about":[{"href":"https:\/\/www.enerjigazetesi.ist\/en\/wp-json\/wp\/v2\/types\/post"}],"author":[{"embeddable":true,"href":"https:\/\/www.enerjigazetesi.ist\/en\/wp-json\/wp\/v2\/users\/19"}],"replies":[{"embeddable":true,"href":"https:\/\/www.enerjigazetesi.ist\/en\/wp-json\/wp\/v2\/comments?post=201740"}],"version-history":[{"count":0,"href":"https:\/\/www.enerjigazetesi.ist\/en\/wp-json\/wp\/v2\/posts\/201740\/revisions"}],"wp:featuredmedia":[{"embeddable":true,"href":"https:\/\/www.enerjigazetesi.ist\/en\/wp-json\/wp\/v2\/media\/201741"}],"wp:attachment":[{"href":"https:\/\/www.enerjigazetesi.ist\/en\/wp-json\/wp\/v2\/media?parent=201740"}],"wp:term":[{"taxonomy":"category","embeddable":true,"href":"https:\/\/www.enerjigazetesi.ist\/en\/wp-json\/wp\/v2\/categories?post=201740"},{"taxonomy":"post_tag","embeddable":true,"href":"https:\/\/www.enerjigazetesi.ist\/en\/wp-json\/wp\/v2\/tags?post=201740"}],"curies":[{"name":"wp","href":"https:\/\/api.w.org\/{rel}","templated":true}]}}