{"id":201703,"date":"2025-11-08T19:02:38","date_gmt":"2025-11-08T16:02:38","guid":{"rendered":"https:\/\/www.enerjigazetesi.ist\/?p=201703"},"modified":"2025-11-08T19:03:47","modified_gmt":"2025-11-08T16:03:47","slug":"cin-6-ayda-almanyanin-25-yillik-gunes-gucunun-2-katini-elde-etti","status":"publish","type":"post","link":"https:\/\/www.enerjigazetesi.ist\/en\/cin-6-ayda-almanyanin-25-yillik-gunes-gucunun-2-katini-elde-etti\/","title":{"rendered":"(Turkish) \u00c7in 6 Ayda Almanya\u2019n\u0131n 25 Y\u0131ll\u0131k G\u00fcne\u015f G\u00fcc\u00fcn\u00fcn 2 Kat\u0131n\u0131 Elde Etti"},"content":{"rendered":"<p class=\"qtranxs-available-languages-message qtranxs-available-languages-message-en\">Sorry, this entry is only available in <a href=\"https:\/\/www.enerjigazetesi.ist\/tr\/wp-json\/wp\/v2\/posts\/201703\" class=\"qtranxs-available-language-link qtranxs-available-language-link-tr\" title=\"Turkish\">Turkish<\/a>. For the sake of viewer convenience, the content is shown below in the alternative language. You may click the link to switch the active language.<\/p><p><\/p>\n<h2 data-start=\"124\" data-end=\"469\"><strong>\u00c7in, 2025\u2019in ilk yar\u0131s\u0131nda yaln\u0131zca alt\u0131 ayda 212 gigawatt (GW) yeni g\u00fcne\u015f enerjisi kapasitesi kurarak kendi rekorlar\u0131n\u0131 alt\u00fcst etti. Bu miktar, Almanya\u2019n\u0131n son 25 y\u0131lda kademeli olarak olu\u015fturdu\u011fu g\u00fcne\u015f enerjisi kapasitesinin yakla\u015f\u0131k iki kat\u0131na denk geliyor. Ayr\u0131ca \u00fclke ayn\u0131 d\u00f6nemde 51 gigawatt yeni r\u00fczg\u00e2r enerjisi santralini devreye ald\u0131.<\/strong><\/h2>\n<p><img loading=\"lazy\" class=\"aligncenter wp-image-201704 size-full\" src=\"https:\/\/www.enerjigazetesi.ist\/wp-content\/uploads\/2025\/11\/cin-solar-2-1200x1200-1.jpg\" alt=\"\" width=\"550\" height=\"300\" srcset=\"https:\/\/www.enerjigazetesi.ist\/wp-content\/uploads\/2025\/11\/cin-solar-2-1200x1200-1.jpg 550w, https:\/\/www.enerjigazetesi.ist\/wp-content\/uploads\/2025\/11\/cin-solar-2-1200x1200-1-300x164.jpg 300w, https:\/\/www.enerjigazetesi.ist\/wp-content\/uploads\/2025\/11\/cin-solar-2-1200x1200-1-500x273.jpg 500w, https:\/\/www.enerjigazetesi.ist\/wp-content\/uploads\/2025\/11\/cin-solar-2-1200x1200-1-80x44.jpg 80w\" sizes=\"(max-width: 550px) 100vw, 550px\" \/><\/p>\n<p data-start=\"471\" data-end=\"788\">Analiz \u015firketi Wood Mackenzie, bu b\u00fcy\u00fcme h\u0131z\u0131n\u0131 \u201cba\u015f d\u00f6nd\u00fcr\u00fcc\u00fc\u201d olarak tan\u0131ml\u0131yor. \u00c7in\u2019in yaln\u0131zca alt\u0131 ayda ger\u00e7ekle\u015ftirdi\u011fi kapasite art\u0131\u015f\u0131, d\u00fcnya genelindeki toplam yeni g\u00fcne\u015f enerjisi kapasitesinin yar\u0131s\u0131ndan fazlas\u0131n\u0131 olu\u015fturdu. Kar\u015f\u0131la\u015ft\u0131r\u0131ld\u0131\u011f\u0131nda, ayn\u0131 d\u00f6nemde Almanya 7 GW, ABD ise 18 GW kapasite ekledi.<\/p>\n<h3 data-start=\"790\" data-end=\"1431\"><strong>Bu geli\u015fme, iki temel ger\u00e7e\u011fi g\u00f6zler \u00f6n\u00fcne seriyor:<\/strong><\/h3>\n<p data-start=\"790\" data-end=\"1431\">Birincisi, g\u00fcne\u015f ve r\u00fczg\u00e2r teknolojilerinin art\u0131k d\u00fcnyan\u0131n bir\u00e7ok b\u00f6lgesinde en ucuz elektrik \u00fcretim y\u00f6ntemi h\u00e2line gelmesi. \u00c7inli \u00fcreticilerin \u00f6nc\u00fcl\u00fck etti\u011fi fiyat d\u00fc\u015f\u00fc\u015fleri sayesinde, Pakistan\u2019dan Kenya\u2019ya kadar milyonlarca \u00c7in men\u015feli panel kullan\u0131l\u0131yor.<\/p>\n<p data-start=\"790\" data-end=\"1431\">\u0130kincisi, \u00c7in\u2019in h\u0131zla artan enerji talebini kar\u015f\u0131lamak i\u00e7in yenilenebilir kaynaklara y\u00f6nelirken, k\u00f6m\u00fcr ve n\u00fckleer santralleri kapatmak yerine yeni tesisler in\u015fa etmeye devam etmesi. Bu durum, \u00f6zellikle yapay zek\u00e2 ve veri merkezlerinin artan enerji ihtiyac\u0131n\u0131 kar\u015f\u0131lama konusunda Pekin\u2019e stratejik bir avantaj sa\u011fl\u0131yor.<\/p>\n<p data-start=\"1433\" data-end=\"1782\">\u0130klim a\u00e7\u0131s\u0131ndan bak\u0131ld\u0131\u011f\u0131nda tablo karma\u015f\u0131k ama umut verici. Uluslararas\u0131 Enerji Ajans\u0131 (IEA), d\u00fc\u015f\u00fck emisyonlu enerji \u00fcretiminin 2027\u2019ye kadar k\u00fcresel elektrik talebindeki art\u0131\u015f\u0131 ilk kez a\u015faca\u011f\u0131n\u0131 \u00f6ng\u00f6r\u00fcyor. \u00c7in Devlet Ba\u015fkan\u0131 \u015ei Cinping, \u00fclkenin sera gaz\u0131 emisyonlar\u0131n\u0131 2035\u2019e kadar zirve seviyesinden y\u00fczde 7\u201310 oran\u0131nda azaltma hedefi koydu.<\/p>\n<p data-start=\"1784\" data-end=\"2138\" data-is-last-node=\"\" data-is-only-node=\"\">Bu hedefe ula\u015fmada g\u00fcne\u015f enerjisindeki h\u0131zl\u0131 b\u00fcy\u00fcmenin belirleyici olaca\u011f\u0131 \u00f6ng\u00f6r\u00fcl\u00fcyor. \u00c7in, 2024\u2019te de tarihte herhangi bir \u00fclkenin bir y\u0131lda kurdu\u011fu en y\u00fcksek g\u00fcne\u015f kapasitesine ula\u015fm\u0131\u015ft\u0131. 2025\u2019in ilk alt\u0131 ay\u0131nda bu rekoru da ikiye katlamas\u0131, \u00fclkenin hem iklim politikalar\u0131nda hem de k\u00fcresel enerji rekabetinde yeni bir d\u00f6neme ge\u00e7ti\u011fini g\u00f6steriyor.<\/p>\n<p data-start=\"1784\" data-end=\"2138\" data-is-last-node=\"\" data-is-only-node=\"\">Kaynak:\u00a0<a href=\"https:\/\/gazeteoksijen.com\/ekonomi\/cin-yenilenebilir-enerjide-rekorlari-altust-ediyor-alti-ayda-almanyanin-25-yillik-gunes-gucunun-iki-katini-elde-etti-256023\" target=\"_blank\" rel=\"noopener noreferrer\">Gazete Oksijen<\/a><\/p>\n<p data-start=\"1784\" data-end=\"2138\" data-is-last-node=\"\" data-is-only-node=\"\">Yay\u0131na Alan: Alperen ERTA\u015e-<a href=\"http:\/\/alperen.ertas@enerjigazetesi.ist\">alperen.ertas@enerjigazetesi.ist<\/a><\/p>\n<p><\/p>","protected":false},"excerpt":{"rendered":"<p>Sorry, this entry is only available in Turkish. For the sake of viewer convenience, the content is shown below in the alternative language. You may click the link to switch the active language. \u00c7in, 2025\u2019in ilk yar\u0131s\u0131nda yaln\u0131zca alt\u0131 ayda 212 gigawatt (GW) yeni g\u00fcne\u015f enerjisi kapasitesi kurarak kendi rekorlar\u0131n\u0131 alt\u00fcst etti. Bu miktar, Almanya\u2019n\u0131n [&hellip;]<\/p>\n","protected":false},"author":19,"featured_media":201704,"comment_status":"open","ping_status":"open","sticky":false,"template":"","format":"standard","meta":[],"categories":[51,53,49],"tags":[929,886,61,13,16],"views":10,"_links":{"self":[{"href":"https:\/\/www.enerjigazetesi.ist\/en\/wp-json\/wp\/v2\/posts\/201703"}],"collection":[{"href":"https:\/\/www.enerjigazetesi.ist\/en\/wp-json\/wp\/v2\/posts"}],"about":[{"href":"https:\/\/www.enerjigazetesi.ist\/en\/wp-json\/wp\/v2\/types\/post"}],"author":[{"embeddable":true,"href":"https:\/\/www.enerjigazetesi.ist\/en\/wp-json\/wp\/v2\/users\/19"}],"replies":[{"embeddable":true,"href":"https:\/\/www.enerjigazetesi.ist\/en\/wp-json\/wp\/v2\/comments?post=201703"}],"version-history":[{"count":0,"href":"https:\/\/www.enerjigazetesi.ist\/en\/wp-json\/wp\/v2\/posts\/201703\/revisions"}],"wp:featuredmedia":[{"embeddable":true,"href":"https:\/\/www.enerjigazetesi.ist\/en\/wp-json\/wp\/v2\/media\/201704"}],"wp:attachment":[{"href":"https:\/\/www.enerjigazetesi.ist\/en\/wp-json\/wp\/v2\/media?parent=201703"}],"wp:term":[{"taxonomy":"category","embeddable":true,"href":"https:\/\/www.enerjigazetesi.ist\/en\/wp-json\/wp\/v2\/categories?post=201703"},{"taxonomy":"post_tag","embeddable":true,"href":"https:\/\/www.enerjigazetesi.ist\/en\/wp-json\/wp\/v2\/tags?post=201703"}],"curies":[{"name":"wp","href":"https:\/\/api.w.org\/{rel}","templated":true}]}}