{"id":201690,"date":"2025-11-07T20:34:31","date_gmt":"2025-11-07T17:34:31","guid":{"rendered":"https:\/\/www.enerjigazetesi.ist\/?p=201690"},"modified":"2025-11-07T20:34:31","modified_gmt":"2025-11-07T17:34:31","slug":"enerji-bagimsizligi-iklim-degisikligiyle-mucadele-eylemlerine-duyulan-guveni-geride-birakti","status":"publish","type":"post","link":"https:\/\/www.enerjigazetesi.ist\/en\/enerji-bagimsizligi-iklim-degisikligiyle-mucadele-eylemlerine-duyulan-guveni-geride-birakti\/","title":{"rendered":"(Turkish) Enerji Ba\u011f\u0131ms\u0131zl\u0131\u011f\u0131 \u0130klim De\u011fi\u015fikli\u011fiyle M\u00fccadele Eylemlerine Duyulan G\u00fcveni Geride B\u0131rakt\u0131"},"content":{"rendered":"<p class=\"qtranxs-available-languages-message qtranxs-available-languages-message-en\">Sorry, this entry is only available in <a href=\"https:\/\/www.enerjigazetesi.ist\/tr\/wp-json\/wp\/v2\/posts\/201690\" class=\"qtranxs-available-language-link qtranxs-available-language-link-tr\" title=\"Turkish\">Turkish<\/a>. For the sake of viewer convenience, the content is shown below in the alternative language. You may click the link to switch the active language.<\/p><p><\/p>\n<h2><strong>\u0130klim de\u011fi\u015fikli\u011fiyle m\u00fccadele eylemlerine duyulan g\u00fcven azal\u0131yor: 2023&#8217;te y\u00f6neticilerin y\u00fczde 44&#8217;\u00fc 2030 y\u0131l\u0131 karbonsuzla\u015ft\u0131rma hedeflerine ula\u015f\u0131lmas\u0131n\u0131 beklerken bu oran bug\u00fcn y\u00fczde 37&#8217;ye indi.<\/strong><\/h2>\n<p><img loading=\"lazy\" class=\"aligncenter wp-image-201691 size-full\" src=\"https:\/\/www.enerjigazetesi.ist\/wp-content\/uploads\/2025\/11\/1762507990_Siemens_AG.jpg\" alt=\"\" width=\"550\" height=\"367\" srcset=\"https:\/\/www.enerjigazetesi.ist\/wp-content\/uploads\/2025\/11\/1762507990_Siemens_AG.jpg 550w, https:\/\/www.enerjigazetesi.ist\/wp-content\/uploads\/2025\/11\/1762507990_Siemens_AG-300x200.jpg 300w, https:\/\/www.enerjigazetesi.ist\/wp-content\/uploads\/2025\/11\/1762507990_Siemens_AG-500x334.jpg 500w, https:\/\/www.enerjigazetesi.ist\/wp-content\/uploads\/2025\/11\/1762507990_Siemens_AG-75x50.jpg 75w, https:\/\/www.enerjigazetesi.ist\/wp-content\/uploads\/2025\/11\/1762507990_Siemens_AG-450x300.jpg 450w\" sizes=\"(max-width: 550px) 100vw, 550px\" \/><\/p>\n<p>D\u00fcnya liderleri COP30 i\u00e7in Brezilya&#8217;da bir araya gelmeye haz\u0131rlan\u0131rken, Siemens&#8217;in yapt\u0131\u011f\u0131 yeni ve \u00f6nemli bir ara\u015ft\u0131rma, jeopoliti\u011fin altyap\u0131 stratejisini yeniden \u015fekillendirdi\u011fini ve ulusal enerji g\u00fcvenli\u011finin enerji d\u00f6n\u00fc\u015f\u00fcm\u00fcn\u00fcn birincil itici g\u00fcc\u00fc olarak k\u00fcresel iklim i\u015f birli\u011finin \u00f6n\u00fcne ge\u00e7ti\u011fini ortaya koydu.\u00a0Siemens Infrastructure Transition Monitor 2025\u00a0\u00e7al\u0131\u015fmas\u0131, \u00fcst d\u00fczey liderlerin, esnek bir enerji arz\u0131n\u0131n altyap\u0131 ge\u00e7i\u015f hedefleri aras\u0131nda h\u00fck\u00fcmetin en \u00f6nemli \u00f6nceli\u011fi olmas\u0131 gerekti\u011fine inand\u0131klar\u0131na dikkat \u00e7ekti. Enerji arz\u0131 2023&#8217;te \u00f6ncelik s\u0131ralamas\u0131nda \u00fc\u00e7\u00fcnc\u00fcyd\u00fc. Di\u011fer taraftan, ulusal enerji ba\u011f\u0131ms\u0131zl\u0131\u011f\u0131 ve iklim risklerinin proaktif y\u00f6netimi, \u00f6ncelik s\u0131ralamas\u0131nda en b\u00fcy\u00fck y\u00fckseli\u015fi kaydeden ba\u015fl\u0131klar oldu.<\/p>\n<p>K\u00fcresel istikrars\u0131zl\u0131\u011f\u0131n artmas\u0131, pazar ve tedarik zinciri oynakl\u0131\u011f\u0131n\u0131 yo\u011funla\u015ft\u0131r\u0131yor. Enerjinin jeopolitik bir ara\u00e7 olarak kullan\u0131lmas\u0131n\u0131 azaltmak i\u00e7in h\u00fck\u00fcmetler, iklim de\u011fi\u015fikli\u011finin etkilerinin azalt\u0131lmas\u0131n\u0131n yan\u0131 s\u0131ra g\u00fcvenlik, ba\u011f\u0131ms\u0131zl\u0131k ve haz\u0131rl\u0131kl\u0131 olmaya \u00f6ncelik veriyor.<\/p>\n<p>Rapor, 19 \u00fclkeden 1.400 \u00fcst d\u00fczey y\u00f6netici ve h\u00fck\u00fcmet temsilcisinin kat\u0131ld\u0131\u011f\u0131 k\u00fcresel bir ankete dayanarak, \u00e7ok y\u00f6nl\u00fc temiz enerji vizyonundan, giderek artan bir \u015fekilde ulusal dayan\u0131kl\u0131l\u0131\u011fa ve b\u00f6lgesel \u00fcretime odaklanan bir vizyona ge\u00e7i\u015fin alt\u0131n\u0131 \u00e7iziyor. Birbiri ard\u0131na gelen iklimsel, jeopolitik ve piyasa zorluklar\u0131 nedeniyle enerji sistemleri \u00fczerindeki bask\u0131n\u0131n artmas\u0131yla birlikte, enerji dayan\u0131kl\u0131l\u0131\u011f\u0131n\u0131n temiz enerjiye ge\u00e7i\u015fte art\u0131k bir denge unsuru olarak de\u011fil, kritik bir destek unsuru olarak g\u00f6r\u00fcld\u00fc\u011f\u00fcn\u00fc ortaya koyuyor.<\/p>\n<p><strong>Siemens AG Y\u00f6netim Kurulu \u00dcyesi ve Ak\u0131ll\u0131 Altyap\u0131 CEO&#8217;su Matthias Rebellius,<\/strong>\u00a0konuyla ilgili olarak yapt\u0131\u011f\u0131 a\u00e7\u0131klamada,<em> &#8220;Altyap\u0131da ge\u00e7i\u015f; ulusal enerji g\u00fcvenli\u011fi hedeflerinin karbonsuzla\u015ft\u0131rma konusundaki k\u00fcresel i\u015f birli\u011fini geride b\u0131rakt\u0131\u011f\u0131 yeni bir a\u015famaya girdi. Sistemler artan iklim sorunlar\u0131 ve enerji kesintileriyle kar\u015f\u0131 kar\u015f\u0131ya kald\u0131k\u00e7a, dayan\u0131kl\u0131l\u0131k iste\u011fe ba\u011fl\u0131 olmaktan giderek uzakla\u015f\u0131yor. Bu de\u011fi\u015fimde yapay zek\u00e2, teknoloji ve dijitalle\u015fme art\u0131k kritik bir \u00f6neme sahip. \u00a0 Yenilenebilir enerjiye dayal\u0131 sistemlerin karma\u015f\u0131k yap\u0131s\u0131n\u0131 y\u00f6netmek, g\u00fcvenilirli\u011fi sa\u011flamak ve temiz enerjiye ge\u00e7i\u015fi daha ak\u0131ll\u0131 ve daha s\u00fcrd\u00fcr\u00fclebilir bir \u015fekilde h\u0131zland\u0131rmak i\u00e7in kurumlar\u0131n ve h\u00fck\u00fcmetlerin elini g\u00fc\u00e7lendirebilirler&#8221;<\/em> ifadelerini kulland\u0131.<\/p>\n<h3><strong>K\u00fcresel ge\u00e7i\u015ften ulusal dayan\u0131kl\u0131l\u0131\u011fa<\/strong><\/h3>\n<p>Kat\u0131l\u0131mc\u0131lar\u0131n be\u015fte \u00fc\u00e7\u00fcnden fazlas\u0131 (y\u00fczde 62) gelecekteki enerji sistemlerinin k\u00fcresel ticaretten ziyade yerel veya b\u00f6lgesel \u00fcretime dayanaca\u011f\u0131na inan\u0131yor. Yenilenebilir enerji entegrasyonu, depolama konusunda haz\u0131rl\u0131kl\u0131 olma ve geli\u015fmi\u015f \u015febeke sistemleri gibi unsurlar, ba\u015fl\u0131ca kolayla\u015ft\u0131r\u0131c\u0131 fakt\u00f6rler aras\u0131nda bulunuyor. Kat\u0131l\u0131mc\u0131lar\u0131n yar\u0131s\u0131ndan fazlas\u0131 halihaz\u0131rda dayan\u0131kl\u0131l\u0131k (y\u00fczde 53) ve enerji ba\u011f\u0131ms\u0131zl\u0131\u011f\u0131n\u0131n (y\u00fczde 52) \u00fclkelerinde olgunlu\u011fa ula\u015ft\u0131\u011f\u0131n\u0131 veya geli\u015fmi\u015f oldu\u011funu belirtiyor. Bu da altyap\u0131 \u00f6nceliklerinde bir de\u011fi\u015fimin halihaz\u0131rda devam etti\u011fine i\u015faret ediyor.<\/p>\n<h3><strong>\u0130klim hedeflerine duyulan g\u00fcven azal\u0131yor<\/strong><\/h3>\n<p>Dayan\u0131kl\u0131l\u0131k ve enerji g\u00fcvenli\u011finin \u00f6ncelik kazanmas\u0131yla birlikte, k\u00fcresel iklim hedeflerine ula\u015f\u0131lmas\u0131na ili\u015fkin g\u00fcven azalmaya ba\u015fl\u0131yor. K\u00fcresel y\u00f6neticilerin yar\u0131s\u0131ndan fazlas\u0131 (y\u00fczde 57) \u00f6n\u00fcm\u00fczdeki iki y\u0131l i\u00e7inde fosil yak\u0131tlara yap\u0131lan yat\u0131r\u0131mlar\u0131n artmas\u0131n\u0131 beklerken, i\u015fletmelerin sadece y\u00fczde 37&#8217;si 2030 y\u0131l\u0131 i\u00e7in koyulan karbonsuzla\u015fma hedeflerine ula\u015facaklar\u0131na inan\u0131yor. Bu oran 2023 y\u0131l\u0131nda y\u00fczde 44&#8217;t\u00fc.<\/p>\n<h3><strong>COP30 \u00f6ncesi bir \u00e7a\u011fr\u0131<\/strong><\/h3>\n<p>\u0130klim hedeflerine duyulan g\u00fcvenin azald\u0131\u011f\u0131 ve 2026 stratejilerinin geli\u015ftirilmekte oldu\u011fu bu d\u00f6nemde rapor, dayan\u0131kl\u0131l\u0131\u011f\u0131n enerji planlamas\u0131na dahil edilmemesinin hem ekonomik hem de \u00e7evresel a\u00e7\u0131dan risk olu\u015fturdu\u011funu vurguluyor.<\/p>\n<p>Net s\u0131f\u0131r stratejilerinin yeniden g\u00f6zden ge\u00e7irildi\u011fi bug\u00fcnlerde Siemens, \u015febeke yat\u0131r\u0131m\u0131 ve dijital inovasyon yoluyla iklim taahh\u00fctlerine ve enerji dayan\u0131kl\u0131l\u0131\u011f\u0131na y\u00f6nelik ilerlemenin h\u0131zland\u0131r\u0131labilece\u011finin alt\u0131n\u0131 \u00e7iziyor.<\/p>\n<h3><strong>Yapay Zek\u00e2 ge\u00e7i\u015fi h\u0131zland\u0131racak<\/strong><\/h3>\n<p>Ulusal enerji stratejileri geli\u015fip de\u011fi\u015firken dijital teknolojiler altyap\u0131 d\u00f6n\u00fc\u015f\u00fcm\u00fcn\u00fcn merkezinde yer almaya devam ediyor. Dijitalle\u015fme, enerji depolama olanaklar\u0131n\u0131n geni\u015fletilmesinin hemen ard\u0131ndan farkl\u0131 sekt\u00f6rlerde temiz enerjiye ge\u00e7i\u015fi h\u0131zland\u0131rmada en \u00f6nemli ikinci fakt\u00f6r olarak \u00f6ne \u00e7\u0131k\u0131yor. En b\u00fcy\u00fck olumlu etkiyi ise yapay zekan\u0131n yaratmas\u0131 bekleniyor.<\/p>\n<p>Kat\u0131l\u0131mc\u0131lar, yapay zekan\u0131n kritik altyap\u0131y\u0131 daha dayan\u0131kl\u0131 hale getirmeye yard\u0131mc\u0131 oldu\u011funa inan\u0131yor (y\u00fczde 66) ve faaliyetlerini karbonsuzla\u015ft\u0131rmak i\u00e7in kurulu\u015flar\u0131nda yapay zekan\u0131n kullan\u0131ld\u0131\u011f\u0131n\u0131 bildiriyor (y\u00fczde 59).<\/p>\n<p>Yay\u0131na Alan: Alperen ERTA\u015e-<a href=\"http:\/\/alperen.ertas@enerjigazetesi.ist\">alperen.ertas@enerjigazetesi.ist<\/a><\/p>","protected":false},"excerpt":{"rendered":"<p>Sorry, this entry is only available in Turkish. For the sake of viewer convenience, the content is shown below in the alternative language. You may click the link to switch the active language. \u0130klim de\u011fi\u015fikli\u011fiyle m\u00fccadele eylemlerine duyulan g\u00fcven azal\u0131yor: 2023&#8217;te y\u00f6neticilerin y\u00fczde 44&#8217;\u00fc 2030 y\u0131l\u0131 karbonsuzla\u015ft\u0131rma hedeflerine ula\u015f\u0131lmas\u0131n\u0131 beklerken bu oran bug\u00fcn y\u00fczde 37&#8217;ye [&hellip;]<\/p>\n","protected":false},"author":19,"featured_media":201691,"comment_status":"open","ping_status":"open","sticky":false,"template":"","format":"standard","meta":[],"categories":[51,53,52],"tags":[61,67,12,1999,80956],"views":22,"_links":{"self":[{"href":"https:\/\/www.enerjigazetesi.ist\/en\/wp-json\/wp\/v2\/posts\/201690"}],"collection":[{"href":"https:\/\/www.enerjigazetesi.ist\/en\/wp-json\/wp\/v2\/posts"}],"about":[{"href":"https:\/\/www.enerjigazetesi.ist\/en\/wp-json\/wp\/v2\/types\/post"}],"author":[{"embeddable":true,"href":"https:\/\/www.enerjigazetesi.ist\/en\/wp-json\/wp\/v2\/users\/19"}],"replies":[{"embeddable":true,"href":"https:\/\/www.enerjigazetesi.ist\/en\/wp-json\/wp\/v2\/comments?post=201690"}],"version-history":[{"count":0,"href":"https:\/\/www.enerjigazetesi.ist\/en\/wp-json\/wp\/v2\/posts\/201690\/revisions"}],"wp:featuredmedia":[{"embeddable":true,"href":"https:\/\/www.enerjigazetesi.ist\/en\/wp-json\/wp\/v2\/media\/201691"}],"wp:attachment":[{"href":"https:\/\/www.enerjigazetesi.ist\/en\/wp-json\/wp\/v2\/media?parent=201690"}],"wp:term":[{"taxonomy":"category","embeddable":true,"href":"https:\/\/www.enerjigazetesi.ist\/en\/wp-json\/wp\/v2\/categories?post=201690"},{"taxonomy":"post_tag","embeddable":true,"href":"https:\/\/www.enerjigazetesi.ist\/en\/wp-json\/wp\/v2\/tags?post=201690"}],"curies":[{"name":"wp","href":"https:\/\/api.w.org\/{rel}","templated":true}]}}