{"id":201678,"date":"2025-11-07T20:06:50","date_gmt":"2025-11-07T17:06:50","guid":{"rendered":"https:\/\/www.enerjigazetesi.ist\/?p=201678"},"modified":"2025-11-07T21:05:31","modified_gmt":"2025-11-07T18:05:31","slug":"dicle-elektrik-nusaybinde-elektrik-altyapisini-yeniliyor","status":"publish","type":"post","link":"https:\/\/www.enerjigazetesi.ist\/en\/dicle-elektrik-nusaybinde-elektrik-altyapisini-yeniliyor\/","title":{"rendered":"(Turkish) &#8217;Dicle Elektrik&#8217; Nusaybin\u2019de Elektrik Altyap\u0131s\u0131n\u0131 Yeniliyor"},"content":{"rendered":"<p class=\"qtranxs-available-languages-message qtranxs-available-languages-message-en\">Sorry, this entry is only available in <a href=\"https:\/\/www.enerjigazetesi.ist\/tr\/wp-json\/wp\/v2\/posts\/201678\" class=\"qtranxs-available-language-link qtranxs-available-language-link-tr\" title=\"Turkish\">Turkish<\/a>. For the sake of viewer convenience, the content is shown below in the alternative language. You may click the link to switch the active language.<\/p><p><\/p>\n<h2><strong>Dicle Elektrik, Mardin\u2019in Nusaybin il\u00e7esindeki enerji altyap\u0131s\u0131n\u0131 238 milyon TL\u2019lik yat\u0131r\u0131mla yeniliyor. \u00c7atal\u00f6z\u00fc, G\u0131rnavas ve \u0130pekyolu mahallelerini kapsayan proje ile elektrik \u015febekesi yer alt\u0131na al\u0131n\u0131rken, 24 yeni trafo tesisinin kurulumu da devam ediyor. Dicle Elektrik yetkilileri, <em>\u201cBu proje, yaln\u0131zca bir altyap\u0131 \u00e7al\u0131\u015fmas\u0131 de\u011fil; b\u00f6lgeye uzun vadeli de\u011fer kazand\u0131rma hamlesidir\u201d<\/em> a\u00e7\u0131klamas\u0131nda bulundu.<\/strong><\/h2>\n<h2><strong> <img loading=\"lazy\" class=\"aligncenter wp-image-201679 size-full\" src=\"https:\/\/www.enerjigazetesi.ist\/wp-content\/uploads\/2025\/11\/1762496688_BB_Nusaybin___de_Elektrik_Altyap__s___Yenileniyor_3_20102025.jpg\" alt=\"\" width=\"550\" height=\"377\" srcset=\"https:\/\/www.enerjigazetesi.ist\/wp-content\/uploads\/2025\/11\/1762496688_BB_Nusaybin___de_Elektrik_Altyap__s___Yenileniyor_3_20102025.jpg 550w, https:\/\/www.enerjigazetesi.ist\/wp-content\/uploads\/2025\/11\/1762496688_BB_Nusaybin___de_Elektrik_Altyap__s___Yenileniyor_3_20102025-300x206.jpg 300w, https:\/\/www.enerjigazetesi.ist\/wp-content\/uploads\/2025\/11\/1762496688_BB_Nusaybin___de_Elektrik_Altyap__s___Yenileniyor_3_20102025-500x343.jpg 500w, https:\/\/www.enerjigazetesi.ist\/wp-content\/uploads\/2025\/11\/1762496688_BB_Nusaybin___de_Elektrik_Altyap__s___Yenileniyor_3_20102025-73x50.jpg 73w\" sizes=\"(max-width: 550px) 100vw, 550px\" \/><\/strong><\/h2>\n<p>Kay\u0131ps\u0131z, kesintisiz ve kaliteli enerji da\u011f\u0131t\u0131m\u0131 hedefiyle \u00e7al\u0131\u015fmalar\u0131n\u0131 s\u00fcrd\u00fcren Dicle Elektrik, hizmet verdi\u011fi G\u00fcneydo\u011fu Anadolu B\u00f6lgesi\u2019ndeki yat\u0131r\u0131mlar\u0131na h\u0131z kesmeden devam ediyor. Bu kapsamda son olarak Mardin\u2019in Nusaybin il\u00e7esinde kapsaml\u0131 bir \u015febeke yenileme projesi ba\u015flat\u0131ld\u0131. Toplam 238 milyon TL b\u00fct\u00e7eyle hayata ge\u00e7irilen proje ile il\u00e7enin \u00c7atal\u00f6z\u00fc, G\u0131rnavas ve \u0130pekyolu mahallelerindeki enerji altyap\u0131s\u0131 tamamen yenileniyor. 2025 y\u0131l\u0131 yat\u0131r\u0131m program\u0131 kapsam\u0131nda y\u00fcr\u00fct\u00fclen \u00e7al\u0131\u015fmalar\u0131n y\u0131l sonuna kadar tamamlanmas\u0131 planlan\u0131yor.<\/p>\n<h3><strong>Modern, g\u00fc\u00e7l\u00fc ve s\u00fcrd\u00fcr\u00fclebilir enerji altyap\u0131s\u0131<\/strong><strong><br \/>\n<\/strong><\/h3>\n<p>Dicle Elektrik, Mardin genelinde y\u00fcr\u00fctt\u00fc\u011f\u00fc yat\u0131r\u0131mlarla enerji arz g\u00fcvenli\u011fini art\u0131rmay\u0131 ve s\u00fcreklili\u011fi sa\u011flayarak hizmet kalitesini y\u00fckseltmeyi ama\u00e7l\u0131yor. \u00c7al\u0131\u015fmalar\u0131n tamamlanmas\u0131yla enerji kalitesinin yan\u0131 s\u0131ra \u015febeke dayan\u0131kl\u0131l\u0131\u011f\u0131 ve s\u00fcreklili\u011fi \u00fcst seviyeye \u00e7\u0131kar\u0131lm\u0131\u015f olacak. Ayr\u0131ca yer alt\u0131na al\u0131nan \u015febeke sayesinde hava ko\u015fullar\u0131ndan kaynaklanan ar\u0131zalar\u0131n \u00f6n\u00fcne ge\u00e7ilirken, enerji s\u00fcreklili\u011fi sa\u011flanacak.<\/p>\n<h3><strong>24 yeni trafo ile artan talep kar\u015f\u0131lanacak<\/strong><strong><br \/>\n<\/strong><\/h3>\n<p>Yat\u0131r\u0131m \u00e7al\u0131\u015fmalar\u0131 kapsam\u0131nda \u00fc\u00e7 mahallede farkl\u0131 kapasitelere sahip toplam 24 yeni trafo tesisinin de kurulumu ger\u00e7ekle\u015ftiriliyor. B\u00f6ylece enerji verimlili\u011fi art\u0131r\u0131l\u0131rken, b\u00f6lgenin \u015febeke y\u00fck\u00fc dengeleniyor. Bu altyap\u0131 sayesinde ilerleyen y\u0131llarda artmas\u0131 beklenen enerji t\u00fcketim talebi de rahatl\u0131kla kar\u015f\u0131lanabilecek.<\/p>\n<h3><strong>Bu yat\u0131r\u0131m b\u00f6lgeye kal\u0131c\u0131 de\u011fer kat\u0131yor<\/strong><\/h3>\n<p>Dicle Elektrik yetkilileri, y\u0131l sonunda tamamlanmas\u0131 planlanan 238 milyon TL\u2019lik yat\u0131r\u0131m\u0131n yaln\u0131zca teknik bir \u00e7al\u0131\u015fma olmad\u0131\u011f\u0131n\u0131, ayn\u0131 zamanda b\u00f6lgeye uzun vadeli de\u011fer kazand\u0131ran stratejik bir hamle oldu\u011funu vurgulad\u0131. Yetkililer, \u201cG\u00fcvenli, s\u00fcrd\u00fcr\u00fclebilir ve kesintisiz enerji temini \u00f6nceli\u011fimizdir. Bu yat\u0131r\u0131mlar ile b\u00f6lgeye kal\u0131c\u0131 de\u011fer kat\u0131yoruz\u201d diyerek projenin \u00f6nemine dikkat \u00e7ekti.<\/p>\n<p>Yay\u0131na Alan: Alperen ERTA\u015e-<a href=\"http:\/\/alperen.ertas@enerjigazetesi.ist\">alperen.ertas@enerjigazetesi.ist<\/a><\/p>","protected":false},"excerpt":{"rendered":"<p>Sorry, this entry is only available in Turkish. For the sake of viewer convenience, the content is shown below in the alternative language. You may click the link to switch the active language. Dicle Elektrik, Mardin\u2019in Nusaybin il\u00e7esindeki enerji altyap\u0131s\u0131n\u0131 238 milyon TL\u2019lik yat\u0131r\u0131mla yeniliyor. \u00c7atal\u00f6z\u00fc, G\u0131rnavas ve \u0130pekyolu mahallelerini kapsayan proje ile elektrik \u015febekesi [&hellip;]<\/p>\n","protected":false},"author":19,"featured_media":201679,"comment_status":"open","ping_status":"open","sticky":false,"template":"","format":"standard","meta":[],"categories":[51,53],"tags":[117555,12240,61,67,116996],"views":29,"_links":{"self":[{"href":"https:\/\/www.enerjigazetesi.ist\/en\/wp-json\/wp\/v2\/posts\/201678"}],"collection":[{"href":"https:\/\/www.enerjigazetesi.ist\/en\/wp-json\/wp\/v2\/posts"}],"about":[{"href":"https:\/\/www.enerjigazetesi.ist\/en\/wp-json\/wp\/v2\/types\/post"}],"author":[{"embeddable":true,"href":"https:\/\/www.enerjigazetesi.ist\/en\/wp-json\/wp\/v2\/users\/19"}],"replies":[{"embeddable":true,"href":"https:\/\/www.enerjigazetesi.ist\/en\/wp-json\/wp\/v2\/comments?post=201678"}],"version-history":[{"count":0,"href":"https:\/\/www.enerjigazetesi.ist\/en\/wp-json\/wp\/v2\/posts\/201678\/revisions"}],"wp:featuredmedia":[{"embeddable":true,"href":"https:\/\/www.enerjigazetesi.ist\/en\/wp-json\/wp\/v2\/media\/201679"}],"wp:attachment":[{"href":"https:\/\/www.enerjigazetesi.ist\/en\/wp-json\/wp\/v2\/media?parent=201678"}],"wp:term":[{"taxonomy":"category","embeddable":true,"href":"https:\/\/www.enerjigazetesi.ist\/en\/wp-json\/wp\/v2\/categories?post=201678"},{"taxonomy":"post_tag","embeddable":true,"href":"https:\/\/www.enerjigazetesi.ist\/en\/wp-json\/wp\/v2\/tags?post=201678"}],"curies":[{"name":"wp","href":"https:\/\/api.w.org\/{rel}","templated":true}]}}