{"id":201673,"date":"2025-11-07T20:00:54","date_gmt":"2025-11-07T17:00:54","guid":{"rendered":"https:\/\/www.enerjigazetesi.ist\/?p=201673"},"modified":"2025-11-07T20:00:54","modified_gmt":"2025-11-07T17:00:54","slug":"hyundai-elektrikli-ailesinin-amiral-gemisi-ioniq-9-turkiyede","status":"publish","type":"post","link":"https:\/\/www.enerjigazetesi.ist\/en\/hyundai-elektrikli-ailesinin-amiral-gemisi-ioniq-9-turkiyede\/","title":{"rendered":"(Turkish) Hyundai Elektrikli Ailesi\u2019nin Amiral Gemisi &#8216;IONIQ 9&#8217; T\u00fcrkiye\u2019de"},"content":{"rendered":"<p class=\"qtranxs-available-languages-message qtranxs-available-languages-message-en\">Sorry, this entry is only available in <a href=\"https:\/\/www.enerjigazetesi.ist\/tr\/wp-json\/wp\/v2\/posts\/201673\" class=\"qtranxs-available-language-link qtranxs-available-language-link-tr\" title=\"Turkish\">Turkish<\/a>. For the sake of viewer convenience, the content is shown below in the alternative language. You may click the link to switch the active language.<\/p><p><\/p>\n<h2><strong>Kas\u0131m 2024\u2019te ilk kez tan\u0131t\u0131lan Hyundai IONIQ 9, 2025 y\u0131l\u0131n\u0131n en \u00e7ok merak edilen elektrikli SUV modellerinden biri olarak \u00f6ne \u00e7\u0131k\u0131yor. D\u00fcnya \u00e7ap\u0131nda \u00f6d\u00fcller kazanan IONIQ 5 ve IONIQ 6\u2019n\u0131n ba\u015far\u0131s\u0131n\u0131 temel alan yeni IONIQ 9, Hyundai\u2019nin 2030 y\u0131l\u0131na kadar <\/strong><strong>21 farkl\u0131 elektrikli model<\/strong><strong>i pazara sunma hedefinin \u00f6nemli bir ad\u0131m\u0131n\u0131 olu\u015fturuyor.<\/strong><\/h2>\n<p><img loading=\"lazy\" class=\"aligncenter wp-image-201675 size-full\" src=\"https:\/\/www.enerjigazetesi.ist\/wp-content\/uploads\/2025\/11\/1762435410_IONIQ_9__3_.jpg\" alt=\"\" width=\"550\" height=\"309\" srcset=\"https:\/\/www.enerjigazetesi.ist\/wp-content\/uploads\/2025\/11\/1762435410_IONIQ_9__3_.jpg 550w, https:\/\/www.enerjigazetesi.ist\/wp-content\/uploads\/2025\/11\/1762435410_IONIQ_9__3_-300x169.jpg 300w, https:\/\/www.enerjigazetesi.ist\/wp-content\/uploads\/2025\/11\/1762435410_IONIQ_9__3_-500x281.jpg 500w, https:\/\/www.enerjigazetesi.ist\/wp-content\/uploads\/2025\/11\/1762435410_IONIQ_9__3_-80x45.jpg 80w\" sizes=\"(max-width: 550px) 100vw, 550px\" \/><\/p>\n<h3><strong>Tasar\u0131m ve Ya\u015fam Alan\u0131<\/strong><\/h3>\n<p>IONIQ 9, cesur ve i\u015flevsel bir tasar\u0131ma sahip. Premium kaliteye sahip geni\u015f kabini, ferah ve huzurlu bir atmosfer yarat\u0131yor. Modelin lounge benzeri i\u00e7 mek\u00e2n\u0131; yumu\u015fak tonlar, eliptik formlar ve panoramik cam tavan sayesinde do\u011fal \u0131\u015f\u0131kla birle\u015ferek \u201cevden uzakta bir ev\u201d hissi sunuyor. Tamamen d\u00fcz zemin yap\u0131s\u0131, alt\u0131 veya yedi ki\u015filik oturma d\u00fczenine olanak tan\u0131yor. \u00d6n ve ikinci s\u0131radaki Rahatlama Pozisyonlu Koltuklar, koltuk pozisyonu, koltuk s\u0131rtl\u0131\u011f\u0131 a\u00e7\u0131s\u0131, bacak deste\u011fi a\u00e7\u0131s\u0131 ve koltuk minderinin y\u00fcksekli\u011fini dinlenme i\u00e7in en uygun konum ve a\u00e7\u0131lara ayarlayarak ekstra konfor sa\u011fl\u0131yor. S\u00fcr\u00fcc\u00fc i\u00e7in \u00f6zel olarak geli\u015ftirilen masaj fonksiyonlu Ergo Motion koltuk, uzun s\u00fcr\u00fc\u015flerde yorgunlu\u011fu azaltmak \u00fczere tasarland\u0131.<\/p>\n<p>IONIQ 9 Calligraphy paketinde bulunan kayd\u0131r\u0131labilir Universal Island 2.0 konsolu, kabin i\u00e7i eri\u015fimi yeniden tan\u0131ml\u0131yor. Konsol, 190 mm ileri-geri hareket edebiliyor ve hem \u00f6n hem arka taraftan a\u00e7\u0131lan kol dayama alanlar\u0131yla kolay eri\u015fim sunuyor.<\/p>\n<p>Bagaj hacmi, \u00fc\u00e7\u00fcnc\u00fc s\u0131ra koltuklar katland\u0131\u011f\u0131nda 908 litre kapasiteye ula\u015f\u0131yor; bu alan d\u00f6rt golf \u00e7antas\u0131 ve d\u00f6rt Boston \u00e7antas\u0131n\u0131 s\u0131\u011fd\u0131racak kadar geni\u015f. T\u00fcm koltuklar a\u00e7\u0131kken 338 litre, \u00f6n bagajda ise Progressive donan\u0131mda 88 litre, Calligraphy donan\u0131m\u0131nda ise 52 litre ek saklama alan\u0131 sunuluyor.<\/p>\n<p><img loading=\"lazy\" class=\"aligncenter wp-image-201674 size-full\" src=\"https:\/\/www.enerjigazetesi.ist\/wp-content\/uploads\/2025\/11\/1762435422_IONIQ_9.jpg\" alt=\"\" width=\"550\" height=\"367\" srcset=\"https:\/\/www.enerjigazetesi.ist\/wp-content\/uploads\/2025\/11\/1762435422_IONIQ_9.jpg 550w, https:\/\/www.enerjigazetesi.ist\/wp-content\/uploads\/2025\/11\/1762435422_IONIQ_9-300x200.jpg 300w, https:\/\/www.enerjigazetesi.ist\/wp-content\/uploads\/2025\/11\/1762435422_IONIQ_9-500x334.jpg 500w, https:\/\/www.enerjigazetesi.ist\/wp-content\/uploads\/2025\/11\/1762435422_IONIQ_9-75x50.jpg 75w, https:\/\/www.enerjigazetesi.ist\/wp-content\/uploads\/2025\/11\/1762435422_IONIQ_9-450x300.jpg 450w\" sizes=\"(max-width: 550px) 100vw, 550px\" \/><\/p>\n<h3><strong>Performans, Menzil ve \u015earj \u00d6zellikleri<\/strong><\/h3>\n<p>IONIQ 9, Hyundai\u2019nin yenilik\u00e7i E-GMP platformu \u00fczerinde geli\u015ftirildi. Yeni nesil g\u00fc\u00e7 elektroni\u011fi sistemi, geli\u015fmi\u015f iki a\u015famal\u0131 invert\u00f6r yap\u0131s\u0131 ve optimize edilmi\u015f di\u015fli oranlar\u0131yla hem verimlilik hem de arazi kabiliyeti sa\u011fl\u0131yor. Modelin taban\u0131na yerle\u015ftirilen NMC lityum iyon batarya, 110,3 kWh batarya kapasitesine sahip. Progressive versiyonu, 160 kW arka motoruyla 620 km birle\u015fik menzil sunuyor. Calligraphy versiyonunda ise \u00e7ift motor kombine olarak 226,1 kW g\u00fc\u00e7 sa\u011flay\u0131p, 600 km birle\u015fik menzil sunuyor.<\/p>\n<p>Aerodinamik verimlilik, g\u00f6vde alt\u0131ndaki hava ak\u0131\u015f\u0131n\u0131n dengelenmesi ve lastik s\u00fcrt\u00fcnmesinin azalt\u0131lmas\u0131yla art\u0131r\u0131ld\u0131. Yeni \u00e7ift y\u00f6nl\u00fc aktif hava kapak\u00e7\u0131klar\u0131 (AAF), so\u011futma ihtiyac\u0131 olmad\u0131\u011f\u0131nda hava ak\u0131\u015f\u0131n\u0131 kapatarak s\u00fcrt\u00fcnme katsay\u0131s\u0131n\u0131 sadece 0,259 Cd seviyesine d\u00fc\u015f\u00fcr\u00fcyor. Bu sistem, d\u00fcz hareket ve d\u00f6n\u00fc\u015f kombinasyonuyla \u00e7al\u0131\u015fan yenilik\u00e7i bir mekanizmaya sahip; hem aerodinamik performans\u0131 hem de d\u0131\u015f g\u00f6r\u00fcn\u00fcm\u00fc iyile\u015ftiriyor.<\/p>\n<p>Di\u011fer aerodinamik yenilikler aras\u0131nda 3D \u015fekilli alt koruma, aerodinamik jant tasar\u0131m\u0131 ve gizli anten yer al\u0131yor. IONIQ 9, 350 kW ultra h\u0131zl\u0131 \u015farj deste\u011fiyle %10\u2019dan %80\u2019e yaln\u0131zca 24 dakikada \u015farj edilebiliyor. Ayr\u0131ca V2L (Vehicle-to-Load) fonksiyonu ve 400V\/800V \u00e7oklu \u015farj deste\u011fi ile kullan\u0131c\u0131ya maksimum esneklik sa\u011flan\u0131yor.<\/p>\n<h3><strong>S\u00fcr\u00fc\u015f Dinamikleri ve Konfor<\/strong><\/h3>\n<p>IONIQ 9\u2019un y\u00fcr\u00fcyen aksam\u0131, elektrikli SUV\u2019lara \u00f6zel olarak geli\u015ftirilen MacPherson \u00e7ok ba\u011flant\u0131l\u0131 s\u00fcspansiyon sistemine sahip. Otomatik y\u00fckseklik ve sertlik ayarl\u0131 amortis\u00f6rler ve kendini dengeleyen s\u00f6n\u00fcmleme sistemi, hem y\u00fcksek s\u00fcr\u00fc\u015f konforu hem de kararl\u0131 yol tutu\u015f sunuyor. \u015easi Kontrol Mod\u00fcl\u00fc (CDCU), dinamik tork da\u011f\u0131t\u0131m\u0131 ve yanal r\u00fczgar denge kontrol\u00fc gibi \u00f6zelliklerle s\u00fcr\u00fc\u015f g\u00fcvenli\u011fini art\u0131r\u0131yor. Arazi Modu sistemi ile kar, \u00e7amur veya toprak zeminlerde optimum \u00e7eki\u015f sa\u011flan\u0131yor.<\/p>\n<p>Kabin i\u00e7i sessizlik, \u00e7ift lamine akustik camlar, g\u00fcr\u00fclt\u00fc azaltma \u00f6zellikli lastikler ve ANC-R aktif yol sesi engelleme teknolojisi ile sa\u011flan\u0131yor. Premium BOSE 14 hoparl\u00f6rl\u00fc ses sistemi, 5.1 surround \u00f6zelli\u011fiyle konser salonu benzeri bir deneyim sunuyor.<\/p>\n<h3><strong>Teknoloji, G\u00fcvenlik ve Ba\u011flant\u0131 \u00d6zellikleri<\/strong><\/h3>\n<p>IONIQ 9, 12,3 in\u00e7 g\u00f6sterge paneli ve 12,3 in\u00e7 multimedya ekran\u0131ndan olu\u015fan panoramik kavisli ekrana sahip. Vites kolu direksiyon kolonuna entegre edilmi\u015f. Modelin ak\u0131ll\u0131 \u00e7ekme modu, r\u00f6mork a\u011f\u0131rl\u0131\u011f\u0131n\u0131 alg\u0131layarak menzil tahminini optimize ediyor ve AWD versiyonlarda 50:50 tork da\u011f\u0131l\u0131m\u0131n\u0131 koruyor.<\/p>\n<p>G\u00fcvenlik donan\u0131mlar\u0131 aras\u0131nda; \u00d6n \u00c7arp\u0131\u015fma \u00d6nleme Asistan\u0131 2 (FCA 2), \u015eerit Takip Asistan\u0131 2 (LFA 2), K\u00f6r Nokta \u00c7arp\u0131\u015fma \u00d6nleme Asistan\u0131 (BCA), K\u00f6r Nokta G\u00f6r\u00fcnt\u00fcleme Sistemi (BVM),\u00a0360\u00b0 \u00c7evre G\u00f6r\u00fc\u015f Kamera Sistemi (SVM), Arka \u00c7apraz \u00c7arp\u0131\u015fma \u00d6nleme Asistan\u0131 (RCCA) ve \u00d6n\/Arka\/Yan Park Sens\u00f6r\u00fc gibi geli\u015fmi\u015f s\u00fcr\u00fcc\u00fc destek sistemleri bulunuyor.<\/p>\n<p>IONIQ 9, 10 adet hava yast\u0131\u011f\u0131 ile kritik durumlarda maksimum koruma sa\u011fl\u0131yor. Ayr\u0131ca sa\u011flam g\u00f6vde yap\u0131s\u0131, \u00e7arp\u0131\u015fma enerjisini ideal derecede da\u011f\u0131tacak \u015fekilde tasarland\u0131. Merkezi hava yast\u0131\u011f\u0131, s\u00fcr\u00fcc\u00fc koltu\u011funun yan taraf\u0131ndan a\u00e7\u0131larak \u00e7arp\u0131\u015fma an\u0131nda ek koruma sa\u011fl\u0131yor.<\/p>\n<p>Alt\u0131 adet y\u00fcksek h\u0131zl\u0131 USB-C portu ile mobil cihazlar ayn\u0131 anda \u015farj edilebiliyor. Hyundai taraf\u0131ndan sa\u011flanan \u00f6zel kabloyla 100W\u2019a kadar enerji \u00e7\u0131k\u0131\u015f\u0131 al\u0131nabiliyor.<\/p>\n<p>Yay\u0131na Alan: Alperen ERTA\u015e-<a href=\"http:\/\/alperen.ertas@enerjigazetesi.ist\">alperen.ertas@enerjigazetesi.ist<\/a><\/p>","protected":false},"excerpt":{"rendered":"<p>Sorry, this entry is only available in Turkish. For the sake of viewer convenience, the content is shown below in the alternative language. You may click the link to switch the active language. Kas\u0131m 2024\u2019te ilk kez tan\u0131t\u0131lan Hyundai IONIQ 9, 2025 y\u0131l\u0131n\u0131n en \u00e7ok merak edilen elektrikli SUV modellerinden biri olarak \u00f6ne \u00e7\u0131k\u0131yor. D\u00fcnya [&hellip;]<\/p>\n","protected":false},"author":19,"featured_media":201675,"comment_status":"open","ping_status":"open","sticky":false,"template":"","format":"standard","meta":[],"categories":[51,53],"tags":[117554,61,67,117552,117553],"views":12,"_links":{"self":[{"href":"https:\/\/www.enerjigazetesi.ist\/en\/wp-json\/wp\/v2\/posts\/201673"}],"collection":[{"href":"https:\/\/www.enerjigazetesi.ist\/en\/wp-json\/wp\/v2\/posts"}],"about":[{"href":"https:\/\/www.enerjigazetesi.ist\/en\/wp-json\/wp\/v2\/types\/post"}],"author":[{"embeddable":true,"href":"https:\/\/www.enerjigazetesi.ist\/en\/wp-json\/wp\/v2\/users\/19"}],"replies":[{"embeddable":true,"href":"https:\/\/www.enerjigazetesi.ist\/en\/wp-json\/wp\/v2\/comments?post=201673"}],"version-history":[{"count":0,"href":"https:\/\/www.enerjigazetesi.ist\/en\/wp-json\/wp\/v2\/posts\/201673\/revisions"}],"wp:featuredmedia":[{"embeddable":true,"href":"https:\/\/www.enerjigazetesi.ist\/en\/wp-json\/wp\/v2\/media\/201675"}],"wp:attachment":[{"href":"https:\/\/www.enerjigazetesi.ist\/en\/wp-json\/wp\/v2\/media?parent=201673"}],"wp:term":[{"taxonomy":"category","embeddable":true,"href":"https:\/\/www.enerjigazetesi.ist\/en\/wp-json\/wp\/v2\/categories?post=201673"},{"taxonomy":"post_tag","embeddable":true,"href":"https:\/\/www.enerjigazetesi.ist\/en\/wp-json\/wp\/v2\/tags?post=201673"}],"curies":[{"name":"wp","href":"https:\/\/api.w.org\/{rel}","templated":true}]}}