{"id":201670,"date":"2025-11-07T19:55:02","date_gmt":"2025-11-07T16:55:02","guid":{"rendered":"https:\/\/www.enerjigazetesi.ist\/?p=201670"},"modified":"2025-11-07T21:04:35","modified_gmt":"2025-11-07T18:04:35","slug":"suriyedeki-enerji-sektoru-yatiriminda-uygulama-asamasina-gecildi","status":"publish","type":"post","link":"https:\/\/www.enerjigazetesi.ist\/en\/suriyedeki-enerji-sektoru-yatiriminda-uygulama-asamasina-gecildi\/","title":{"rendered":"(Turkish) Suriye\u2019deki Enerji Sekt\u00f6r\u00fc Yat\u0131r\u0131m\u0131nda Uygulama A\u015famas\u0131na Ge\u00e7ildi"},"content":{"rendered":"<p class=\"qtranxs-available-languages-message qtranxs-available-languages-message-en\">Sorry, this entry is only available in <a href=\"https:\/\/www.enerjigazetesi.ist\/tr\/wp-json\/wp\/v2\/posts\/201670\" class=\"qtranxs-available-language-link qtranxs-available-language-link-tr\" title=\"Turkish\">Turkish<\/a>. For the sake of viewer convenience, the content is shown below in the alternative language. You may click the link to switch the active language.<\/p><p><\/p>\n<h2><strong>T\u00fcrkiye\u2019den Kalyon Holding ve Cengiz Holding, Katar\u2019dan UCC ve ABD\u2019den Power International \u015firketlerinden olu\u015fan konsorsiyum, ge\u00e7ti\u011fimiz may\u0131s ay\u0131nda Suriye Enerji Bakanl\u0131\u011f\u0131 ile 7 milyar dolarl\u0131k stratejik enerji yat\u0131r\u0131m\u0131na imza atm\u0131\u015ft\u0131.\u00a0<\/strong><\/h2>\n<p><img loading=\"lazy\" class=\"aligncenter wp-image-201671 size-full\" src=\"https:\/\/www.enerjigazetesi.ist\/wp-content\/uploads\/2025\/11\/1762430009_Toplu_gorsel.jpg\" alt=\"\" width=\"550\" height=\"327\" srcset=\"https:\/\/www.enerjigazetesi.ist\/wp-content\/uploads\/2025\/11\/1762430009_Toplu_gorsel.jpg 550w, https:\/\/www.enerjigazetesi.ist\/wp-content\/uploads\/2025\/11\/1762430009_Toplu_gorsel-300x178.jpg 300w, https:\/\/www.enerjigazetesi.ist\/wp-content\/uploads\/2025\/11\/1762430009_Toplu_gorsel-500x297.jpg 500w, https:\/\/www.enerjigazetesi.ist\/wp-content\/uploads\/2025\/11\/1762430009_Toplu_gorsel-80x48.jpg 80w\" sizes=\"(max-width: 550px) 100vw, 550px\" \/><\/p>\n<p>Suriye Enerji Bakanl\u0131\u011f\u0131 ile konsorsiyumda yer alan \u015firketler aras\u0131nda bug\u00fcn ger\u00e7ekle\u015ftirilen imza t\u00f6reniyle, yat\u0131r\u0131m s\u00f6zle\u015fmesi ve enerji al\u0131m s\u00f6zle\u015fmesi de onaylanarak projelerde fiili uygulama a\u015famas\u0131na ge\u00e7ildi.<\/p>\n<h3><strong>5000 MW kurulu g\u00fcce ula\u015f\u0131lacak<\/strong><\/h3>\n<p>Suriye\u2019nin ulusal enerji g\u00fcvenli\u011fini g\u00fc\u00e7lendirmeyi hedefleyen yat\u0131r\u0131m; toplam 5000 MW kurulu g\u00fcce ula\u015facak d\u00f6rt do\u011falgaz kombine \u00e7evrim santrali ve bir g\u00fcne\u015f santralinden olu\u015fuyor. Santral sahalar\u0131n\u0131n topografik et\u00fctlerinin yap\u0131lmas\u0131 ve gerekli teknik \u00e7al\u0131\u015fmalar da dahil olmak \u00fczere t\u00fcm m\u00fchendislik ve teknik haz\u0131rl\u0131klar tamamland\u0131. Bug\u00fcn imzalanan nihai anla\u015fmayla birlikte projede uygulama a\u015famas\u0131na ge\u00e7ilmi\u015f oldu.<\/p>\n<h3><strong>Suriye\u2019de yeni bir d\u00f6nemin kap\u0131s\u0131 aralan\u0131yor<\/strong><\/h3>\n<p>Suriye\u2019nin Kuzey Halep, Zayzoun, Deir-Azzour ve Mehardeh b\u00f6lgelerinde toplam 4.000 MW kurulu g\u00fcce sahip do\u011falgaz \u00e7evrim santralleri, ayr\u0131ca Wedian Alrabee ve Deir-Azzour b\u00f6lgelerinde toplam 1.000 MW kurulu g\u00fcce sahip g\u00fcne\u015f enerjisi santralinden olu\u015fan devasa yat\u0131r\u0131m; performans, verimlilik ve g\u00fcvenilirlik a\u00e7\u0131s\u0131ndan en geli\u015fmi\u015f teknolojilerle hayata ge\u00e7irilecek. Ayr\u0131ca; \u00e7evre ve kamu g\u00fcvenli\u011fi a\u00e7\u0131s\u0131ndan en y\u00fcksek uluslararas\u0131 standartlara uygun \u015fekilde y\u00fcr\u00fct\u00fclecek.<\/p>\n<h3><strong>Suriye ekonomisinde adeta bir kataliz\u00f6r olacak<\/strong><\/h3>\n<p>Bu dev yat\u0131r\u0131m, Suriye\u2019nin enerji altyap\u0131s\u0131n\u0131 yeniden olu\u015fturma ve ekonomik b\u00fcy\u00fcmeyi te\u015fvik etme s\u00fcrecinde adeta bir kataliz\u00f6r g\u00f6revi g\u00f6recek. \u0130stikrarl\u0131 ve g\u00fcvenilir elektrik arz\u0131 sayesinde sanayi ve \u00fcretim tesislerinin tam kapasite \u00e7al\u0131\u015fmas\u0131 desteklenerek yeni tar\u0131m, sanayi ve ticaret yat\u0131r\u0131mlar\u0131n\u0131n \u00f6n\u00fc a\u00e7\u0131lacak.<\/p>\n<p>Ayn\u0131 zamanda; \u00fcretim maliyetlerini d\u00fc\u015f\u00fcrerek rekabet g\u00fcc\u00fcn\u00fc art\u0131racak, yerli ve yabanc\u0131 yat\u0131r\u0131mlar\u0131 te\u015fvik edecek, enerji sekt\u00f6r\u00fcnde uzmanl\u0131\u011f\u0131n yerelle\u015fmesine katk\u0131 sunacak. S\u00f6z konusu projelerin in\u015faat ve i\u015fletme a\u015famalar\u0131nda do\u011frudan ve dolayl\u0131 on binlerce istihdam yarat\u0131lacak.<\/p>\n<h3><strong>Ekonomik b\u00fcy\u00fcmenin ve kalk\u0131nman\u0131n itici g\u00fcc\u00fc olacak<\/strong><\/h3>\n<p><strong>Suriye Enerji Bakan\u0131 Muhammed El-Be\u015fir,<\/strong> imza t\u00f6reninde yapt\u0131\u011f\u0131 konu\u015fmada <em>\u201cBu yat\u0131r\u0131m, ulusal ekonomik kalk\u0131nma \u00f6ncelikleri do\u011frultusunda \u00fcretim kapasitesini g\u00fc\u00e7lendirecek, \u00fcretim a\u00e7\u0131\u011f\u0131n\u0131 kapatacak. Artan elektrik talebini kar\u015f\u0131layarak, enerji altyap\u0131s\u0131n\u0131 istikrara kavu\u015fturacak ve enerji arz g\u00fcvenli\u011fini g\u00fc\u00e7lendirecek. <\/em><em>Ekonomik b\u00fcy\u00fcmenin temel dire\u011fi ve itici g\u00fcc\u00fc olacak bu proje; \u00fcretim ve hizmet sekt\u00f6rlerinin verimlili\u011fini art\u0131racak, yat\u0131r\u0131mlar\u0131 te\u015fvik edecek ve s\u00fcrd\u00fcr\u00fclebilir kalk\u0131nmaya b\u00fcy\u00fck katk\u0131lar sunacak. Enerji sekt\u00f6r\u00fcnde b\u00f6lgesel i\u015f birli\u011fini ve entegrasyonu g\u00fc\u00e7lendiren bu stratejik yat\u0131r\u0131mda yer alan her biri sekt\u00f6r\u00fcnde lider olan \u015firketlere te\u015fekk\u00fcr ediyoruz\u201d<\/em> dedi.<\/p>\n<h3><strong>Suriye ekonomisine ve b\u00f6lgesel kalk\u0131nmaya s\u00fcrd\u00fcr\u00fclebilir katk\u0131 sunaca\u011f\u0131z<\/strong><\/h3>\n<p>\u0130mza t\u00f6reni sonras\u0131nda a\u00e7\u0131klamada bulunan\u00a0<strong>Kalyon Holding Y\u00f6netim Kurulu Ba\u015fkan Vekili<\/strong>\u00a0<strong>L\u00fctfi Elvan<\/strong>, \u201c<em>Suriye enerji sekt\u00f6r\u00fcnde d\u00f6n\u00fcm noktas\u0131 niteli\u011fi ta\u015f\u0131yan b\u00f6ylesine kapsaml\u0131 bir yat\u0131r\u0131m\u0131, de\u011ferli i\u015f ortaklar\u0131m\u0131zla birlikte hayata ge\u00e7irmekten b\u00fcy\u00fck gurur duyuyoruz. B\u00f6lgesel i\u015f birli\u011fini ve entegrasyonu g\u00fc\u00e7lendiren bu stratejik yat\u0131r\u0131m; yaln\u0131zca Suriye\u2019nin enerji arz g\u00fcvenli\u011fini desteklemekle kalmayacak, ayn\u0131 zamanda d\u0131\u015f ticaretin geli\u015fimine, istihdam\u0131n art\u0131r\u0131lmas\u0131na, yat\u0131r\u0131mlar\u0131n te\u015fvik edilmesine ve b\u00f6lgesel kalk\u0131nman\u0131n h\u0131zlanmas\u0131na da \u00f6nemli katk\u0131lar sa\u011flayacak\u201d<\/em> dedi.<\/p>\n<h3><strong>\u0130stikrar, kalk\u0131nma ve enerjiye eri\u015fim hakk\u0131n\u0131n yeniden tesis edilmesine y\u00f6nelik stratejik bir ad\u0131m at\u0131yoruz<\/strong><\/h3>\n<p>Cengiz Enerji\u2019nin T\u00fcrkiye\u2019de edindi\u011fi m\u00fchendislik g\u00fcc\u00fcn\u00fc, operasyonel tecr\u00fcbesini ve yat\u0131r\u0131m kapasitesini b\u00f6lgesel \u00f6l\u00e7ekte de konumland\u0131ran bir yap\u0131ya ula\u015ft\u0131\u011f\u0131n\u0131 vurgulayan\u00a0<strong>Cengiz Holding Enerji Grup Ba\u015fkan\u0131 Ahmet Cengiz<\/strong>\u00a0imza t\u00f6reni sonras\u0131nda \u015funlar\u0131 s\u00f6yledi: <em>\u201cSuriye\u2019de ger\u00e7ekle\u015ftirece\u011fimiz 5.000 MW\u2019l\u0131k enerji \u00fcretim projeleri, yaln\u0131zca b\u00f6lgenin yeniden yap\u0131lanmas\u0131na katk\u0131 sa\u011flamakla kalmayacak; ayn\u0131 zamanda enerji sekt\u00f6r\u00fcnde uluslararas\u0131 i\u015f birli\u011finin, g\u00fcvene dayal\u0131 ortakl\u0131\u011f\u0131n ve teknoloji transferinin g\u00fc\u00e7l\u00fc bir \u00f6rne\u011fini olu\u015fturacakt\u0131r. 4 adet do\u011fal gaz kombine \u00e7evrim santrali ve farkl\u0131 b\u00f6lgelerde kurulacak g\u00fcne\u015f enerjisi santrallerinden olu\u015fan bu entegre yat\u0131r\u0131m modeli, sadece ticari bir proje de\u011fil; istikrar, kalk\u0131nma ve enerjiye eri\u015fim hakk\u0131n\u0131n yeniden tesis edilmesine y\u00f6nelik stratejik bir ad\u0131md\u0131r. Suriye\u2019nin uzun vadeli enerji arz g\u00fcvenli\u011fine, yerel istihdama ve s\u00fcrd\u00fcr\u00fclebilir \u00fcretim kapasitesinin in\u015fas\u0131na katk\u0131 sunmaktan b\u00fcy\u00fck memnuniyet duyuyoruz\u201d<\/em> dedi.<\/p>\n<h3><strong>Suriye enerji sekt\u00f6r\u00fcnde ilk ve \u00f6nde gelen kamu-\u00f6zel i\u015f birli\u011fi modeli<\/strong><\/h3>\n<p>7 milyar dolarl\u0131k enerji yat\u0131r\u0131m\u0131; Suriye enerji sekt\u00f6r\u00fcnde ilk ve \u00f6nde gelen kamu-\u00f6zel i\u015f birli\u011fi modeli olma \u00f6zelli\u011fi ta\u015f\u0131yor. T\u00fcm sekt\u00f6rlere \u00f6rnek olmas\u0131 beklenen bu i\u015f birli\u011finin; Suriye\u2019deki yat\u0131r\u0131m ortam\u0131n\u0131n cazibesini art\u0131rmas\u0131 ve uluslararas\u0131 yat\u0131r\u0131mc\u0131lar\u0131 cezbederek daha b\u00fcy\u00fck yat\u0131r\u0131mlar\u0131n \u00f6n\u00fcn\u00fc a\u00e7mas\u0131 bekleniyor.<\/p>\n<p>Yay\u0131na Alan: Alperen ERTA\u015e-<a href=\"http:\/\/alperen.ertas@enerjigazetesi.ist\">alperen.ertas@enerjigazetesi.ist<\/a><\/p>","protected":false},"excerpt":{"rendered":"<p>Sorry, this entry is only available in Turkish. For the sake of viewer convenience, the content is shown below in the alternative language. You may click the link to switch the active language. T\u00fcrkiye\u2019den Kalyon Holding ve Cengiz Holding, Katar\u2019dan UCC ve ABD\u2019den Power International \u015firketlerinden olu\u015fan konsorsiyum, ge\u00e7ti\u011fimiz may\u0131s ay\u0131nda Suriye Enerji Bakanl\u0131\u011f\u0131 ile [&hellip;]<\/p>\n","protected":false},"author":19,"featured_media":201671,"comment_status":"open","ping_status":"open","sticky":false,"template":"","format":"standard","meta":[],"categories":[46,51,53,49],"tags":[2889,67,35882,117550,117551,846,117549],"views":17,"_links":{"self":[{"href":"https:\/\/www.enerjigazetesi.ist\/en\/wp-json\/wp\/v2\/posts\/201670"}],"collection":[{"href":"https:\/\/www.enerjigazetesi.ist\/en\/wp-json\/wp\/v2\/posts"}],"about":[{"href":"https:\/\/www.enerjigazetesi.ist\/en\/wp-json\/wp\/v2\/types\/post"}],"author":[{"embeddable":true,"href":"https:\/\/www.enerjigazetesi.ist\/en\/wp-json\/wp\/v2\/users\/19"}],"replies":[{"embeddable":true,"href":"https:\/\/www.enerjigazetesi.ist\/en\/wp-json\/wp\/v2\/comments?post=201670"}],"version-history":[{"count":0,"href":"https:\/\/www.enerjigazetesi.ist\/en\/wp-json\/wp\/v2\/posts\/201670\/revisions"}],"wp:featuredmedia":[{"embeddable":true,"href":"https:\/\/www.enerjigazetesi.ist\/en\/wp-json\/wp\/v2\/media\/201671"}],"wp:attachment":[{"href":"https:\/\/www.enerjigazetesi.ist\/en\/wp-json\/wp\/v2\/media?parent=201670"}],"wp:term":[{"taxonomy":"category","embeddable":true,"href":"https:\/\/www.enerjigazetesi.ist\/en\/wp-json\/wp\/v2\/categories?post=201670"},{"taxonomy":"post_tag","embeddable":true,"href":"https:\/\/www.enerjigazetesi.ist\/en\/wp-json\/wp\/v2\/tags?post=201670"}],"curies":[{"name":"wp","href":"https:\/\/api.w.org\/{rel}","templated":true}]}}