{"id":201643,"date":"2025-11-06T18:32:40","date_gmt":"2025-11-06T15:32:40","guid":{"rendered":"https:\/\/www.enerjigazetesi.ist\/?p=201643"},"modified":"2025-11-06T18:32:40","modified_gmt":"2025-11-06T15:32:40","slug":"yeka-ges-2025-sartnamesinde-yerlilik-oranlari-yeniden-duzenlendi","status":"publish","type":"post","link":"https:\/\/www.enerjigazetesi.ist\/en\/yeka-ges-2025-sartnamesinde-yerlilik-oranlari-yeniden-duzenlendi\/","title":{"rendered":"(Turkish) YEKA GES-2025 \u015eartnamesinde Yerlilik Oranlar\u0131 Yeniden D\u00fczenlendi"},"content":{"rendered":"<p class=\"qtranxs-available-languages-message qtranxs-available-languages-message-en\">Sorry, this entry is only available in <a href=\"https:\/\/www.enerjigazetesi.ist\/tr\/wp-json\/wp\/v2\/posts\/201643\" class=\"qtranxs-available-language-link qtranxs-available-language-link-tr\" title=\"Turkish\">Turkish<\/a>. For the sake of viewer convenience, the content is shown below in the alternative language. You may click the link to switch the active language.<\/p><p><\/p>\n<h2><strong>Enerji ve Tabii Kaynaklar Bakanl\u0131\u011f\u0131,\u00a0YEKA GES-2025 yar\u0131\u015fma\u00a0\u015fartnamesinde de\u011fi\u015fiklik\u00a0yaparak, g\u00fcne\u015f enerjisi yat\u0131r\u0131mlar\u0131nda\u00a0yerli katk\u0131 oranlar\u0131n\u0131 art\u0131rd\u0131.\u00a0Bug\u00fcn yay\u0131mlanan\u00a0zeyilname\u00a0ile \u015fartnamenin \u00fc\u00e7 maddesinde \u00f6nemli d\u00fczenlemelere gidildi.<\/strong><\/h2>\n<p><img loading=\"lazy\" class=\"aligncenter wp-image-201644 size-full\" src=\"https:\/\/www.enerjigazetesi.ist\/wp-content\/uploads\/2025\/11\/thumbs_b_c_75c856f05d82f9f820d58d7a776d0ac6.jpg\" alt=\"\" width=\"550\" height=\"309\" srcset=\"https:\/\/www.enerjigazetesi.ist\/wp-content\/uploads\/2025\/11\/thumbs_b_c_75c856f05d82f9f820d58d7a776d0ac6.jpg 550w, https:\/\/www.enerjigazetesi.ist\/wp-content\/uploads\/2025\/11\/thumbs_b_c_75c856f05d82f9f820d58d7a776d0ac6-300x169.jpg 300w, https:\/\/www.enerjigazetesi.ist\/wp-content\/uploads\/2025\/11\/thumbs_b_c_75c856f05d82f9f820d58d7a776d0ac6-500x281.jpg 500w, https:\/\/www.enerjigazetesi.ist\/wp-content\/uploads\/2025\/11\/thumbs_b_c_75c856f05d82f9f820d58d7a776d0ac6-80x45.jpg 80w\" sizes=\"(max-width: 550px) 100vw, 550px\" \/><\/p>\n<h3><strong>Ana Noktalar<\/strong><\/h3>\n<p><strong>&#8211; Yerli Mal\u0131 Belgesi<\/strong>\u00a0tan\u0131m\u0131 yeniden d\u00fczenlendi.<\/p>\n<p><strong>&#8211; G\u00fcne\u015f mod\u00fcllerinde asgari y\u00fczde 75 yerlilik oran\u0131<\/strong>\u00a0\u015fart\u0131 getirildi.<\/p>\n<p><strong>&#8211; DC g\u00fcne\u015f kablosu, ta\u015f\u0131y\u0131c\u0131 yap\u0131 ve invert\u00f6rlerde y\u00fczde 51 yerlilik oran\u0131<\/strong>\u00a0zorunlu hale geldi.<\/p>\n<p>&#8211; \u00dcretim yaln\u0131zca <strong>T\u00fcrkiye\u2019de kurulu fabrikalarda<\/strong>\u00a0veya\u00a0<strong>yerli imalat\u00e7\u0131lardan<\/strong>\u00a0yap\u0131labilecek.<\/p>\n<p>&#8211; De\u011fi\u015fiklikler, <strong>YEKA GES-2025 ba\u015fvurular\u0131ndan itibaren<\/strong>\u00a0ge\u00e7erli olacak.<\/p>\n<h3 class=\"wp-block-heading\"><strong>Yerli Mal\u0131 Belgesi Tan\u0131m\u0131 G\u00fcncellendi<\/strong><\/h3>\n<p>Yeni d\u00fczenlemeyle,\u00a0<strong>Yerli Mal\u0131 Belgesi<\/strong>\u00a0tan\u0131m\u0131, Yerli Mal\u0131 Tebli\u011fi (SGM 2014\/35) kapsam\u0131nda d\u00fczenlenen ve \u00fcr\u00fcn\u00fcn\u00a0<strong>yerli katk\u0131 oran\u0131n\u0131<\/strong>\u00a0g\u00f6steren belge olarak netle\u015ftirildi.<\/p>\n<h3 class=\"wp-block-heading\"><strong>Yerlili\u011fe \u0130li\u015fkin H\u00fck\u00fcmler G\u00fc\u00e7lendirildi<\/strong><\/h3>\n<p>\u015eartnamenin\u00a0<strong>6.1. maddesine<\/strong>\u00a0g\u00f6re,\u00a0<strong>asgari y\u00fczde 75 yerli katk\u0131 oran\u0131na sahip g\u00fcne\u015f mod\u00fcllerinin<\/strong>\u00a0T\u00fcrkiye\u2019de kurulu tesislerde \u00fcretilmesi veya yerli imalat\u00e7\u0131lardan tedarik edilmesi gerekecek. Bu d\u00fczenleme ile hem\u00a0<strong>yerli \u00fcretim kapasitesinin<\/strong>\u00a0hem de\u00a0<strong>teknolojik ba\u011f\u0131ms\u0131zl\u0131\u011f\u0131n<\/strong>\u00a0g\u00fc\u00e7lendirilmesi hedefleniyor.<\/p>\n<h3 class=\"wp-block-heading\"><strong>Ek-2 Tablosunda Oranlar Netle\u015fti<\/strong><\/h3>\n<p>Yerli Mal\u0131 Belgeli Aksam Tablosu\u2019nda yap\u0131lan de\u011fi\u015fiklikle,<\/p>\n<p><strong>&#8211; G\u00fcne\u015f Mod\u00fcl\u00fc:<\/strong> y\u00fczde 75 yerlilik oran\u0131,<\/p>\n<p><strong>&#8211; DC G\u00fcne\u015f Kablosu, Mod\u00fcl Ta\u015f\u0131y\u0131c\u0131 Yap\u0131, \u0130nvert\u00f6r:<\/strong> y\u00fczde 51 yerlilik oran\u0131<br \/>\n\u015feklinde belirlendi.<\/p>\n<p>Bu oranlar, YEKA GES projelerinde kullan\u0131lacak ekipmanlar\u0131n\u00a0<strong>yerli \u00fcretim a\u011f\u0131rl\u0131\u011f\u0131n\u0131 art\u0131racak<\/strong>\u00a0ve\u00a0<strong>yerli sanayiye do\u011frudan katk\u0131 sa\u011flayacak.<\/strong><\/p>\n<p>\u015eartnamenin\u00a0\u201cTan\u0131mlar\u201d\u00a0b\u00f6l\u00fcm\u00fcnde yer alan\u00a0Yerli Mal\u0131 Belgesi\u00a0ba\u015fl\u0131kl\u0131 maddesinde \u015fu de\u011fi\u015fiklik yap\u0131ld\u0131;<\/p>\n<p>22. Yerli Mal\u0131 Belgesi: Yerli Mal\u0131 Tebli\u011fi\u00a0<em><mark class=\"has-inline-color\">(<\/mark><\/em><mark class=\"has-inline-color\">SGM 2014\/35)<\/mark>\u00a0kapsam\u0131nda d\u00fczenlenen<mark class=\"has-inline-color\">\u00a0ve \u015eartname\u2019de belirtilen bir Aksam\u2019\u0131n yerli katk\u0131 oran\u0131n\u0131 g\u00f6steren<\/mark>\u00a0belgeyi,<\/p>\n<p>Ayr\u0131ca \u015fartnamenin Yerlili\u011fe \u0130li\u015fkin H\u00fck\u00fcmler ba\u015fl\u0131kl\u0131 b\u00f6l\u00fcm\u00fcn\u00fcn 6.1.\u2019inci maddesinde yap\u0131lan de\u011fi\u015fiklik \u015fu \u015fekilde oldu;<\/p>\n<p>6.1. GES\u2019te kurulumu ger\u00e7ekle\u015ftirilecek olan\u00a0<mark class=\"has-inline-color\">ve asgari Yerli Katk\u0131 Oran\u0131 y\u00fczde 75 (y\u00fczdeyetmi\u015fbe\u015f) olan<\/mark>\u00a0Yerli Mal\u0131 Belgesi\u2019ne sahip G\u00fcne\u015f Mod\u00fclleri, T\u00fcrkiye\u2019de kurulu (serbest b\u00f6lgeler hari\u00e7) fabrikalarda \u00fcretilir veya serbest b\u00f6lgeler d\u0131\u015f\u0131ndaki yerli imalat\u00e7\u0131lardan tedarik edilir.<\/p>\n<p>Yap\u0131lan de\u011fi\u015fikliklerle\u00a0<strong>YEKA GES-2025 yar\u0131\u015fmalar\u0131nda yerlilik kriterleri daha kat\u0131 hale geldi.<\/strong>\u00a0Bu ad\u0131m, T\u00fcrkiye\u2019nin\u00a0<strong>g\u00fcne\u015f enerjisi teknolojilerinde yerli \u00fcretim hedeflerini<\/strong>\u00a0destekleyecek ve sekt\u00f6rdeki\u00a0<strong>rekabet g\u00fcc\u00fcn\u00fc<\/strong>\u00a0art\u0131racak.<\/p>\n<p>Kaynak:\u00a0<a href=\"https:\/\/gensed.org\/yeka-ges-2025-sartnamesinde-yerlilik-oranlari-yeniden-duzenlendi\/\" rel=\"nofollow \">gensed.org<\/a><\/p>\n<p style=\"text-align: left\">Yay\u0131na Alan: Alperen ERTA\u015e-<a href=\"http:\/\/alperen.ertas@enerjigazetesi.ist\">alperen.ertas@enerjigazetesi.ist<\/a><\/p>\n<p><\/p>","protected":false},"excerpt":{"rendered":"<p>Sorry, this entry is only available in Turkish. For the sake of viewer convenience, the content is shown below in the alternative language. You may click the link to switch the active language. Enerji ve Tabii Kaynaklar Bakanl\u0131\u011f\u0131,\u00a0YEKA GES-2025 yar\u0131\u015fma\u00a0\u015fartnamesinde de\u011fi\u015fiklik\u00a0yaparak, g\u00fcne\u015f enerjisi yat\u0131r\u0131mlar\u0131nda\u00a0yerli katk\u0131 oranlar\u0131n\u0131 art\u0131rd\u0131.\u00a0Bug\u00fcn yay\u0131mlanan\u00a0zeyilname\u00a0ile \u015fartnamenin \u00fc\u00e7 maddesinde \u00f6nemli d\u00fczenlemelere gidildi. Ana [&hellip;]<\/p>\n","protected":false},"author":19,"featured_media":201644,"comment_status":"open","ping_status":"open","sticky":false,"template":"","format":"standard","meta":[],"categories":[53,49],"tags":[67,1635,13,846,117544],"views":22,"_links":{"self":[{"href":"https:\/\/www.enerjigazetesi.ist\/en\/wp-json\/wp\/v2\/posts\/201643"}],"collection":[{"href":"https:\/\/www.enerjigazetesi.ist\/en\/wp-json\/wp\/v2\/posts"}],"about":[{"href":"https:\/\/www.enerjigazetesi.ist\/en\/wp-json\/wp\/v2\/types\/post"}],"author":[{"embeddable":true,"href":"https:\/\/www.enerjigazetesi.ist\/en\/wp-json\/wp\/v2\/users\/19"}],"replies":[{"embeddable":true,"href":"https:\/\/www.enerjigazetesi.ist\/en\/wp-json\/wp\/v2\/comments?post=201643"}],"version-history":[{"count":0,"href":"https:\/\/www.enerjigazetesi.ist\/en\/wp-json\/wp\/v2\/posts\/201643\/revisions"}],"wp:featuredmedia":[{"embeddable":true,"href":"https:\/\/www.enerjigazetesi.ist\/en\/wp-json\/wp\/v2\/media\/201644"}],"wp:attachment":[{"href":"https:\/\/www.enerjigazetesi.ist\/en\/wp-json\/wp\/v2\/media?parent=201643"}],"wp:term":[{"taxonomy":"category","embeddable":true,"href":"https:\/\/www.enerjigazetesi.ist\/en\/wp-json\/wp\/v2\/categories?post=201643"},{"taxonomy":"post_tag","embeddable":true,"href":"https:\/\/www.enerjigazetesi.ist\/en\/wp-json\/wp\/v2\/tags?post=201643"}],"curies":[{"name":"wp","href":"https:\/\/api.w.org\/{rel}","templated":true}]}}