{"id":201620,"date":"2025-11-06T17:01:02","date_gmt":"2025-11-06T14:01:02","guid":{"rendered":"https:\/\/www.enerjigazetesi.ist\/?p=201620"},"modified":"2025-11-06T19:12:37","modified_gmt":"2025-11-06T16:12:37","slug":"galata-wind-2025-in-3-uncu-ceyreginde-uretimini-yuzde-15-artirdi","status":"publish","type":"post","link":"https:\/\/www.enerjigazetesi.ist\/en\/galata-wind-2025-in-3-uncu-ceyreginde-uretimini-yuzde-15-artirdi\/","title":{"rendered":"(Turkish) &#8217;Galata Wind&#8217; 2025\u2019in 3&#8217;\u00fcnc\u00fc \u00c7eyre\u011finde \u00dcretimini Y\u00fczde 15 Art\u0131rd\u0131"},"content":{"rendered":"<p class=\"qtranxs-available-languages-message qtranxs-available-languages-message-en\">Sorry, this entry is only available in <a href=\"https:\/\/www.enerjigazetesi.ist\/tr\/wp-json\/wp\/v2\/posts\/201620\" class=\"qtranxs-available-language-link qtranxs-available-language-link-tr\" title=\"Turkish\">Turkish<\/a>. For the sake of viewer convenience, the content is shown below in the alternative language. You may click the link to switch the active language.<\/p><p><\/p>\n<h2><strong>2030 y\u0131l\u0131nda 1000 MW kurulu g\u00fcce ula\u015fma hedefiyle T\u00fcrkiye ve Avrupa\u2019daki yat\u0131r\u0131mlar\u0131n\u0131 s\u00fcrd\u00fcren Galata Wind\u2019in toplam \u00fcretimi, 2025 y\u0131l\u0131n\u0131n \u00fc\u00e7\u00fcnc\u00fc \u00e7eyre\u011finde has\u0131lat\u0131 2.231 milyon TL oldu.<\/strong><\/h2>\n<p><img loading=\"lazy\" class=\"aligncenter wp-image-201628 size-full\" src=\"https:\/\/www.enerjigazetesi.ist\/wp-content\/uploads\/2025\/11\/images-2.jpg\" alt=\"\" width=\"550\" height=\"337\" srcset=\"https:\/\/www.enerjigazetesi.ist\/wp-content\/uploads\/2025\/11\/images-2.jpg 550w, https:\/\/www.enerjigazetesi.ist\/wp-content\/uploads\/2025\/11\/images-2-300x184.jpg 300w, https:\/\/www.enerjigazetesi.ist\/wp-content\/uploads\/2025\/11\/images-2-500x306.jpg 500w, https:\/\/www.enerjigazetesi.ist\/wp-content\/uploads\/2025\/11\/images-2-80x50.jpg 80w\" sizes=\"(max-width: 550px) 100vw, 550px\" \/><\/p>\n<p>T\u00fcrkiye\u2019nin \u00f6nde gelen yenilenebilir enerji \u015firketlerinden Galata Wind\u2019in has\u0131lat\u0131, 2025 y\u0131l\u0131n\u0131n \u00fc\u00e7\u00fcnc\u00fc \u00e7eyre\u011finde 2.231 milyon TL seviyesinde ger\u00e7ekle\u015fti. \u00a0\u015eirket, finansal disiplin ve etkin maliyet y\u00f6netimi sayesinde \u00f6nceki d\u00f6nemlere k\u0131yasla olumlu bir performans sergiledi. Toplam \u00fcretim ise ge\u00e7en y\u0131l\u0131n ayn\u0131 d\u00f6nemine g\u00f6re iklim ko\u015fullar\u0131 ve devreye al\u0131nan yeni ek kapasitelerin etkisiyle y\u00fczde 15 oran\u0131nda artarak 691.609 MWh ula\u015fm\u0131\u015ft\u0131r.<\/p>\n<p>Mevsimsel avantajlar ile s\u00fcrd\u00fcr\u00fclen verimlilik odakl\u0131 y\u00f6netim anlay\u0131\u015f\u0131n\u0131n katk\u0131s\u0131yla g\u00fc\u00e7l\u00fc bir operasyonel performans sergileyen Galata Wind\u2019in, 2025 y\u0131l\u0131 Eyl\u00fcl d\u00f6neminde elde etti\u011fi konsolide Faiz, Amortisman ve Vergi \u00d6ncesi K\u00e2r\u0131 (FAV\u00d6K)\u00a01.563\u00a0milyon TL, vergi \u00f6ncesi k\u00e2r\u0131 ise\u00a01.180\u00a0milyon TL olarak ger\u00e7ekle\u015fti.<\/p>\n<div id=\"attachment_201623\" style=\"width: 560px\" class=\"wp-caption aligncenter\"><img aria-describedby=\"caption-attachment-201623\" loading=\"lazy\" class=\"wp-image-201623 size-full\" src=\"https:\/\/www.enerjigazetesi.ist\/wp-content\/uploads\/2025\/11\/1762271333_Galata_Wind_CEOsu_Burak_Kuyan.jpg\" alt=\"\" width=\"550\" height=\"367\" srcset=\"https:\/\/www.enerjigazetesi.ist\/wp-content\/uploads\/2025\/11\/1762271333_Galata_Wind_CEOsu_Burak_Kuyan.jpg 550w, https:\/\/www.enerjigazetesi.ist\/wp-content\/uploads\/2025\/11\/1762271333_Galata_Wind_CEOsu_Burak_Kuyan-300x200.jpg 300w, https:\/\/www.enerjigazetesi.ist\/wp-content\/uploads\/2025\/11\/1762271333_Galata_Wind_CEOsu_Burak_Kuyan-500x334.jpg 500w, https:\/\/www.enerjigazetesi.ist\/wp-content\/uploads\/2025\/11\/1762271333_Galata_Wind_CEOsu_Burak_Kuyan-75x50.jpg 75w, https:\/\/www.enerjigazetesi.ist\/wp-content\/uploads\/2025\/11\/1762271333_Galata_Wind_CEOsu_Burak_Kuyan-450x300.jpg 450w\" sizes=\"(max-width: 550px) 100vw, 550px\" \/><p id=\"caption-attachment-201623\" class=\"wp-caption-text\">Galata Wind CEO\u2019su Burak Kuyan<\/p><\/div>\n<p>Galata Wind\u2019in 2025\u2019in \u00fc\u00e7\u00fcnc\u00fc \u00e7eyre\u011finde yat\u0131r\u0131mc\u0131 g\u00fcvenini peki\u015ftiren ad\u0131mlar atmaya devam etti\u011fini belirten <strong>Galata Wind CEO\u2019su Burak Kuyan \u015funlar\u0131 s\u00f6yledi<\/strong>; <em>\u201cMersin RES Ek Kapasite ve Ta\u015fp\u0131nar Hibrit GES santrallerinin tamamlanmas\u0131yla portf\u00f6y\u00fcm\u00fcz\u00fc daha da g\u00fc\u00e7lendirdik. Ayr\u0131ca, yurt d\u0131\u015f\u0131ndaki faaliyetlerimizi de geni\u015fleterek s\u00fcrd\u00fcr\u00fcyoruz. Ekim ay\u0131nda Almanya\u2019da kurulacak 20 MW\u2019l\u0131k G\u00fcne\u015f Enerji Santrali projesinin sat\u0131n al\u0131m\u0131 amac\u0131yla Almanya\u2019da yerle\u015fik bir \u015firket ile s\u00f6zle\u015fme imzalad\u0131k. \u0130zin s\u00fcre\u00e7lerinin tamamlanmas\u0131n\u0131n ard\u0131ndan in\u015faata ba\u015flayaca\u011f\u0131m\u0131z proje, Almanya\u2019n\u0131n g\u00fcneyinde yer alacak ve Agri-PV (Tar\u0131m GES) ile Batarya \u00dcnitesi\u2019ni (BESS) i\u00e7erecek. B\u00f6ylece Avrupa\u2019da ula\u015f\u0131lmas\u0131 hedeflenen toplam kapasite, kesinle\u015fen ve g\u00f6r\u00fc\u015fmeleri s\u00fcren projelerle birlikte 72 MW PV ve 60 MW BESS olmak \u00fczere toplam 132 MW\u2019a ula\u015faca\u011f\u0131z.\u201c<\/em> dedi.<\/p>\n<p>\u201cTemiz bir gelecek i\u00e7in temiz enerji\u201d vizyonuyla faaliyetlerini s\u00fcrd\u00fcren Galata Wind, T\u00fcrkiye\u2019nin ye\u015fil d\u00f6n\u00fc\u015f\u00fcm\u00fcne katk\u0131 sa\u011flama misyonuyla, hibrit projeler ve enerji depolama alan\u0131ndaki stratejik yat\u0131r\u0131mlar\u0131n\u0131 da s\u00fcrd\u00fcr\u00fcyor.<\/p>\n<p>Yay\u0131na Alan: Alperen ERTA\u015e-<a href=\"http:\/\/alperen.ertas@enerjigazetesi.ist\">alperen.ertas@enerjigazetesi.ist<\/a><\/p>","protected":false},"excerpt":{"rendered":"<p>Sorry, this entry is only available in Turkish. For the sake of viewer convenience, the content is shown below in the alternative language. You may click the link to switch the active language. 2030 y\u0131l\u0131nda 1000 MW kurulu g\u00fcce ula\u015fma hedefiyle T\u00fcrkiye ve Avrupa\u2019daki yat\u0131r\u0131mlar\u0131n\u0131 s\u00fcrd\u00fcren Galata Wind\u2019in toplam \u00fcretimi, 2025 y\u0131l\u0131n\u0131n \u00fc\u00e7\u00fcnc\u00fc \u00e7eyre\u011finde has\u0131lat\u0131 [&hellip;]<\/p>\n","protected":false},"author":19,"featured_media":201628,"comment_status":"open","ping_status":"open","sticky":false,"template":"","format":"standard","meta":[],"categories":[51,53,49,50],"tags":[117537,61,67,89633,2326,16],"views":30,"_links":{"self":[{"href":"https:\/\/www.enerjigazetesi.ist\/en\/wp-json\/wp\/v2\/posts\/201620"}],"collection":[{"href":"https:\/\/www.enerjigazetesi.ist\/en\/wp-json\/wp\/v2\/posts"}],"about":[{"href":"https:\/\/www.enerjigazetesi.ist\/en\/wp-json\/wp\/v2\/types\/post"}],"author":[{"embeddable":true,"href":"https:\/\/www.enerjigazetesi.ist\/en\/wp-json\/wp\/v2\/users\/19"}],"replies":[{"embeddable":true,"href":"https:\/\/www.enerjigazetesi.ist\/en\/wp-json\/wp\/v2\/comments?post=201620"}],"version-history":[{"count":0,"href":"https:\/\/www.enerjigazetesi.ist\/en\/wp-json\/wp\/v2\/posts\/201620\/revisions"}],"wp:featuredmedia":[{"embeddable":true,"href":"https:\/\/www.enerjigazetesi.ist\/en\/wp-json\/wp\/v2\/media\/201628"}],"wp:attachment":[{"href":"https:\/\/www.enerjigazetesi.ist\/en\/wp-json\/wp\/v2\/media?parent=201620"}],"wp:term":[{"taxonomy":"category","embeddable":true,"href":"https:\/\/www.enerjigazetesi.ist\/en\/wp-json\/wp\/v2\/categories?post=201620"},{"taxonomy":"post_tag","embeddable":true,"href":"https:\/\/www.enerjigazetesi.ist\/en\/wp-json\/wp\/v2\/tags?post=201620"}],"curies":[{"name":"wp","href":"https:\/\/api.w.org\/{rel}","templated":true}]}}