{"id":201617,"date":"2025-11-05T21:51:25","date_gmt":"2025-11-05T18:51:25","guid":{"rendered":"https:\/\/www.enerjigazetesi.ist\/?p=201617"},"modified":"2025-11-05T21:51:25","modified_gmt":"2025-11-05T18:51:25","slug":"gelecege-yesil-isik-yak-projesinde-yeni-donem-basladi","status":"publish","type":"post","link":"https:\/\/www.enerjigazetesi.ist\/en\/gelecege-yesil-isik-yak-projesinde-yeni-donem-basladi\/","title":{"rendered":"(Turkish) Gelece\u011fe Ye\u015fil I\u015f\u0131k Yak Projesi\u2019nde Yeni D\u00f6nem Ba\u015flad\u0131"},"content":{"rendered":"<p class=\"qtranxs-available-languages-message qtranxs-available-languages-message-en\">Sorry, this entry is only available in <a href=\"https:\/\/www.enerjigazetesi.ist\/tr\/wp-json\/wp\/v2\/posts\/201617\" class=\"qtranxs-available-language-link qtranxs-available-language-link-tr\" title=\"Turkish\">Turkish<\/a>. For the sake of viewer convenience, the content is shown below in the alternative language. You may click the link to switch the active language.<\/p><p><\/p>\n<h2><strong>Polat Enerji ve Polat Vakf\u0131 i\u015f birli\u011fiyle hayata ge\u00e7irilen \u201cGelece\u011fe Ye\u015fil I\u015f\u0131k Yak\u201d sosyal sorumluluk projesi, 2025-2026 e\u011fitim-\u00f6\u011fretim y\u0131l\u0131n\u0131n ba\u015flamas\u0131yla birlikte \u00f6\u011frencilere <\/strong><strong>yenilenebilir enerji <\/strong><strong>ve iklim de\u011fi\u015fikli\u011fi konular\u0131nda fark\u0131ndal\u0131k yaratmaya devam ediyor. Proje kapsam\u0131nda d\u00fczenlenen e\u011fitimlerde, \u00f6\u011frencilerin enerji d\u00f6n\u00fc\u015f\u00fcm s\u00fcre\u00e7lerini ke\u015ffetmelerini sa\u011flayan interaktif ve deneyim temelli etkinliklere yer veriliyor.<\/strong><\/h2>\n<p><strong> <img loading=\"lazy\" class=\"aligncenter wp-image-201618 size-full\" src=\"https:\/\/www.enerjigazetesi.ist\/wp-content\/uploads\/2025\/11\/1762332690_IMG_20251009_WA0105.jpg\" alt=\"\" width=\"550\" height=\"412\" srcset=\"https:\/\/www.enerjigazetesi.ist\/wp-content\/uploads\/2025\/11\/1762332690_IMG_20251009_WA0105.jpg 550w, https:\/\/www.enerjigazetesi.ist\/wp-content\/uploads\/2025\/11\/1762332690_IMG_20251009_WA0105-300x225.jpg 300w, https:\/\/www.enerjigazetesi.ist\/wp-content\/uploads\/2025\/11\/1762332690_IMG_20251009_WA0105-500x375.jpg 500w, https:\/\/www.enerjigazetesi.ist\/wp-content\/uploads\/2025\/11\/1762332690_IMG_20251009_WA0105-67x50.jpg 67w\" sizes=\"(max-width: 550px) 100vw, 550px\" \/><\/strong><\/p>\n<p>T\u00fcrkiye&#8217;nin yenilenebilir enerji alan\u0131ndaki \u00f6nc\u00fc \u015firketlerinden Polat Enerji ile topluma fayda sa\u011flamay\u0131 ama\u00e7layan Polat Vakf\u0131 i\u015f birli\u011fiyle 2023 y\u0131l\u0131nda hayata ge\u00e7irilen \u2018\u2019Gelece\u011fe Ye\u015fil I\u015f\u0131k Yak\u2019\u2019 projesi, ilkokul ve meslek lisesi \u00f6\u011frencilerine s\u00fcrd\u00fcr\u00fclebilir bir gelecek bilinci kazand\u0131rmaya devam ediyor. \u00d6\u011frenciler bu s\u00fcre\u00e7te hem yenilenebilir ve temiz enerji kaynaklar\u0131n\u0131n \u00f6nemini kavr\u0131yor hem de \u00e7evreye duyarl\u0131 enerji \u00fcretimi konusunda bilin\u00e7leniyor. Grup \u00e7al\u0131\u015fmalar\u0131yla yapt\u0131klar\u0131 aktivitelerde r\u00fczg\u00e2r\u0131n g\u00fcc\u00fcn\u00fcn enerjiye d\u00f6n\u00fc\u015f\u00fcm\u00fcn\u00fc g\u00f6zlemleyerek deneyimleme f\u0131rsat\u0131 buluyorlar.<\/p>\n<p>Yeni e\u011fitim \u00f6\u011fretim y\u0131l\u0131nda proje kapsam\u0131nda Enerji At\u00f6lyeleri ve Meslek Lisesi Bulu\u015fmalar\u0131na 2800 ilkokul ve 750meslek lisesi \u00f6\u011frencisinin kat\u0131lmas\u0131 hedefleniyor.<\/p>\n<p>2023 y\u0131l\u0131ndan bu yana ger\u00e7ekle\u015ftirilen proje kapsam\u0131nda yenilenebilir enerji, iklim de\u011fi\u015fikli\u011fi ve s\u00fcrd\u00fcr\u00fclebilirlik gibi konular\u0131n e\u011flenceli ve \u00f6\u011fretici etkinliklerle i\u015flendi\u011fi Enerji At\u00f6lyeleri ve Meslek Lisesi Bulu\u015fmalar\u0131na 5526 ilkokul ve 1165 meslek lisesi \u00f6\u011frencisi kat\u0131ld\u0131. Enerji At\u00f6lyelerinde ilgili kavramlar oyunlar e\u015fli\u011finde \u00f6\u011frencilere aktar\u0131l\u0131rken, at\u00f6lye sonunda ger\u00e7ekle\u015ftirilen maket \u00e7al\u0131\u015fmas\u0131yla r\u00fczg\u00e2r t\u00fcrbinlerinin \u00e7al\u0131\u015fma mekanizmas\u0131 uygulamal\u0131 \u015fekilde g\u00f6sterildi. \u0130klim krizi ve s\u00fcrd\u00fcr\u00fclebilirlikle ilgili k\u00fcresel \u00e7al\u0131\u015fmalar ve ara\u015ft\u0131rmalara dayanan kavramlar\u0131n \u00f6\u011fretilmesi i\u00e7in e\u011flenceli ve \u00f6\u011fretici etkinlikler d\u00fczenlendi.<\/p>\n<p>Bu \u00e7al\u0131\u015fmalarla \u00e7ocuklar\u0131n ve gen\u00e7lerin \u00e7evre fark\u0131ndal\u0131\u011f\u0131 g\u00fc\u00e7lendirilirken, s\u00fcrd\u00fcr\u00fclebilir bir gelecek i\u00e7in toplumun enerji bilinci y\u00fcksek bireyler yeti\u015fmesine katk\u0131 sa\u011flan\u0131yor. \u201cGelece\u011fe Ye\u015fil I\u015f\u0131k Yak\u201d, gelecek nesillere daha temiz, daha ya\u015fanabilir ve daha s\u00fcrd\u00fcr\u00fclebilir bir d\u00fcnya b\u0131rakma hedefiyle yolculu\u011funa kararl\u0131l\u0131kla devam ediyor.<\/p>\n<p style=\"text-align: left\">Yay\u0131na Alan: Alperen ERTA\u015e-<a href=\"http:\/\/alperen.ertas@enerjigazetesi.ist\">alperen.ertas@enerjigazetesi.ist<\/a><\/p>\n<p><\/p>","protected":false},"excerpt":{"rendered":"<p>Sorry, this entry is only available in Turkish. For the sake of viewer convenience, the content is shown below in the alternative language. You may click the link to switch the active language. Polat Enerji ve Polat Vakf\u0131 i\u015f birli\u011fiyle hayata ge\u00e7irilen \u201cGelece\u011fe Ye\u015fil I\u015f\u0131k Yak\u201d sosyal sorumluluk projesi, 2025-2026 e\u011fitim-\u00f6\u011fretim y\u0131l\u0131n\u0131n ba\u015flamas\u0131yla birlikte \u00f6\u011frencilere [&hellip;]<\/p>\n","protected":false},"author":19,"featured_media":201618,"comment_status":"open","ping_status":"open","sticky":false,"template":"","format":"standard","meta":[],"categories":[51,53,50],"tags":[117536,1999,4487,112031,105],"views":26,"_links":{"self":[{"href":"https:\/\/www.enerjigazetesi.ist\/en\/wp-json\/wp\/v2\/posts\/201617"}],"collection":[{"href":"https:\/\/www.enerjigazetesi.ist\/en\/wp-json\/wp\/v2\/posts"}],"about":[{"href":"https:\/\/www.enerjigazetesi.ist\/en\/wp-json\/wp\/v2\/types\/post"}],"author":[{"embeddable":true,"href":"https:\/\/www.enerjigazetesi.ist\/en\/wp-json\/wp\/v2\/users\/19"}],"replies":[{"embeddable":true,"href":"https:\/\/www.enerjigazetesi.ist\/en\/wp-json\/wp\/v2\/comments?post=201617"}],"version-history":[{"count":0,"href":"https:\/\/www.enerjigazetesi.ist\/en\/wp-json\/wp\/v2\/posts\/201617\/revisions"}],"wp:featuredmedia":[{"embeddable":true,"href":"https:\/\/www.enerjigazetesi.ist\/en\/wp-json\/wp\/v2\/media\/201618"}],"wp:attachment":[{"href":"https:\/\/www.enerjigazetesi.ist\/en\/wp-json\/wp\/v2\/media?parent=201617"}],"wp:term":[{"taxonomy":"category","embeddable":true,"href":"https:\/\/www.enerjigazetesi.ist\/en\/wp-json\/wp\/v2\/categories?post=201617"},{"taxonomy":"post_tag","embeddable":true,"href":"https:\/\/www.enerjigazetesi.ist\/en\/wp-json\/wp\/v2\/tags?post=201617"}],"curies":[{"name":"wp","href":"https:\/\/api.w.org\/{rel}","templated":true}]}}