{"id":20161,"date":"2013-12-31T10:23:06","date_gmt":"2013-12-31T07:23:06","guid":{"rendered":"https:\/\/www.enerjigazetesi.ist\/?p=20161"},"modified":"2013-12-31T10:23:06","modified_gmt":"2013-12-31T07:23:06","slug":"singapuru-bahce-icinde-bir-sehre-donusturen-mimar","status":"publish","type":"post","link":"https:\/\/www.enerjigazetesi.ist\/en\/singapuru-bahce-icinde-bir-sehre-donusturen-mimar\/","title":{"rendered":"(Turkish) Singapur\u2019u \u2018Bah\u00e7e \u0130\u00e7inde Bir \u015eehre\u2019 D\u00f6n\u00fc\u015ft\u00fcren Mimar!"},"content":{"rendered":"<p class=\"qtranxs-available-languages-message qtranxs-available-languages-message-en\">Sorry, this entry is only available in <a href=\"https:\/\/www.enerjigazetesi.ist\/tr\/wp-json\/wp\/v2\/posts\/20161\" class=\"qtranxs-available-language-link qtranxs-available-language-link-tr\" title=\"Turkish\">Turkish<\/a>. For the sake of viewer convenience, the content is shown below in the alternative language. You may click the link to switch the active language.<\/p><p><strong>Kendi enerjisini \u00fcreten d\u00fcnyan\u0131n en b\u00fcy\u00fck tropikal bah\u00e7esi Singapur Gardens Bay\u2019in mimar\u0131 Patrick Bellew \u015eubat ay\u0131nda 3.Uluslararas\u0131 Ye\u015fil Binalar Zirvesi i\u00e7in \u0130stanbul\u2019a gelecek. \u00c7evre Dostu Ye\u015fil Binalar Derne\u011fi (\u00c7EDB\u0130K) taraf\u0131ndan yap\u0131 sekt\u00f6r\u00fcn\u00fcn ye\u015fil d\u00f6n\u00fc\u015f\u00fcm\u00fcne rehberlik etmek amac\u0131yla bu y\u0131l \u00fc\u00e7\u00fcnc\u00fc kez d\u00fczenlenecek olan &#8220;Uluslararas\u0131 Ye\u015fil Binalar Zirvesi&#8221;, 20-21 \u015eubat 2014 tarihlerinde L\u00fctfi K\u0131rdar Kongre Merkezi\u2019nde ger\u00e7ekle\u015fecek.<\/strong><\/p>\n<p>Ge\u00e7ti\u011fimiz y\u0131llarda uluslararas\u0131 ve T\u00fcrk pek \u00e7ok de\u011ferli konu\u015fmac\u0131y\u0131 ve yakla\u015f\u0131k 1000 kat\u0131l\u0131mc\u0131y\u0131 a\u011f\u0131rlayan Zirve\u2019nin bu y\u0131lki heyecan verici konu\u015fmac\u0131lardan biri de \u201c2012 World Building of the Year\u201d \u00f6d\u00fcl\u00fcn\u00fc kazanan Singapur Garde<a href=\"https:\/\/www.enerjigazetesi.ist\/wp-content\/uploads\/2013\/12\/singapuru-bahce-icinde-bir-sehre-donusturen-mimar.jpg\"><img loading=\"lazy\" class=\"alignright size-medium wp-image-20162\" title=\"singapuru-bahce-icinde-bir-sehre-donusturen-mimar\" src=\"https:\/\/www.enerjigazetesi.ist\/wp-content\/uploads\/2013\/12\/singapuru-bahce-icinde-bir-sehre-donusturen-mimar-300x196.jpg\" alt=\"\" width=\"300\" height=\"196\" srcset=\"https:\/\/www.enerjigazetesi.ist\/wp-content\/uploads\/2013\/12\/singapuru-bahce-icinde-bir-sehre-donusturen-mimar-300x196.jpg 300w, https:\/\/www.enerjigazetesi.ist\/wp-content\/uploads\/2013\/12\/singapuru-bahce-icinde-bir-sehre-donusturen-mimar-76x50.jpg 76w, https:\/\/www.enerjigazetesi.ist\/wp-content\/uploads\/2013\/12\/singapuru-bahce-icinde-bir-sehre-donusturen-mimar.jpg 374w\" sizes=\"(max-width: 300px) 100vw, 300px\" \/><\/a>ns Bay\u2019in \u00e7evre m\u00fchendisi Atelier Ten kurucusu Patrick Bellew.<\/p>\n<p>\u00c7evre tasar\u0131m dan\u0131\u015fmanl\u0131\u011f\u0131 veren Atelier Ten\u2019in kurucu orta\u011f\u0131 Patrick Bellew ve Wilkinson Eyre Architects\u2019in kurucu orta\u011f\u0131 Jim Eyre bu y\u0131lki zirvede s\u00fcrd\u00fcr\u00fclebilirlik konusunda uluslararas\u0131 bir \u00f6rnek olarak g\u00f6sterilen Singapur Gardens by the Bay projesini anlatacaklar.<\/p>\n<p>Singapur Marinas\u0131nda yer alan 30.000 metrekarelik Gardens by the Bay, d\u00fcnyan\u0131n bir numaral\u0131 tropikal bah\u00e7esi olarak biliniyor. S\u00fcrd\u00fcr\u00fclebilirlik konusunda ulusal ve uluslararas\u0131 bir \u00f6rnek olarak g\u00f6sterilen Gardens by the Bay, 1 milyar dolara in\u015fa edildi ve d\u00fcnya \u00e7ap\u0131nda pek \u00e7ok tasar\u0131m ve \u00e7evreci proje \u00f6d\u00fcl\u00fcn\u00fcn de sahibi oldu.<\/p>\n<p>Singapur h\u00fck\u00fcmetinin \u00fclkeyi \u2018Bah\u00e7e \u015eehir\u2019den \u2018Bah\u00e7e i\u00e7inde bir \u015fehre\u2019 d\u00f6n\u00fc\u015ft\u00fcrme stratejisinin \u00e7ok \u00f6nemli bir par\u00e7as\u0131 olan proje, \u015fehirlerde ye\u015file ve bitkilere daha \u00e7ok yer vererek hayat kalitesini artt\u0131rmay\u0131 hedefliyor. \u015eehrin ikonu haline gelen proje i\u00e7in 24 \u00fclkeden 170 firma ba\u015fvuruda bulunmu\u015ftu.<\/p>\n<p>T\u00fcm d\u00fcnyada b\u00fcy\u00fck yank\u0131 uyand\u0131ran Gardens Bay i\u00e7in y\u00fcksekli\u011fi 25-50 metre olan yapay a\u011fa\u00e7lar \u00fcretildi. G\u00fcnd\u00fcz g\u00fcne\u015f \u0131\u015f\u0131nlar\u0131n\u0131 toplay\u0131p gece \u0131\u015f\u0131ldayan bu yapay a\u011fa\u00e7lar\u0131n dallar\u0131 g\u00fcne\u015f paneli g\u00f6revi g\u00f6r\u00fcyor. Ayr\u0131ca bu a\u011fa\u00e7lar parkta hava ak\u0131m\u0131 sa\u011flamak i\u00e7in vantilat\u00f6r g\u00f6revi de g\u00f6r\u00fcyor ve s\u0131k ya\u011fan ya\u011fmurlarda ya\u011fmur suyunu daha hijyenik bir \u015fekilde kanalize ediyorlar. \u00d6zetle bu yapay a\u011fa\u00e7lar sadece g\u00fcne\u015f \u0131\u015f\u0131\u011f\u0131 depolamak yerine \u00e7oklu \u00e7\u00f6z\u00fcmler sa\u011flayacak yeni teknolojileri de bar\u0131nd\u0131r\u0131yor.<\/p>\n<p>Projenin \u00c7evre M\u00fchendisi Atelier Ten\u2019in kurucu orta\u011f\u0131 olan Patrick Bellew ayn\u0131 zamanda \u0130ngiltere\u2019nin Kraliyet Tasar\u0131mc\u0131lar\u0131ndan biri (UK\u2019s Royal Designers). 30 y\u0131ldan uzun s\u00fcredir y\u00fcksek performansl\u0131 binalar ve sistemler \u00fczerine \u00e7al\u0131\u015fan Bellew, \u00e7evreyle mimarinin entegrasyonu konusunda d\u00fcnyan\u0131n en \u00f6nemli isimlerinden biri. K\u00fctlesel Termal enerji depolama teknolojileri ve verimlili\u011fi y\u00fcksek olan bina havaland\u0131rma sistemleri konusunda uzmanla\u015fan Patrick Bellew\u2019 un 3. Uluslararas\u0131 Ye\u015fil Binalar Zirvesindeki heyecan verici konu\u015fmas\u0131n\u0131 ka\u00e7\u0131rmay\u0131n!<\/p>\n<p><strong>ULUSLARARASI YE\u015e\u0130L B\u0130NALAR Z\u0130RVES\u0130<\/strong><br \/>\n\u00c7evre Dostu Ye\u015fil Binalar Derne\u011fi (\u00c7EDB\u0130K) taraf\u0131ndan yap\u0131 sekt\u00f6r\u00fcn\u00fcn ye\u015fil d\u00f6n\u00fc\u015f\u00fcm\u00fcne liderlik etmek amac\u0131yla bu y\u0131l \u00fc\u00e7\u00fcnc\u00fc kez d\u00fczenlenecek olan &#8220;Uluslararas\u0131 Ye\u015fil Binalar Zirvesi&#8221;, 20-21 \u015eubat 2014 tarihlerinde L\u00fctfi K\u0131rdar Kongre Merkezi\u2019nde ger\u00e7ekle\u015fecek. Ge\u00e7ti\u011fimiz y\u0131llarda uluslararas\u0131 ve T\u00fcrk pek \u00e7ok de\u011ferli konu\u015fmac\u0131y\u0131 ve yakla\u015f\u0131k 1000 kat\u0131l\u0131mc\u0131y\u0131 a\u011f\u0131rlayan zirveye bu y\u0131l da birbirinden \u00f6nemli konu\u015fmac\u0131lar kat\u0131l\u0131yor.<\/p>\n<p>Kaynak: <a href=\"http:\/\/enerjigunlugu.net\/singapuru-bahce-icinde-bir-sehre-donusturen-mimar_6337.html\" target=\"_blank\">Enerji G\u00fcnl\u00fc\u011f\u00fc<\/a><\/p>","protected":false},"excerpt":{"rendered":"<p>Sorry, this entry is only available in Turkish. For the sake of viewer convenience, the content is shown below in the alternative language. You may click the link to switch the active language.Kendi enerjisini \u00fcreten d\u00fcnyan\u0131n en b\u00fcy\u00fck tropikal bah\u00e7esi Singapur Gardens Bay\u2019in mimar\u0131 Patrick Bellew \u015eubat ay\u0131nda 3.Uluslararas\u0131 Ye\u015fil Binalar Zirvesi i\u00e7in \u0130stanbul\u2019a gelecek. [&hellip;]<\/p>\n","protected":false},"author":1,"featured_media":20162,"comment_status":"open","ping_status":"open","sticky":false,"template":"","format":"standard","meta":[],"categories":[53,49],"tags":[11739,4240,748,63,67,1009,165,227,13,7545,11736,11738,11737,1296],"views":625,"_links":{"self":[{"href":"https:\/\/www.enerjigazetesi.ist\/en\/wp-json\/wp\/v2\/posts\/20161"}],"collection":[{"href":"https:\/\/www.enerjigazetesi.ist\/en\/wp-json\/wp\/v2\/posts"}],"about":[{"href":"https:\/\/www.enerjigazetesi.ist\/en\/wp-json\/wp\/v2\/types\/post"}],"author":[{"embeddable":true,"href":"https:\/\/www.enerjigazetesi.ist\/en\/wp-json\/wp\/v2\/users\/1"}],"replies":[{"embeddable":true,"href":"https:\/\/www.enerjigazetesi.ist\/en\/wp-json\/wp\/v2\/comments?post=20161"}],"version-history":[{"count":1,"href":"https:\/\/www.enerjigazetesi.ist\/en\/wp-json\/wp\/v2\/posts\/20161\/revisions"}],"predecessor-version":[{"id":20163,"href":"https:\/\/www.enerjigazetesi.ist\/en\/wp-json\/wp\/v2\/posts\/20161\/revisions\/20163"}],"wp:featuredmedia":[{"embeddable":true,"href":"https:\/\/www.enerjigazetesi.ist\/en\/wp-json\/wp\/v2\/media\/20162"}],"wp:attachment":[{"href":"https:\/\/www.enerjigazetesi.ist\/en\/wp-json\/wp\/v2\/media?parent=20161"}],"wp:term":[{"taxonomy":"category","embeddable":true,"href":"https:\/\/www.enerjigazetesi.ist\/en\/wp-json\/wp\/v2\/categories?post=20161"},{"taxonomy":"post_tag","embeddable":true,"href":"https:\/\/www.enerjigazetesi.ist\/en\/wp-json\/wp\/v2\/tags?post=20161"}],"curies":[{"name":"wp","href":"https:\/\/api.w.org\/{rel}","templated":true}]}}