{"id":20154,"date":"2013-12-31T10:06:33","date_gmt":"2013-12-31T07:06:33","guid":{"rendered":"https:\/\/www.enerjigazetesi.ist\/?p=20154"},"modified":"2013-12-31T10:06:33","modified_gmt":"2013-12-31T07:06:33","slug":"samsungtan-gunes-enerjisiyle-sarj-olan-akilli-telefon","status":"publish","type":"post","link":"https:\/\/www.enerjigazetesi.ist\/en\/samsungtan-gunes-enerjisiyle-sarj-olan-akilli-telefon\/","title":{"rendered":"(Turkish) Samsung\u2019tan G\u00fcne\u015f Enerjisiyle \u015earj Olan Ak\u0131ll\u0131 Telefon"},"content":{"rendered":"<p class=\"qtranxs-available-languages-message qtranxs-available-languages-message-en\">Sorry, this entry is only available in <a href=\"https:\/\/www.enerjigazetesi.ist\/tr\/wp-json\/wp\/v2\/posts\/20154\" class=\"qtranxs-available-language-link qtranxs-available-language-link-tr\" title=\"Turkish\">Turkish<\/a>. For the sake of viewer convenience, the content is shown below in the alternative language. You may click the link to switch the active language.<\/p><p><strong>Samsung 2014 y\u0131l\u0131nda piyasaya g\u00fcne\u015f enerjisinden faydalanan ak\u0131ll\u0131 telefon s\u00fcrmek i\u00e7in \u00e7al\u0131\u015fmalar\u0131n\u0131 yo\u011funla\u015ft\u0131racak.<a href=\"https:\/\/www.enerjigazetesi.ist\/wp-content\/uploads\/2013\/12\/samsungtan-gunes-enerjisiyle-sarj-olan-akilli-telefon.jpg\"><img loading=\"lazy\" class=\"alignright size-medium wp-image-20155\" title=\"samsungtan-gunes-enerjisiyle-sarj-olan-akilli-telefon\" src=\"https:\/\/www.enerjigazetesi.ist\/wp-content\/uploads\/2013\/12\/samsungtan-gunes-enerjisiyle-sarj-olan-akilli-telefon-300x221.jpg\" alt=\"\" width=\"300\" height=\"221\" srcset=\"https:\/\/www.enerjigazetesi.ist\/wp-content\/uploads\/2013\/12\/samsungtan-gunes-enerjisiyle-sarj-olan-akilli-telefon-300x221.jpg 300w, https:\/\/www.enerjigazetesi.ist\/wp-content\/uploads\/2013\/12\/samsungtan-gunes-enerjisiyle-sarj-olan-akilli-telefon-67x50.jpg 67w, https:\/\/www.enerjigazetesi.ist\/wp-content\/uploads\/2013\/12\/samsungtan-gunes-enerjisiyle-sarj-olan-akilli-telefon.jpg 364w\" sizes=\"(max-width: 300px) 100vw, 300px\" \/><\/a><\/strong><\/p>\n<p>Kore bas\u0131n\u0131nda \u00e7\u0131kan haberlere g\u00f6re, \u00e7\u0131kar\u0131labilir pil teknolojisiyle zaten \u00f6nemli bir avantaja sahip olan G\u00fcney Koreli teknoloji devi Samsung, ak\u0131ll\u0131 telefonlar\u0131n en b\u00fcy\u00fck handikap\u0131 olan k\u0131sa \u00f6m\u00fcrl\u00fc \u015farj sorununa k\u00f6kl\u00fc bir \u00e7\u00f6z\u00fcm yaratmak i\u00e7in, 2014\u2032te g\u00fcne\u015f enerjisinden faydalanan ilk ak\u0131ll\u0131 telefonunu piyasaya s\u00fcrmeye daha fazla odaklanacak.<\/p>\n<p>Samsung\u2019un b\u00f6yle bir karar almas\u0131nda en b\u00fcy\u00fck etken, cihazlar\u0131n\u0131n i\u00e7ine g\u00fcne\u015f enerjisinden faydalanmalar\u0131n\u0131 sa\u011flayan teknolojiyi yerle\u015ftirmeyi \u015fimdiden ba\u015faran Apple\u2019dan geride kalmak istememesi.<\/p>\n<p>\u015eimdilik ekranlar \u00fczerinde \u00e7al\u0131\u015fmalar\u0131n\u0131 yo\u011funla\u015ft\u0131ran Samsung, yak\u0131n zamanda kaynaklar\u0131n\u0131n bir k\u0131sm\u0131n\u0131 g\u00fcne\u015f enerjisiyle \u015farj \u00e7al\u0131\u015fmalar\u0131na y\u00f6nlendirecek. G\u00fcne\u015f enerjisi ile \u015farj teknolojisinde baz\u0131 deneyimlere sahip olan Samsung, bu teknolojiyi geli\u015ftirerek nihayet ak\u0131ll\u0131 telefonlarda da uygulayabilecek.<\/p>\n<p>Kaynak: <a href=\"http:\/\/www.sammobil.com\" target=\"_blank\">Sammobil<\/a><\/p>","protected":false},"excerpt":{"rendered":"<p>Sorry, this entry is only available in Turkish. For the sake of viewer convenience, the content is shown below in the alternative language. You may click the link to switch the active language.Samsung 2014 y\u0131l\u0131nda piyasaya g\u00fcne\u015f enerjisinden faydalanan ak\u0131ll\u0131 telefon s\u00fcrmek i\u00e7in \u00e7al\u0131\u015fmalar\u0131n\u0131 yo\u011funla\u015ft\u0131racak. Kore bas\u0131n\u0131nda \u00e7\u0131kan haberlere g\u00f6re, \u00e7\u0131kar\u0131labilir pil teknolojisiyle zaten \u00f6nemli [&hellip;]<\/p>\n","protected":false},"author":1,"featured_media":20155,"comment_status":"open","ping_status":"open","sticky":false,"template":"","format":"standard","meta":[],"categories":[53,49,157],"tags":[4151,63,67,1009,165,227,13,11733,4152,1863],"views":881,"_links":{"self":[{"href":"https:\/\/www.enerjigazetesi.ist\/en\/wp-json\/wp\/v2\/posts\/20154"}],"collection":[{"href":"https:\/\/www.enerjigazetesi.ist\/en\/wp-json\/wp\/v2\/posts"}],"about":[{"href":"https:\/\/www.enerjigazetesi.ist\/en\/wp-json\/wp\/v2\/types\/post"}],"author":[{"embeddable":true,"href":"https:\/\/www.enerjigazetesi.ist\/en\/wp-json\/wp\/v2\/users\/1"}],"replies":[{"embeddable":true,"href":"https:\/\/www.enerjigazetesi.ist\/en\/wp-json\/wp\/v2\/comments?post=20154"}],"version-history":[{"count":1,"href":"https:\/\/www.enerjigazetesi.ist\/en\/wp-json\/wp\/v2\/posts\/20154\/revisions"}],"predecessor-version":[{"id":20156,"href":"https:\/\/www.enerjigazetesi.ist\/en\/wp-json\/wp\/v2\/posts\/20154\/revisions\/20156"}],"wp:featuredmedia":[{"embeddable":true,"href":"https:\/\/www.enerjigazetesi.ist\/en\/wp-json\/wp\/v2\/media\/20155"}],"wp:attachment":[{"href":"https:\/\/www.enerjigazetesi.ist\/en\/wp-json\/wp\/v2\/media?parent=20154"}],"wp:term":[{"taxonomy":"category","embeddable":true,"href":"https:\/\/www.enerjigazetesi.ist\/en\/wp-json\/wp\/v2\/categories?post=20154"},{"taxonomy":"post_tag","embeddable":true,"href":"https:\/\/www.enerjigazetesi.ist\/en\/wp-json\/wp\/v2\/tags?post=20154"}],"curies":[{"name":"wp","href":"https:\/\/api.w.org\/{rel}","templated":true}]}}