{"id":201510,"date":"2025-11-01T22:19:41","date_gmt":"2025-11-01T19:19:41","guid":{"rendered":"https:\/\/www.enerjigazetesi.ist\/?p=201510"},"modified":"2025-11-01T22:19:41","modified_gmt":"2025-11-01T19:19:41","slug":"2026da-ges-kurulu-gucumuzun-26-gwi-asmasi-ongoruluyor","status":"publish","type":"post","link":"https:\/\/www.enerjigazetesi.ist\/en\/2026da-ges-kurulu-gucumuzun-26-gwi-asmasi-ongoruluyor\/","title":{"rendered":"(Turkish) 2026&#8217;da GES Kurulu G\u00fcc\u00fcm\u00fcz\u00fcn 26 GW\u2019\u0131 A\u015fmas\u0131 \u00d6ng\u00f6r\u00fcl\u00fcyor"},"content":{"rendered":"<p class=\"qtranxs-available-languages-message qtranxs-available-languages-message-en\">Sorry, this entry is only available in <a href=\"https:\/\/www.enerjigazetesi.ist\/tr\/wp-json\/wp\/v2\/posts\/201510\" class=\"qtranxs-available-language-link qtranxs-available-language-link-tr\" title=\"Turkish\">Turkish<\/a>. For the sake of viewer convenience, the content is shown below in the alternative language. You may click the link to switch the active language.<\/p><p><\/p>\n<h2>30 Ekim 2025 tarihinde Resm\u00ee M\u00fckerrer Gazete\u2019de yay\u0131mlanan 10525 karar say\u0131l\u0131, 2026 Y\u0131l\u0131 Cumhurba\u015fkanl\u0131\u011f\u0131 Y\u0131ll\u0131k Program\u0131na g\u00f6re,\u00a0<strong>2026 y\u0131l\u0131 sonunda T\u00fcrkiye\u2019nin kurulu g\u00fcc\u00fc 128.925 MW\u2019a<\/strong>\u00a0ve\u00a0<strong>g\u00fcne\u015f enerjisi<\/strong>\u00a0kurulu g\u00fcc\u00fcn\u00fcn de 26.100 MW\u2019a ula\u015faca\u011f\u0131 \u00f6ng\u00f6r\u00fcl\u00fcyor.<\/h2>\n<p><img loading=\"lazy\" class=\"aligncenter wp-image-201511 size-full\" src=\"https:\/\/www.enerjigazetesi.ist\/wp-content\/uploads\/2025\/11\/images.jpg\" alt=\"\" width=\"550\" height=\"330\" srcset=\"https:\/\/www.enerjigazetesi.ist\/wp-content\/uploads\/2025\/11\/images.jpg 550w, https:\/\/www.enerjigazetesi.ist\/wp-content\/uploads\/2025\/11\/images-300x180.jpg 300w, https:\/\/www.enerjigazetesi.ist\/wp-content\/uploads\/2025\/11\/images-500x300.jpg 500w, https:\/\/www.enerjigazetesi.ist\/wp-content\/uploads\/2025\/11\/images-80x48.jpg 80w\" sizes=\"(max-width: 550px) 100vw, 550px\" \/><\/p>\n<h3><strong>D\u00fcnya Ekonomisindeki Geli\u015fmeler<\/strong><\/h3>\n<p>2024 y\u0131l\u0131n\u0131n ikinci yar\u0131s\u0131ndan itibaren para politikalar\u0131nda normalle\u015fme ad\u0131mlar\u0131 ve \u00c7in ekonomisinde i\u00e7 talebi canland\u0131rmaya y\u00f6nelik te\u015fvikler k\u00fcresel ekonomik g\u00f6r\u00fcn\u00fcm\u00fcn iyile\u015fece\u011fine dair beklentileri desteklemi\u015ftir. \u00d6zellikle geli\u015fmi\u015f \u00fclke merkez bankalar\u0131n\u0131n faiz indirim d\u00f6ng\u00fcs\u00fcne ba\u015flamas\u0131yla k\u00fcresel finansal ko\u015fullar bir miktar gev\u015femi\u015f, sermaye ak\u0131mlar\u0131nda s\u0131n\u0131rl\u0131 olsa da canlanma g\u00f6zlenmi\u015ftir.<\/p>\n<h3><strong>T\u00fcrkiye Ekonomisindeki Geli\u015fmeler ve Hedefler<\/strong><\/h3>\n<p>2024 y\u0131l\u0131nda, k\u00fcresel \u00f6l\u00e7ekte s\u00fcren enflasyonla m\u00fccadelede politikalar\u0131n yol a\u00e7t\u0131\u011f\u0131 zay\u0131f d\u0131\u015f talep ve devam eden jeopolitik gerilimlere kar\u015f\u0131n T\u00fcrkiye ekonomisi y\u00fczde 3,3 oran\u0131nda b\u00fcy\u00fcyerek \u0131l\u0131ml\u0131 ve dayan\u0131kl\u0131 bir g\u00f6r\u00fcn\u00fcm sergilemi\u015ftir. Deprem b\u00f6lgesinde devam eden yeniden yap\u0131lanma \u00e7al\u0131\u015fmalar\u0131, y\u0131l genelinde iktisadi faaliyeti destekleyerek milli gelire katk\u0131 sa\u011flam\u0131\u015ft\u0131r.<\/p>\n<h3><strong>B\u00fcy\u00fcme ve \u0130stihdam<\/strong><\/h3>\n<p>T\u00fcrkiye ekonomisi, 2024 y\u0131l\u0131nda k\u00fcresel \u00f6l\u00e7ekte enflasyonla m\u00fccadeleye d\u00f6n\u00fck s\u0131k\u0131 finansal ko\u015fullar ve jeopolitik belirsizliklere ra\u011fmen dezenflasyon s\u00fcreciyle uyumlu bir patika ilerlemi\u015ftir. S\u0131k\u0131 politikalar\u0131n e\u015fg\u00fcd\u00fcm\u00fcyle makrofinansal istikrar g\u00fc\u00e7lenmi\u015f ve i\u00e7 talepte dengeleme e\u011filimi belirginle\u015fmi\u015ftir.<\/p>\n<h3><strong>Hedefler<\/strong><\/h3>\n<p>2026 y\u0131l\u0131nda, orta vadeli program hedefleri \u00e7er\u00e7evesinde T\u00fcrkiye ekonomisinin y\u00fcze 3,8 oran\u0131nda b\u00fcy\u00fcmesi \u00f6ng\u00f6r\u00fclmektedir. Ekonominin istikrarl\u0131 ve sa\u011fl\u0131kl\u0131 yap\u0131s\u0131n\u0131n korunarak g\u00fc\u00e7l\u00fc, kapsay\u0131c\u0131 ve istihdam\u0131 destekleyen bir b\u00fcy\u00fcmenin sa\u011flanmas\u0131 amac\u0131yla, makroekonomik dengeleri g\u00f6zeten uygulamalara devam edilmesi ve para, maliye ile gelirler politikalar\u0131n\u0131n tam koordinasyon i\u00e7inde y\u00fcr\u00fct\u00fclmesi hedeflenmektedir.<\/p>\n<h3><strong>Mevcut Durum<\/strong><\/h3>\n<p>2024 y\u0131l\u0131nda ekonomide toplam talebin \u00f6nemli bir unsuru olan t\u00fcketim harcamalar\u0131ndaki art\u0131\u015f\u0131n olumlu katk\u0131s\u0131yla GSYH y\u00fczde 3,3, oran\u0131nda b\u00fcy\u00fcm\u00fc\u015ft\u00fcr. bu d\u00f6nemde, net mal ve hizmet ihracatlar\u0131n\u0131n b\u00fcy\u00fcmeye katk\u0131s\u0131 1,0 puan, toplam t\u00fcketimin b\u00fcy\u00fcmeye katk\u0131s\u0131 2,8 puan olmu\u015ftur.<\/p>\n<p>Yay\u0131na Alan: Alperen ERTA\u015e-<a href=\"http:\/\/alperen.ertas@enerjigazetesi.ist\">alperen.ertas@enerjigazetesi.ist<\/a><\/p>","protected":false},"excerpt":{"rendered":"<p>Sorry, this entry is only available in Turkish. For the sake of viewer convenience, the content is shown below in the alternative language. You may click the link to switch the active language. 30 Ekim 2025 tarihinde Resm\u00ee M\u00fckerrer Gazete\u2019de yay\u0131mlanan 10525 karar say\u0131l\u0131, 2026 Y\u0131l\u0131 Cumhurba\u015fkanl\u0131\u011f\u0131 Y\u0131ll\u0131k Program\u0131na g\u00f6re,\u00a02026 y\u0131l\u0131 sonunda T\u00fcrkiye\u2019nin kurulu g\u00fcc\u00fc [&hellip;]<\/p>\n","protected":false},"author":19,"featured_media":201511,"comment_status":"open","ping_status":"open","sticky":false,"template":"","format":"standard","meta":[],"categories":[53,49],"tags":[117500,117501,2326,117499,846],"views":22,"_links":{"self":[{"href":"https:\/\/www.enerjigazetesi.ist\/en\/wp-json\/wp\/v2\/posts\/201510"}],"collection":[{"href":"https:\/\/www.enerjigazetesi.ist\/en\/wp-json\/wp\/v2\/posts"}],"about":[{"href":"https:\/\/www.enerjigazetesi.ist\/en\/wp-json\/wp\/v2\/types\/post"}],"author":[{"embeddable":true,"href":"https:\/\/www.enerjigazetesi.ist\/en\/wp-json\/wp\/v2\/users\/19"}],"replies":[{"embeddable":true,"href":"https:\/\/www.enerjigazetesi.ist\/en\/wp-json\/wp\/v2\/comments?post=201510"}],"version-history":[{"count":0,"href":"https:\/\/www.enerjigazetesi.ist\/en\/wp-json\/wp\/v2\/posts\/201510\/revisions"}],"wp:featuredmedia":[{"embeddable":true,"href":"https:\/\/www.enerjigazetesi.ist\/en\/wp-json\/wp\/v2\/media\/201511"}],"wp:attachment":[{"href":"https:\/\/www.enerjigazetesi.ist\/en\/wp-json\/wp\/v2\/media?parent=201510"}],"wp:term":[{"taxonomy":"category","embeddable":true,"href":"https:\/\/www.enerjigazetesi.ist\/en\/wp-json\/wp\/v2\/categories?post=201510"},{"taxonomy":"post_tag","embeddable":true,"href":"https:\/\/www.enerjigazetesi.ist\/en\/wp-json\/wp\/v2\/tags?post=201510"}],"curies":[{"name":"wp","href":"https:\/\/api.w.org\/{rel}","templated":true}]}}