{"id":201452,"date":"2025-10-31T20:31:29","date_gmt":"2025-10-31T17:31:29","guid":{"rendered":"https:\/\/www.enerjigazetesi.ist\/?p=201452"},"modified":"2025-10-31T20:34:05","modified_gmt":"2025-10-31T17:34:05","slug":"yeni-tesvik-paketine-dair-iklim-agindan-aciklama","status":"publish","type":"post","link":"https:\/\/www.enerjigazetesi.ist\/en\/yeni-tesvik-paketine-dair-iklim-agindan-aciklama\/","title":{"rendered":"(Turkish) Yeni Te\u015fvik Paketine Dair \u0130klim A\u011f\u0131&#8217;ndan A\u00e7\u0131klama&#8230;"},"content":{"rendered":"<p class=\"qtranxs-available-languages-message qtranxs-available-languages-message-en\">Sorry, this entry is only available in <a href=\"https:\/\/www.enerjigazetesi.ist\/tr\/wp-json\/wp\/v2\/posts\/201452\" class=\"qtranxs-available-language-link qtranxs-available-language-link-tr\" title=\"Turkish\">Turkish<\/a>. For the sake of viewer convenience, the content is shown below in the alternative language. You may click the link to switch the active language.<\/p><p><\/p>\n<h2><strong>\u0130klim A\u011f\u0131 yapt\u0131\u011f\u0131 ortak a\u00e7\u0131klamada yeni te\u015fvik paketinin kirletici \u015firketlerin k\u00e2r\u0131n\u0131 art\u0131rmaya devam ederek temiz enerjinin yayg\u0131nla\u015fmas\u0131n\u0131 engelledi\u011fini ve halk\u0131n sa\u011fl\u0131\u011f\u0131 ile paras\u0131n\u0131 tehlikeye att\u0131\u011f\u0131n\u0131 belirtti.<\/strong><\/h2>\n<p><img loading=\"lazy\" class=\"aligncenter wp-image-201453 size-full\" src=\"https:\/\/www.enerjigazetesi.ist\/wp-content\/uploads\/2025\/10\/3-1.jpg\" alt=\"\" width=\"550\" height=\"367\" srcset=\"https:\/\/www.enerjigazetesi.ist\/wp-content\/uploads\/2025\/10\/3-1.jpg 550w, https:\/\/www.enerjigazetesi.ist\/wp-content\/uploads\/2025\/10\/3-1-300x200.jpg 300w, https:\/\/www.enerjigazetesi.ist\/wp-content\/uploads\/2025\/10\/3-1-500x334.jpg 500w, https:\/\/www.enerjigazetesi.ist\/wp-content\/uploads\/2025\/10\/3-1-75x50.jpg 75w, https:\/\/www.enerjigazetesi.ist\/wp-content\/uploads\/2025\/10\/3-1-450x300.jpg 450w\" sizes=\"(max-width: 550px) 100vw, 550px\" \/><\/p>\n<p>Enerji ve Tabii Kaynaklar Bakanl\u0131\u011f\u0131\u2019n\u0131n a\u00e7\u0131klad\u0131\u011f\u0131 yeni te\u015fvik paketinin ard\u0131ndan E\u00dcA\u015e termik santral i\u015fletmecileriyle al\u0131m anla\u015fmalar\u0131 yapmaya ba\u015flad\u0131. Bakan\u0131n a\u00e7\u0131klad\u0131\u011f\u0131 pakete g\u00f6re 2030 y\u0131l\u0131na kadar yerli k\u00f6m\u00fcr santrallerinde \u00fcretilen elektrik 7,5 dolar-cent\u2019ten al\u0131nacak ve yeni kurulacak yerli k\u00f6m\u00fcrle \u00e7al\u0131\u015fan santrallere ise 2045 y\u0131l\u0131na kadar al\u0131m garantisi verilecek.<\/p>\n<p><img loading=\"lazy\" class=\"aligncenter wp-image-201454 size-full\" src=\"https:\/\/www.enerjigazetesi.ist\/wp-content\/uploads\/2025\/10\/2-2.jpg\" alt=\"\" width=\"550\" height=\"359\" srcset=\"https:\/\/www.enerjigazetesi.ist\/wp-content\/uploads\/2025\/10\/2-2.jpg 550w, https:\/\/www.enerjigazetesi.ist\/wp-content\/uploads\/2025\/10\/2-2-300x196.jpg 300w, https:\/\/www.enerjigazetesi.ist\/wp-content\/uploads\/2025\/10\/2-2-500x326.jpg 500w, https:\/\/www.enerjigazetesi.ist\/wp-content\/uploads\/2025\/10\/2-2-77x50.jpg 77w\" sizes=\"(max-width: 550px) 100vw, 550px\" \/><\/p>\n<h3><strong>\u0130klim A\u011f\u0131\u2019n\u0131n a\u00e7\u0131klamas\u0131 \u015f\u00f6yle:<\/strong><\/h3>\n<p>K\u00f6m\u00fcrl\u00fc termik santral i\u015fletmecisi \u015firketler, kamu kaynaklar\u0131 ile desteklenmeden \u00e7al\u0131\u015famaz duruma geldiler. Devlet k\u00f6m\u00fcr b\u00f6lgelerindeki i\u015f\u00e7ileri gelece\u011fe haz\u0131rlamak yerine yeni te\u015fviklerle kamu kaynaklar\u0131n\u0131 kirletici \u015firketlere aktarmaya devam ediyor. 2045 y\u0131l\u0131na kadar s\u00fcrecek bu te\u015fvikler temiz enerjinin yayg\u0131nla\u015fmas\u0131n\u0131 engelleyerek halk\u0131n sa\u011fl\u0131\u011f\u0131n\u0131 ve paras\u0131n\u0131 tehlikeye atmaktad\u0131r.<\/p>\n<p>Bu te\u015fvik paketi, k\u00f6m\u00fcr b\u00f6lgelerinde \u00e7al\u0131\u015fanlar\u0131n gelece\u011fini garantiye alacak adil d\u00f6n\u00fc\u015f\u00fcm planlar\u0131n\u0131 geciktirmekten ve iklim krizini derinle\u015ftirmekten ba\u015fka bir i\u015fe yaramayacak. Oysa T\u00fcrkiye\u2019nin \u00f6n\u00fcnde daha temiz bir gelece\u011fin imkan\u0131 var.<\/p>\n<p>Hesap basit, k\u00f6m\u00fcre her y\u0131l fazladan ayr\u0131lacak 133 milyon dolar kamu kayna\u011f\u0131, k\u00f6m\u00fcr b\u00f6lgelerinde temiz ve insan onuruna yak\u0131\u015f\u0131r istihdam alanlar\u0131 yaratmak i\u00e7in harcanmal\u0131. Bu, 7 bin k\u00f6m\u00fcr madeni i\u015f\u00e7isinin 1 y\u0131ll\u0131k ortalama gelirine tekab\u00fcl ediyor.<\/p>\n<p><img loading=\"lazy\" class=\"aligncenter wp-image-201455 size-full\" src=\"https:\/\/www.enerjigazetesi.ist\/wp-content\/uploads\/2025\/10\/1-3.jpg\" alt=\"\" width=\"550\" height=\"446\" srcset=\"https:\/\/www.enerjigazetesi.ist\/wp-content\/uploads\/2025\/10\/1-3.jpg 550w, https:\/\/www.enerjigazetesi.ist\/wp-content\/uploads\/2025\/10\/1-3-300x243.jpg 300w, https:\/\/www.enerjigazetesi.ist\/wp-content\/uploads\/2025\/10\/1-3-493x400.jpg 493w, https:\/\/www.enerjigazetesi.ist\/wp-content\/uploads\/2025\/10\/1-3-62x50.jpg 62w, https:\/\/www.enerjigazetesi.ist\/wp-content\/uploads\/2025\/10\/1-3-500x405.jpg 500w\" sizes=\"(max-width: 550px) 100vw, 550px\" \/><\/p>\n<h3><strong>6 maddede te\u015fvik paketinin getirece\u011fi olumsuz sonu\u00e7lar \u015f\u00f6yle:<\/strong><\/h3>\n<p>\u0130\u015f\u00e7ilerin gelece\u011fini belirsiz k\u0131l\u0131yor: Enerji ve Tabii Kaynaklar Bakan\u0131\u2019n\u0131n a\u00e7\u0131klamas\u0131na g\u00f6re k\u00f6m\u00fcr b\u00f6lgelerinde 27 bin i\u015f\u00e7i \u00e7al\u0131\u015f\u0131yor. Ancak k\u00f6m\u00fcr sekt\u00f6r\u00fcndeki daralma nedeniyle son bir y\u0131ld\u0131r farkl\u0131 illerde bir\u00e7ok i\u015ften \u00e7\u0131karma ya\u015fand\u0131 ve buna ba\u011fl\u0131 eylemler yap\u0131l\u0131yor. \u0130\u015f\u00e7ilerin ya\u015fad\u0131\u011f\u0131 bu hak ihlalleri, piyasa ko\u015fullar\u0131na terk edilmi\u015f k\u00f6m\u00fcr sekt\u00f6r\u00fcnde adil d\u00f6n\u00fc\u015f\u00fcm planlar\u0131 yap\u0131lmamas\u0131n\u0131n ac\u0131 bir sonucu. Ger\u00e7ek g\u00fcvence, te\u015fviklerle k\u00f6m\u00fcr\u00fcn \u00f6mr\u00fcn\u00fc uzatmak de\u011fil; bu i\u015f\u00e7ilere acilen yeni istihdam alanlar\u0131 yaratacak adil d\u00f6n\u00fc\u015f\u00fcm planlar\u0131 haz\u0131rlamak. En acil ad\u0131m, i\u015fsizlik riski ile kar\u015f\u0131 kar\u015f\u0131ya olan i\u015f\u00e7ileri ve ailelerini sosyal destek programlar\u0131 ile korumaya almak olmal\u0131. Kamu kaynaklar\u0131, termik santralci \u015firketler yerine bu sosyal destek programlar\u0131na aktar\u0131lmal\u0131.<\/p>\n<p>Ucuz ve temiz enerjiyi yok say\u0131yor: Son on y\u0131lda r\u00fczg\u00e2r enerjisi santrallerinin kurulum maliyeti y\u00fczde 40, g\u00fcne\u015f enerjisi santrallerinin kurulum maliyetleri y\u00fczde 77 oran\u0131nda azald\u0131. Bu d\u00fc\u015f\u00fc\u015f, g\u00fcne\u015ften elektrik \u00fcretim maliyetini y\u00fczde 69 azaltarak, g\u00fcne\u015fi T\u00fcrkiye\u2019nin en ucuz elektrik \u00fcretim kayna\u011f\u0131 h\u00e2line getirdi. G\u00fcne\u015f bu kadar ucuzla\u015fm\u0131\u015fken kirli ve pahal\u0131 k\u00f6m\u00fcrde \u0131srar kamu kaynaklar\u0131n\u0131 israf etmektir.<\/p>\n<p>Halk\u0131n cebine y\u00fck bindiriyor: G\u00fcne\u015fin kilovatsaat maliyeti 3,5 dolar sente kadar d\u00fc\u015febilirken te\u015fviklerle kirli k\u00f6m\u00fcrden \u00fcretilen elektri\u011fe 7,5 dolar sent \u00f6denecek. \u0130stihdam gerek\u00e7esi ile verilece\u011fi s\u00f6ylenen yeni k\u00f6m\u00fcr te\u015fvikleri esas olarak enerji \u015firketlerinin k\u00e2r\u0131n\u0131 garanti alt\u0131na al\u0131yor. Uzun y\u0131llara yay\u0131lan te\u015fvikler sayesinde \u015firketler, \u00fcrettikleri elektri\u011fi y\u00fcksek fiyatlarla satarken risklerini en aza indiriyor. Ancak bu kazan\u00e7, do\u011frudan halk\u0131n cebinden \u00e7\u0131k\u0131yor. Bedeli, ge\u00e7im derdi ya\u015fayan vatanda\u015flar \u00f6d\u00fcyor.<\/p>\n<p>Arz g\u00fcvenli\u011fi sa\u011flam\u0131yor: Te\u015fvik paketinin amac\u0131 her ne kadar yerli k\u00f6m\u00fcr\u00fc ayakta tutmak ve arz g\u00fcvenli\u011fini sa\u011flamak olarak a\u00e7\u0131klansa da, bu a\u00e7\u0131klama ger\u00e7ekle \u00f6rt\u00fc\u015fm\u00fcyor. Analizler, yerli k\u00f6m\u00fcr santrallerinin baz y\u00fck sa\u011flamaktan uzak oldu\u011funu ortaya koyuyor. Bu santraller \u00e7al\u0131\u015fmalar\u0131 gereken s\u00fcrenin sadece y\u00fczde 52\u2019sinde \u00fcretim yapt\u0131lar. Y\u0131llard\u0131r yerli k\u00f6m\u00fcre verilen t\u00fcm te\u015fviklere ra\u011fmen bug\u00fcn T\u00fcrkiye\u2019de k\u00f6m\u00fcrden elektrik \u00fcretiminde ithal k\u00f6m\u00fcr\u00fcn pay\u0131 y\u00fczde 61. K\u00f6m\u00fcr ithalat\u0131, T\u00fcrkiye\u2019yi enerjide d\u0131\u015fa ba\u011f\u0131ml\u0131 hale getiriyor, oysa yenilenebilir enerjiye yat\u0131r\u0131m bu ba\u011f\u0131ml\u0131l\u0131\u011f\u0131 ve maliyeti azaltabilir.<\/p>\n<p>Halk ve \u00e7evre sa\u011fl\u0131\u011f\u0131n\u0131 riske at\u0131yor: K\u00f6m\u00fcr b\u00f6lgelerinde hava kirlili\u011fi, solunum yolu hastal\u0131klar\u0131n\u0131 ve erken \u00f6l\u00fcmleri art\u0131yor; bug\u00fcne kadar termik santraller yakla\u015f\u0131k 200 bin erken \u00f6l\u00fcme neden oldu. K\u00f6m\u00fcr te\u015fvikleri, bu sa\u011fl\u0131k sorunlar\u0131n\u0131 kal\u0131c\u0131 hale getiriyor. Santrallerin k\u00fcl depolama alanlar\u0131 ve maden at\u0131klar\u0131, topra\u011f\u0131 ve su kaynaklar\u0131n\u0131 kirleterek ekosistemlere geri d\u00f6n\u00fc\u015f\u00fc olmayan kal\u0131c\u0131 zarar veriyor ve g\u0131da g\u00fcvenli\u011fini tehdit ediyor.<\/p>\n<p>T\u00fcrkiye\u2019nin iklim hedefleriyle \u00e7eli\u015fiyor: T\u00fcrkiye\u2019nin 2053 net s\u0131f\u0131r hedefi, k\u00f6m\u00fcre yap\u0131lan yat\u0131r\u0131mlar\u0131n s\u00fcrmesiyle temelden \u00e7eli\u015fiyor. Bu yeni te\u015fvikler, T\u00fcrkiye\u2019yi iklim taahh\u00fctlerinde g\u00fcvenilmez bir akt\u00f6r olarak g\u00f6sterme ve \u00fclkenin uluslararas\u0131 iklim finans\u00f6rleri ve yat\u0131r\u0131mc\u0131lar nezdindeki g\u00fcvenilirli\u011fini zedeleme riski ta\u015f\u0131yor.<\/p>\n<h3><strong>\u00c7a\u011fr\u0131m\u0131z net:<\/strong><\/h3>\n<p>&#8211;\u00a0 K\u00f6m\u00fcr b\u00f6lgelerinde i\u015f\u00e7ilerin ve yerel halk\u0131n gelece\u011fini g\u00fcvence alt\u0131na alacak adil d\u00f6n\u00fc\u015f\u00fcm mekanizmalar\u0131 hayata ge\u00e7irilmeli.<br \/>\n&#8211; T\u00fcrkiye, acilen k\u00f6m\u00fcrden \u00e7\u0131k\u0131\u015f plan\u0131n\u0131 a\u00e7\u0131klamal\u0131.<br \/>\n&#8211; K\u00f6m\u00fcre te\u015fvik yerine, halk\u0131n faturalar\u0131n\u0131 d\u00fc\u015f\u00fcrecek, sa\u011fl\u0131kl\u0131 ya\u015fam\u0131 garanti alt\u0131na alacak temiz enerji politikalar\u0131 uygulanmal\u0131.<\/p>\n<h3><strong>\u0130klim A\u011f\u0131 \u00fcyeleri:<\/strong><\/h3>\n<p>&#8211; Bu\u011fday Ekolojik Ya\u015fam\u0131 Destekleme Derne\u011fi<\/p>\n<p>&#8211; CAN Europe (Avrupa \u0130klim Eylem A\u011f\u0131)<\/p>\n<p>&#8211; ClientEarth<\/p>\n<p>&#8211; Do\u011fa Derne\u011fi<\/p>\n<p>&#8211; Greenpeace T\u00fcrkiye<\/p>\n<p>&#8211; Hukuk Do\u011fa ve Toplum Vakf\u0131 (HUDOTO)<\/p>\n<p>&#8211; \u0130klim De\u011fi\u015fikli\u011fi Politika ve Ara\u015ft\u0131rma Derne\u011fi (\u0130DPAD)<\/p>\n<p>&#8211; \u0130klim i\u00e7in 350 Derne\u011fi (350 T\u00fcrkiye)<\/p>\n<p>&#8211; Mekanda Adalet Derne\u011fi (MAD)<\/p>\n<p>&#8211; S\u00fcrd\u00fcr\u00fclebilir Ekonomi ve Finans Ara\u015ft\u0131rmalar\u0131 Derne\u011fi (SEFiA)<\/p>\n<p>&#8211; Temiz Hava Hakk\u0131 Derne\u011fi (THHD)<\/p>\n<p>&#8211; T\u00fcretim Ekonomisi Derne\u011fi<\/p>\n<p>&#8211; TEMA, T\u00fcrkiye Erozyonla M\u00fccadele, A\u011fa\u00e7land\u0131rma ve Do\u011fal Varl\u0131klar\u0131 Koruma Vakf\u0131<\/p>\n<p>&#8211; WWF-T\u00fcrkiye (Do\u011fal Hayat\u0131 Koruma Vakf\u0131)<\/p>\n<p>&#8211; Ye\u015fil D\u00fc\u015f\u00fcnce Derne\u011fi (YDD)<\/p>\n<p>&nbsp;<\/p>\n<p>Yay\u0131na Alan: Alperen ERTA\u015e-<a href=\"http:\/\/alperen.ertas@enerjigazetesi.ist\">alperen.ertas@enerjigazetesi.ist<\/a><\/p>","protected":false},"excerpt":{"rendered":"<p>Sorry, this entry is only available in Turkish. For the sake of viewer convenience, the content is shown below in the alternative language. You may click the link to switch the active language. \u0130klim A\u011f\u0131 yapt\u0131\u011f\u0131 ortak a\u00e7\u0131klamada yeni te\u015fvik paketinin kirletici \u015firketlerin k\u00e2r\u0131n\u0131 art\u0131rmaya devam ederek temiz enerjinin yayg\u0131nla\u015fmas\u0131n\u0131 engelledi\u011fini ve halk\u0131n sa\u011fl\u0131\u011f\u0131 ile [&hellip;]<\/p>\n","protected":false},"author":19,"featured_media":201453,"comment_status":"open","ping_status":"open","sticky":false,"template":"","format":"standard","meta":[],"categories":[51,53,24649],"tags":[4615,117471,117470,842,31931],"views":19,"_links":{"self":[{"href":"https:\/\/www.enerjigazetesi.ist\/en\/wp-json\/wp\/v2\/posts\/201452"}],"collection":[{"href":"https:\/\/www.enerjigazetesi.ist\/en\/wp-json\/wp\/v2\/posts"}],"about":[{"href":"https:\/\/www.enerjigazetesi.ist\/en\/wp-json\/wp\/v2\/types\/post"}],"author":[{"embeddable":true,"href":"https:\/\/www.enerjigazetesi.ist\/en\/wp-json\/wp\/v2\/users\/19"}],"replies":[{"embeddable":true,"href":"https:\/\/www.enerjigazetesi.ist\/en\/wp-json\/wp\/v2\/comments?post=201452"}],"version-history":[{"count":0,"href":"https:\/\/www.enerjigazetesi.ist\/en\/wp-json\/wp\/v2\/posts\/201452\/revisions"}],"wp:featuredmedia":[{"embeddable":true,"href":"https:\/\/www.enerjigazetesi.ist\/en\/wp-json\/wp\/v2\/media\/201453"}],"wp:attachment":[{"href":"https:\/\/www.enerjigazetesi.ist\/en\/wp-json\/wp\/v2\/media?parent=201452"}],"wp:term":[{"taxonomy":"category","embeddable":true,"href":"https:\/\/www.enerjigazetesi.ist\/en\/wp-json\/wp\/v2\/categories?post=201452"},{"taxonomy":"post_tag","embeddable":true,"href":"https:\/\/www.enerjigazetesi.ist\/en\/wp-json\/wp\/v2\/tags?post=201452"}],"curies":[{"name":"wp","href":"https:\/\/api.w.org\/{rel}","templated":true}]}}