{"id":20145,"date":"2013-12-30T18:09:35","date_gmt":"2013-12-30T15:09:35","guid":{"rendered":"https:\/\/www.enerjigazetesi.ist\/?p=20145"},"modified":"2013-12-30T18:09:45","modified_gmt":"2013-12-30T15:09:45","slug":"guneydoguda-borcunu-odemeyen-217-bin-abonenin-elektrigi-kesilecek","status":"publish","type":"post","link":"https:\/\/www.enerjigazetesi.ist\/en\/guneydoguda-borcunu-odemeyen-217-bin-abonenin-elektrigi-kesilecek\/","title":{"rendered":"(Turkish) G\u00fcneydo\u011fu\u2019da Borcunu \u00d6demeyen 217 Bin Abonenin Elektri\u011fi Kesilecek&#8230;"},"content":{"rendered":"<p class=\"qtranxs-available-languages-message qtranxs-available-languages-message-en\">Sorry, this entry is only available in <a href=\"https:\/\/www.enerjigazetesi.ist\/tr\/wp-json\/wp\/v2\/posts\/20145\" class=\"qtranxs-available-language-link qtranxs-available-language-link-tr\" title=\"Turkish\">Turkish<\/a>. For the sake of viewer convenience, the content is shown below in the alternative language. You may click the link to switch the active language.<\/p><p><strong>Dicle Elektrik Da\u011f\u0131t\u0131m A.\u015e.\u2019ye, (DEDA\u015e) ba\u011fl\u0131 Dicle Elektrik Perakende Sat\u0131\u015f \u015eirketi, (DEPSA\u015e), Diyarbak\u0131r, \u015eanl\u0131urfa, Batman, Mardin, Siirt ve \u015e\u0131rnak\u2019ta elektrik borcunu \u00f6demeyen aralar\u0131nda kamu kurulu\u015flar\u0131n\u0131n da bulundu\u011fu 217 bin abonenin elektri\u011fini kesecek.<\/strong><\/p>\n<h2>T\u00fcrk\u00e7e-K\u00fcrt\u00e7e afi\u015fler as\u0131ld\u0131<\/h2>\n<p>\u015eirket, elektrik saya\u00e7lar\u0131n\u0131n \u00fccretsiz de\u011fi\u015ftirilece\u011fini kentlerde billboardlara T\u00fcrk\u00e7e ve K\u00fcrt\u00e7e afi\u015fler asarak duyurdu. DEPSA\u015e, abonolerin biriken elektrik bor\u00e7lar\u0131n\u0131 \u00f6demesi i\u00e7in 31 Aral\u0131k 2013 tarihine kadar faiz aff\u0131 kampanyas\u0131 uygulad\u0131\u011f\u0131n\u0131<a href=\"https:\/\/www.enerjigazetesi.ist\/wp-content\/uploads\/2013\/12\/guneydoguda-borcunu-odemeyen-217-bin-abonenin-elektrigi-kesilecek.jpg\"><img loading=\"lazy\" class=\"alignright size-medium wp-image-20146\" title=\"guneydoguda-borcunu-odemeyen-217-bin-abonenin-elektrigi-kesilecek\" src=\"https:\/\/www.enerjigazetesi.ist\/wp-content\/uploads\/2013\/12\/guneydoguda-borcunu-odemeyen-217-bin-abonenin-elektrigi-kesilecek-300x211.jpg\" alt=\"\" width=\"300\" height=\"211\" srcset=\"https:\/\/www.enerjigazetesi.ist\/wp-content\/uploads\/2013\/12\/guneydoguda-borcunu-odemeyen-217-bin-abonenin-elektrigi-kesilecek-300x211.jpg 300w, https:\/\/www.enerjigazetesi.ist\/wp-content\/uploads\/2013\/12\/guneydoguda-borcunu-odemeyen-217-bin-abonenin-elektrigi-kesilecek-500x352.jpg 500w, https:\/\/www.enerjigazetesi.ist\/wp-content\/uploads\/2013\/12\/guneydoguda-borcunu-odemeyen-217-bin-abonenin-elektrigi-kesilecek-70x50.jpg 70w, https:\/\/www.enerjigazetesi.ist\/wp-content\/uploads\/2013\/12\/guneydoguda-borcunu-odemeyen-217-bin-abonenin-elektrigi-kesilecek.jpg 505w\" sizes=\"(max-width: 300px) 100vw, 300px\" \/><\/a> bildirdi. Kampanya, y\u00fcz binlerce aboneye mektup ve SMS ile bildirildi.<\/p>\n<p>Kampanyan\u0131n son ermesine k\u0131sa s\u00fcre kala \u015firket, kampanya s\u00fcresince borcunu \u00f6dememekte direndi\u011fini saptad\u0131\u011f\u0131 6 ildeki 217 bin abonenin elektri\u011finin kesilece\u011fini a\u00e7\u0131klad\u0131.<\/p>\n<p>DEPSA\u015e, elektri\u011fi kesilen abonelerin, borcunu \u00f6demeden m\u00fch\u00fcrleri k\u0131rarak enerji almaya devam etme al\u0131\u015fkanl\u0131\u011f\u0131n\u0131n dikkat \u00e7ekici boyutlarda bulundu\u011funu, bu yola ba\u015fvuran aboneler ve yasal olmayan bi\u00e7imde sayaca m\u00fcdahalede bulunanlar\u0131n can g\u00fcvenliklerini de tehlikeye soktu\u011fu vurguland\u0131. Abonelerin kay\u0131t d\u0131\u015f\u0131 \u2018ka\u00e7ak yollarla\u2019 elektrik kullanarak \u2018kar\u015f\u0131l\u0131ks\u0131z yararlanma\u2019 su\u00e7u i\u015flemekten hapis cezas\u0131 dahi alabildi\u011fi belirtildi\u011fi a\u00e7\u0131klamada, \u201cS\u00f6z konusu aboneler bununla birlikte parasal m\u00fceyyideler ve \u2018kamusal haklardan men\u2019 ile sonu\u00e7lanan cezalarla da kar\u015f\u0131 kar\u015f\u0131ya kalabiliyor\u201d denildi.<\/p>\n<h2>Aralar\u0131nda kamu kurumlar\u0131 da var<\/h2>\n<p>\u00d6zelle\u015ftirme \u00f6ncesi yeterince uygulanmayan bu m\u00fceyyidelerin uygulanmas\u0131 i\u00e7in s\u00fcreci tavizsiz bi\u00e7imde i\u015fletme karar\u0131 ald\u0131\u011f\u0131 belirtilen a\u00e7\u0131klamada \u015funlar yer ald\u0131: \u201cBunun i\u00e7in hukuk b\u00fcrolar\u0131 ve avukatlarla kapsaml\u0131 anla\u015fmalar imzaland\u0131. Bu do\u011frultuda, aralar\u0131nda belediye, k\u00f6y i\u00e7me sular\u0131, resmi ve kamu kurumlar\u0131, \u015firket, ticarethane ve meskenlerin bulundu\u011fu abonelerin enerji kesintisinin k\u0131\u015f ortas\u0131nda ma\u011fduriyetlere yol a\u00e7mamas\u0131 i\u00e7in herkesin y\u00fck\u00fcml\u00fcl\u00fcklerini yerine getirmesi uyar\u0131s\u0131nda bulunuldu.<\/p>\n<p>DEPSA\u015e, borcunu \u00f6dememekte direnen ve kay\u0131t d\u0131\u015f\u0131 elektrik enerjisi kullanma al\u0131\u015fkanl\u0131\u011f\u0131ndan vazge\u00e7meyen abonelere y\u00f6nelik olarak b\u00f6lge genelinde ba\u015flataca\u011f\u0131 enerji kesme uygulamas\u0131na 1 Ocak\u2019tan itibaren ba\u015flayacak. K\u0131sa s\u00fcrede tamamlanmas\u0131 beklenen bor\u00e7lu 217 bin abonenin elektri\u011fini kesme i\u015flemini Dicle Elektrik Da\u011f\u0131t\u0131m A.\u015e. ( DEDA\u015e) ekipleri Ger\u00e7ekle\u015ftirecek. Bu uygulama, borcunu d\u00fczenli \u00f6deyen abonelere kaliteli ve kesintisiz enerji sa\u011flamay\u0131 da ama\u00e7l\u0131yor.\u201d<\/p>\n<p>DEPSA\u015e abonelerin elektrik saya\u00e7lar\u0131n\u0131n yenilenmesi i\u00e7in de bir dizi \u00f6nlem ald\u0131. Abonelerine bu konuda \u00e7a\u011fr\u0131da bulunan \u015firket, kentlerde bilboardlara T\u00fcrk\u00e7e ve K\u00fcrt\u00e7e olarak, \u201cYeni bir sayfa a\u00e7al\u0131m. Elektrik sayac\u0131n\u0131z\u0131 \u00fccretsiz de\u011fi\u015ftirelim. Sorunlu sayac\u0131n\u0131z nedeniyle ceza \u00f6demeyin\u201d yaz\u0131l\u0131 afi\u015fler ast\u0131.<\/p>\n<p>Kaynak: <a href=\"http:\/\/enerjienstitusu.com\/2013\/12\/30\/guneydoguda-borcunu-odemeyen-217-bin-abonenin-elektrigi-kesilecek\/\" target=\"_blank\">Enerji Enstit\u00fcs\u00fc<\/a><\/p>","protected":false},"excerpt":{"rendered":"<p>Sorry, this entry is only available in Turkish. For the sake of viewer convenience, the content is shown below in the alternative language. You may click the link to switch the active language.Dicle Elektrik Da\u011f\u0131t\u0131m A.\u015e.\u2019ye, (DEDA\u015e) ba\u011fl\u0131 Dicle Elektrik Perakende Sat\u0131\u015f \u015eirketi, (DEPSA\u015e), Diyarbak\u0131r, \u015eanl\u0131urfa, Batman, Mardin, Siirt ve \u015e\u0131rnak\u2019ta elektrik borcunu \u00f6demeyen aralar\u0131nda [&hellip;]<\/p>\n","protected":false},"author":1,"featured_media":20146,"comment_status":"open","ping_status":"open","sticky":false,"template":"","format":"standard","meta":[],"categories":[51,53],"tags":[2793,11725,11727,3002,11726,671,68,1098,61,11728,63,67,1009,165,7105,2097,5196,4908],"views":905,"_links":{"self":[{"href":"https:\/\/www.enerjigazetesi.ist\/en\/wp-json\/wp\/v2\/posts\/20145"}],"collection":[{"href":"https:\/\/www.enerjigazetesi.ist\/en\/wp-json\/wp\/v2\/posts"}],"about":[{"href":"https:\/\/www.enerjigazetesi.ist\/en\/wp-json\/wp\/v2\/types\/post"}],"author":[{"embeddable":true,"href":"https:\/\/www.enerjigazetesi.ist\/en\/wp-json\/wp\/v2\/users\/1"}],"replies":[{"embeddable":true,"href":"https:\/\/www.enerjigazetesi.ist\/en\/wp-json\/wp\/v2\/comments?post=20145"}],"version-history":[{"count":3,"href":"https:\/\/www.enerjigazetesi.ist\/en\/wp-json\/wp\/v2\/posts\/20145\/revisions"}],"predecessor-version":[{"id":20149,"href":"https:\/\/www.enerjigazetesi.ist\/en\/wp-json\/wp\/v2\/posts\/20145\/revisions\/20149"}],"wp:featuredmedia":[{"embeddable":true,"href":"https:\/\/www.enerjigazetesi.ist\/en\/wp-json\/wp\/v2\/media\/20146"}],"wp:attachment":[{"href":"https:\/\/www.enerjigazetesi.ist\/en\/wp-json\/wp\/v2\/media?parent=20145"}],"wp:term":[{"taxonomy":"category","embeddable":true,"href":"https:\/\/www.enerjigazetesi.ist\/en\/wp-json\/wp\/v2\/categories?post=20145"},{"taxonomy":"post_tag","embeddable":true,"href":"https:\/\/www.enerjigazetesi.ist\/en\/wp-json\/wp\/v2\/tags?post=20145"}],"curies":[{"name":"wp","href":"https:\/\/api.w.org\/{rel}","templated":true}]}}