{"id":201448,"date":"2025-10-31T20:06:41","date_gmt":"2025-10-31T17:06:41","guid":{"rendered":"https:\/\/www.enerjigazetesi.ist\/?p=201448"},"modified":"2025-10-31T20:06:41","modified_gmt":"2025-10-31T17:06:41","slug":"gulermak-renewablestan-iskocyada-35-milyon-sterlinlik-enerji-yatirimi","status":"publish","type":"post","link":"https:\/\/www.enerjigazetesi.ist\/en\/gulermak-renewablestan-iskocyada-35-milyon-sterlinlik-enerji-yatirimi\/","title":{"rendered":"(Turkish) G\u00fclermak Renewables\u2019tan \u0130sko\u00e7ya\u2019da 3,5 Milyon Sterlin\u2019lik Enerji Yat\u0131r\u0131m\u0131"},"content":{"rendered":"<p class=\"qtranxs-available-languages-message qtranxs-available-languages-message-en\">Sorry, this entry is only available in <a href=\"https:\/\/www.enerjigazetesi.ist\/tr\/wp-json\/wp\/v2\/posts\/201448\" class=\"qtranxs-available-language-link qtranxs-available-language-link-tr\" title=\"Turkish\">Turkish<\/a>. For the sake of viewer convenience, the content is shown below in the alternative language. You may click the link to switch the active language.<\/p><p><\/p>\n<h2><strong>K\u00fcresel \u00e7apta multidisipliner (\u00e7okalanl\u0131) altyap\u0131 ve \u00fcstyap\u0131 taahh\u00fct projeleri ger\u00e7ekle\u015ftiren G\u00fclermak\u2019\u0131n \u0130ngiltere\u2019de mukim y\u00fczde 100 ba\u011fl\u0131 ortakl\u0131\u011f\u0131 G\u00fclermak Renewables, \u0130ngiltere ve Avrupa\u2019daki faaliyetlerini yeni bir yat\u0131r\u0131mla g\u00fc\u00e7lendirdi.\u00a0 G\u00fclermak Renewables\u2019\u0131n y\u00fczde 100 hissesini 3 milyon 494 bin sterline sat\u0131n ald\u0131\u011f\u0131 Corshellach Energy Storage Ltd. \u015firketinin \u0130sko\u00e7ya\u2019n\u0131n Moray b\u00f6lgesinde yer alan Corshellach Enerji Depolama Projesi kapsam\u0131nda 49,9 MW g\u00fcc\u00fcnde elektrik depolama tesisi kurmak i\u00e7in planlama izni bulunuyor.<\/strong><\/h2>\n<p><img loading=\"lazy\" class=\"aligncenter wp-image-201449 size-full\" src=\"https:\/\/www.enerjigazetesi.ist\/wp-content\/uploads\/2025\/10\/Gulermak.jpg\" alt=\"\" width=\"550\" height=\"442\" srcset=\"https:\/\/www.enerjigazetesi.ist\/wp-content\/uploads\/2025\/10\/Gulermak.jpg 550w, https:\/\/www.enerjigazetesi.ist\/wp-content\/uploads\/2025\/10\/Gulermak-300x241.jpg 300w, https:\/\/www.enerjigazetesi.ist\/wp-content\/uploads\/2025\/10\/Gulermak-498x400.jpg 498w, https:\/\/www.enerjigazetesi.ist\/wp-content\/uploads\/2025\/10\/Gulermak-62x50.jpg 62w, https:\/\/www.enerjigazetesi.ist\/wp-content\/uploads\/2025\/10\/Gulermak-500x402.jpg 500w\" sizes=\"(max-width: 550px) 100vw, 550px\" \/><\/p>\n<p>Ad\u0131n\u0131 yurt i\u00e7i ve yurt d\u0131\u015f\u0131nda ger\u00e7ekle\u015ftirdi\u011fi b\u00fcy\u00fck \u00e7apl\u0131 altyap\u0131 ve \u00fcstyap\u0131 projeleriyle duyuran G\u00fclermak\u2019\u0131n y\u00fczde 100 ba\u011fl\u0131 ortakl\u0131\u011f\u0131 G\u00fclermak Renewables, RES UK &amp; Ireland Limited\u2019e ait Corshellach Energy Storage Ltd. \u015firketinin y\u00fczde 100\u2019\u00fcn\u00fc 3 milyon 494 bin \u0130ngiliz Sterlini (196 milyon 720 bin 236 TL) kar\u015f\u0131l\u0131\u011f\u0131nda sat\u0131n ald\u0131. Corshellach Energy Storage Ltd. \u015firketinin \u0130sko\u00e7ya\u2019n\u0131n Moray b\u00f6lgesinde yer alan Corshellach Enerji Depolama Projesi kapsam\u0131nda 49,9 MW g\u00fcc\u00fcnde elektrik depolama tesisi kurmak i\u00e7in planlama izni bulunuyor.<\/p>\n<div id=\"attachment_201450\" style=\"width: 560px\" class=\"wp-caption aligncenter\"><img aria-describedby=\"caption-attachment-201450\" loading=\"lazy\" class=\"wp-image-201450 size-full\" src=\"https:\/\/www.enerjigazetesi.ist\/wp-content\/uploads\/2025\/10\/CEO_Turkekul-Dogan.jpg\" alt=\"\" width=\"550\" height=\"437\" srcset=\"https:\/\/www.enerjigazetesi.ist\/wp-content\/uploads\/2025\/10\/CEO_Turkekul-Dogan.jpg 550w, https:\/\/www.enerjigazetesi.ist\/wp-content\/uploads\/2025\/10\/CEO_Turkekul-Dogan-300x238.jpg 300w, https:\/\/www.enerjigazetesi.ist\/wp-content\/uploads\/2025\/10\/CEO_Turkekul-Dogan-500x397.jpg 500w, https:\/\/www.enerjigazetesi.ist\/wp-content\/uploads\/2025\/10\/CEO_Turkekul-Dogan-63x50.jpg 63w\" sizes=\"(max-width: 550px) 100vw, 550px\" \/><p id=\"caption-attachment-201450\" class=\"wp-caption-text\">G\u00fclermak Renewables CEO\u2019su T\u00fcrkekul Do\u011fan<\/p><\/div>\n<h3><strong>S\u00fcrd\u00fcr\u00fclebilir ve dayan\u0131kl\u0131 enerji sistemine ge\u00e7i\u015fi h\u0131zland\u0131racak<\/strong><\/h3>\n<p>Corshellach Enerji Depolama Projesi faaliyete ge\u00e7ti\u011finde, ihtiya\u00e7tan fazla \u00fcretilen yenilenebilir enerjiyi depolay\u0131p talebin y\u00fcksek oldu\u011fu d\u00f6nemlerde \u015febekeye geri vererek \u0130ngiltere\u2019nin elektrik sistemine katk\u0131 sa\u011flayacak. \u015eebeke istikrar\u0131n\u0131 destekleyen tamamlay\u0131c\u0131 hizmetler de sunacak olan \u015firket, daha s\u00fcrd\u00fcr\u00fclebilir, dayan\u0131kl\u0131 bir enerji sistemine ge\u00e7i\u015fi h\u0131zland\u0131racak.<\/p>\n<h3><strong>Avrupa\u2019daki portf\u00f6y\u00fcm\u00fcz geni\u015fliyor<\/strong><\/h3>\n<p><strong>G\u00fclermak Renewables CEO\u2019su T\u00fcrkekul Do\u011fan,<\/strong> bu sat\u0131n alman\u0131n G\u00fclermak Renewables\u2019\u0131n \u0130ngiltere\u2019deki varl\u0131\u011f\u0131n\u0131 g\u00fc\u00e7lendirirken temiz enerji altyap\u0131s\u0131na y\u00f6nelik yat\u0131r\u0131mlar\u0131n\u0131 geni\u015fletme stratejisinde \u00f6nemli bir rol oynad\u0131\u011f\u0131n\u0131 belirterek<em> \u201cAyn\u0131 zamanda Avrupa genelinde yenilenebilir enerji ve depolama portf\u00f6y\u00fcm\u00fcz\u00fc geni\u015fletme yolunda heyecan verici bir d\u00f6n\u00fcm noktas\u0131\u201d<\/em> dedi. Sn. Do\u011fan, G\u00fclermak Renewables\u2019\u0131n, g\u00fcvenilir ve s\u00fcrd\u00fcr\u00fclebilir altyap\u0131 \u00e7\u00f6z\u00fcmleriyle temiz enerji hedeflerini destekleme yolculu\u011funa kararl\u0131l\u0131kla devam edece\u011fini de s\u00f6zlerine ekledi.<\/p>\n<p>Yay\u0131na Alan: Alperen ERTA\u015e-<a href=\"http:\/\/alperen.ertas@enerjigazetesi.ist\">alperen.ertas@enerjigazetesi.ist<\/a><\/p>","protected":false},"excerpt":{"rendered":"<p>Sorry, this entry is only available in Turkish. For the sake of viewer convenience, the content is shown below in the alternative language. You may click the link to switch the active language. K\u00fcresel \u00e7apta multidisipliner (\u00e7okalanl\u0131) altyap\u0131 ve \u00fcstyap\u0131 taahh\u00fct projeleri ger\u00e7ekle\u015ftiren G\u00fclermak\u2019\u0131n \u0130ngiltere\u2019de mukim y\u00fczde 100 ba\u011fl\u0131 ortakl\u0131\u011f\u0131 G\u00fclermak Renewables, \u0130ngiltere ve Avrupa\u2019daki [&hellip;]<\/p>\n","protected":false},"author":19,"featured_media":201449,"comment_status":"open","ping_status":"open","sticky":false,"template":"","format":"standard","meta":[],"categories":[51,53],"tags":[117467,117468,117469,117465,117466],"views":6,"_links":{"self":[{"href":"https:\/\/www.enerjigazetesi.ist\/en\/wp-json\/wp\/v2\/posts\/201448"}],"collection":[{"href":"https:\/\/www.enerjigazetesi.ist\/en\/wp-json\/wp\/v2\/posts"}],"about":[{"href":"https:\/\/www.enerjigazetesi.ist\/en\/wp-json\/wp\/v2\/types\/post"}],"author":[{"embeddable":true,"href":"https:\/\/www.enerjigazetesi.ist\/en\/wp-json\/wp\/v2\/users\/19"}],"replies":[{"embeddable":true,"href":"https:\/\/www.enerjigazetesi.ist\/en\/wp-json\/wp\/v2\/comments?post=201448"}],"version-history":[{"count":0,"href":"https:\/\/www.enerjigazetesi.ist\/en\/wp-json\/wp\/v2\/posts\/201448\/revisions"}],"wp:featuredmedia":[{"embeddable":true,"href":"https:\/\/www.enerjigazetesi.ist\/en\/wp-json\/wp\/v2\/media\/201449"}],"wp:attachment":[{"href":"https:\/\/www.enerjigazetesi.ist\/en\/wp-json\/wp\/v2\/media?parent=201448"}],"wp:term":[{"taxonomy":"category","embeddable":true,"href":"https:\/\/www.enerjigazetesi.ist\/en\/wp-json\/wp\/v2\/categories?post=201448"},{"taxonomy":"post_tag","embeddable":true,"href":"https:\/\/www.enerjigazetesi.ist\/en\/wp-json\/wp\/v2\/tags?post=201448"}],"curies":[{"name":"wp","href":"https:\/\/api.w.org\/{rel}","templated":true}]}}