{"id":201440,"date":"2025-10-31T19:33:09","date_gmt":"2025-10-31T16:33:09","guid":{"rendered":"https:\/\/www.enerjigazetesi.ist\/?p=201440"},"modified":"2025-10-31T19:33:09","modified_gmt":"2025-10-31T16:33:09","slug":"kamu-muhendisleri-turkiyenin-gelecegini-insa-ediyor","status":"publish","type":"post","link":"https:\/\/www.enerjigazetesi.ist\/en\/kamu-muhendisleri-turkiyenin-gelecegini-insa-ediyor\/","title":{"rendered":"(Turkish) Kamu M\u00fchendisleri T\u00fcrkiye&#8217;nin Gelece\u011fini \u0130n\u015fa Ediyor"},"content":{"rendered":"<p class=\"qtranxs-available-languages-message qtranxs-available-languages-message-en\">Sorry, this entry is only available in <a href=\"https:\/\/www.enerjigazetesi.ist\/tr\/wp-json\/wp\/v2\/posts\/201440\" class=\"qtranxs-available-language-link qtranxs-available-language-link-tr\" title=\"Turkish\">Turkish<\/a>. For the sake of viewer convenience, the content is shown below in the alternative language. You may click the link to switch the active language.<\/p><p><\/p>\n<h2><strong>T\u00fcrkiye\u2019de son y\u0131llarda hayata ge\u00e7irilen k\u00f6pr\u00fcler, t\u00fcneller, havalimanlar\u0131, enerji tesisleri ve rayl\u0131 sistemler, \u00fclkenin altyap\u0131 ve \u00fcstyap\u0131 kapasitesini d\u00f6n\u00fc\u015ft\u00fcr\u00fcyor. Kamu m\u00fchendisleri ve teknik personelin bilgi, koordinasyon ve \u00e7\u00f6z\u00fcm \u00fcretme becerileriyle mega projelerin planlanmas\u0131ndan uygulanmas\u0131na kadar her a\u015famada kritik g\u00f6revler \u00fcstlendi\u011fini s\u00f6yleyen M\u00fchendis Tek-Sen ENERJ\u0130 Sendikas\u0131 Ba\u015fkan\u0131 M\u00fcmin G\u00fcler, \u201cBu projeler ayr\u0131ca T\u00fcrkiye\u2019nin kalk\u0131nma hedeflerinin ger\u00e7ekle\u015fmesinde belirleyici bir rol oynuyor\u201d dedi.<\/strong><\/h2>\n<p><strong> <img loading=\"lazy\" class=\"aligncenter wp-image-201441 size-full\" src=\"https:\/\/www.enerjigazetesi.ist\/wp-content\/uploads\/2025\/10\/MuhendisTekSen_LOGO.jpg\" alt=\"\" width=\"550\" height=\"309\" srcset=\"https:\/\/www.enerjigazetesi.ist\/wp-content\/uploads\/2025\/10\/MuhendisTekSen_LOGO.jpg 550w, https:\/\/www.enerjigazetesi.ist\/wp-content\/uploads\/2025\/10\/MuhendisTekSen_LOGO-300x169.jpg 300w, https:\/\/www.enerjigazetesi.ist\/wp-content\/uploads\/2025\/10\/MuhendisTekSen_LOGO-500x281.jpg 500w, https:\/\/www.enerjigazetesi.ist\/wp-content\/uploads\/2025\/10\/MuhendisTekSen_LOGO-80x45.jpg 80w\" sizes=\"(max-width: 550px) 100vw, 550px\" \/><\/strong><\/p>\n<p>T\u00fcrkiye, son 20 y\u0131lda hayata ge\u00e7irilen b\u00fcy\u00fck altyap\u0131 ve \u00fcstyap\u0131 projeleriyle dikkat \u00e7eken bir d\u00f6n\u00fc\u015f\u00fcm s\u00fcrecinden ge\u00e7iyor. K\u00f6pr\u00fcler, t\u00fcneller, limanlar, havalimanlar\u0131, \u015fehir hastaneleri, enerji santralleri ve rayl\u0131 sistemler kamu m\u00fchendislerinin bilgi birikimi, \u00e7\u00f6z\u00fcm \u00fcretme yetene\u011fi ve sorumluluk bilinciyle in\u015fa edilen gelecek vizyonunun sembol\u00fc haline geliyor. Bu mega projelerin arkas\u0131ndaki eme\u011fi ve disiplinli \u00e7al\u0131\u015fmay\u0131 g\u00f6r\u00fcn\u00fcr k\u0131lmay\u0131, kamu m\u00fchendisleri ile teknik personelin hak ettikleri maa\u015f ve stat\u00fcye ula\u015fmalar\u0131n\u0131 hedefleyen M\u00fchendis Tek-Sen ENERJ\u0130 Sendikas\u0131, \u00fcyeleriyle birlikte T\u00fcrkiye\u2019nin s\u00fcrd\u00fcr\u00fclebilir kalk\u0131nma hedeflerini hayata ge\u00e7iren temel akt\u00f6rler olarak g\u00f6rev al\u0131yor.<\/p>\n<div id=\"attachment_201442\" style=\"width: 560px\" class=\"wp-caption aligncenter\"><img aria-describedby=\"caption-attachment-201442\" loading=\"lazy\" class=\"wp-image-201442 size-full\" src=\"https:\/\/www.enerjigazetesi.ist\/wp-content\/uploads\/2025\/10\/Muhendis_Tek_Sen_Enerji_Sendikasi_Genel_Baskani_Mumin_Gulerjpg.jpg\" alt=\"\" width=\"550\" height=\"422\" srcset=\"https:\/\/www.enerjigazetesi.ist\/wp-content\/uploads\/2025\/10\/Muhendis_Tek_Sen_Enerji_Sendikasi_Genel_Baskani_Mumin_Gulerjpg.jpg 550w, https:\/\/www.enerjigazetesi.ist\/wp-content\/uploads\/2025\/10\/Muhendis_Tek_Sen_Enerji_Sendikasi_Genel_Baskani_Mumin_Gulerjpg-300x230.jpg 300w, https:\/\/www.enerjigazetesi.ist\/wp-content\/uploads\/2025\/10\/Muhendis_Tek_Sen_Enerji_Sendikasi_Genel_Baskani_Mumin_Gulerjpg-500x384.jpg 500w, https:\/\/www.enerjigazetesi.ist\/wp-content\/uploads\/2025\/10\/Muhendis_Tek_Sen_Enerji_Sendikasi_Genel_Baskani_Mumin_Gulerjpg-65x50.jpg 65w, https:\/\/www.enerjigazetesi.ist\/wp-content\/uploads\/2025\/10\/Muhendis_Tek_Sen_Enerji_Sendikasi_Genel_Baskani_Mumin_Gulerjpg-260x200.jpg 260w\" sizes=\"(max-width: 550px) 100vw, 550px\" \/><p id=\"caption-attachment-201442\" class=\"wp-caption-text\">M\u00fchendis Tek-Sen ENERJ\u0130 Sendikas\u0131 Ba\u015fkan\u0131 M\u00fcmin G\u00fcler<\/p><\/div>\n<h3><strong>M\u00fchendislerin bilgi birikimi T\u00fcrkiye\u2019nin kalk\u0131nma hik\u00e2yesinin temelini olu\u015fturuyor<\/strong><\/h3>\n<p>M\u00fchendislik mesle\u011finin \u00fclke kalk\u0131nmas\u0131nda b\u00fcy\u00fck bir rol\u00fc oldu\u011funa dikkat \u00e7eken <strong>M\u00fchendis Tek-Sen ENERJ\u0130 Sendikas\u0131 Ba\u015fkan\u0131 M\u00fcmin G\u00fcler<\/strong>, stratejik ve mega projelerde m\u00fchendislik akl\u0131n\u0131n belirleyici bir g\u00fc\u00e7 haline geldi\u011fini ifade etti. Kamu m\u00fchendislerinin ve teknik personelin, \u00fclkenin geli\u015fimini planlayan, \u00fcreten ve s\u00fcrd\u00fcren bir yap\u0131n\u0131n par\u00e7as\u0131 oldu\u011funa dikkat \u00e7eken <strong>G\u00fcler<\/strong>, <em>\u201cEnerji, ula\u015ft\u0131rma ve altyap\u0131 yat\u0131r\u0131mlar\u0131ndan \u015fehir planlamas\u0131na ve \u00e7evre dostu projelere kadar uzanan geni\u015f bir yelpazede, m\u00fchendislerin bilgi birikimi T\u00fcrkiye\u2019nin kalk\u0131nma hik\u00e2yesinin temelini olu\u015fturuyor. D\u00e2hil oldu\u011fumuz t\u00fcm projelerde bilimin, eme\u011fin ve akl\u0131n izini ta\u015f\u0131yoruz. T\u00fcrkiye\u2019yi gelece\u011fe ta\u015f\u0131yan i\u015fler kamu m\u00fchendislerinin ellerinde y\u00fckseliyor. D\u00fcn oldu\u011fu gibi bug\u00fcn ve gelecekte de \u00fclkemizin gelece\u011fi i\u00e7in \u00e7al\u0131\u015fmaya devam edece\u011fiz. M\u00fchendis Tek-Sen ENERJ\u0130 Sendikas\u0131 olarak, kamu m\u00fchendislerinin ve teknik personelin eme\u011finin g\u00f6r\u00fcn\u00fcr k\u0131l\u0131nmas\u0131 i\u00e7in \u00e7al\u0131\u015f\u0131rken, mesleki sayg\u0131nl\u0131\u011f\u0131m\u0131z\u0131 art\u0131rmay\u0131 ve mega projelerde yer alarak T\u00fcrkiye\u2019nin s\u00fcrd\u00fcr\u00fclebilir kalk\u0131nma hedeflerine katk\u0131 sunmaya devam edece\u011fiz\u201d<\/em> dedi.<\/p>\n<p>Yay\u0131na Alan: Alperen ERTA\u015e-<a href=\"http:\/\/alperen.ertas@enerjigazetesi.ist\">alperen.ertas@enerjigazetesi.ist<\/a><\/p>","protected":false},"excerpt":{"rendered":"<p>Sorry, this entry is only available in Turkish. For the sake of viewer convenience, the content is shown below in the alternative language. You may click the link to switch the active language. T\u00fcrkiye\u2019de son y\u0131llarda hayata ge\u00e7irilen k\u00f6pr\u00fcler, t\u00fcneller, havalimanlar\u0131, enerji tesisleri ve rayl\u0131 sistemler, \u00fclkenin altyap\u0131 ve \u00fcstyap\u0131 kapasitesini d\u00f6n\u00fc\u015ft\u00fcr\u00fcyor. Kamu m\u00fchendisleri ve [&hellip;]<\/p>\n","protected":false},"author":19,"featured_media":201441,"comment_status":"open","ping_status":"open","sticky":false,"template":"","format":"standard","meta":[],"categories":[51,53],"tags":[67,28425,115798,86792,846],"views":13,"_links":{"self":[{"href":"https:\/\/www.enerjigazetesi.ist\/en\/wp-json\/wp\/v2\/posts\/201440"}],"collection":[{"href":"https:\/\/www.enerjigazetesi.ist\/en\/wp-json\/wp\/v2\/posts"}],"about":[{"href":"https:\/\/www.enerjigazetesi.ist\/en\/wp-json\/wp\/v2\/types\/post"}],"author":[{"embeddable":true,"href":"https:\/\/www.enerjigazetesi.ist\/en\/wp-json\/wp\/v2\/users\/19"}],"replies":[{"embeddable":true,"href":"https:\/\/www.enerjigazetesi.ist\/en\/wp-json\/wp\/v2\/comments?post=201440"}],"version-history":[{"count":0,"href":"https:\/\/www.enerjigazetesi.ist\/en\/wp-json\/wp\/v2\/posts\/201440\/revisions"}],"wp:featuredmedia":[{"embeddable":true,"href":"https:\/\/www.enerjigazetesi.ist\/en\/wp-json\/wp\/v2\/media\/201441"}],"wp:attachment":[{"href":"https:\/\/www.enerjigazetesi.ist\/en\/wp-json\/wp\/v2\/media?parent=201440"}],"wp:term":[{"taxonomy":"category","embeddable":true,"href":"https:\/\/www.enerjigazetesi.ist\/en\/wp-json\/wp\/v2\/categories?post=201440"},{"taxonomy":"post_tag","embeddable":true,"href":"https:\/\/www.enerjigazetesi.ist\/en\/wp-json\/wp\/v2\/tags?post=201440"}],"curies":[{"name":"wp","href":"https:\/\/api.w.org\/{rel}","templated":true}]}}